{"id":32868,"date":"2026-01-24T15:46:00","date_gmt":"2026-01-24T18:46:00","guid":{"rendered":"https:\/\/diariodocomercio.com.br\/mix\/?p=32868"},"modified":"2026-01-21T18:28:59","modified_gmt":"2026-01-21T21:28:59","slug":"terra-emite-um-som-assustador-no-espaco-ouca-o-audio-capturado-por-cientistas","status":"publish","type":"post","link":"https:\/\/diariodocomercio.com.br\/mix\/terra-emite-um-som-assustador-no-espaco-ouca-o-audio-capturado-por-cientistas\/","title":{"rendered":"Terra emite um som assustador no espa\u00e7o; ou\u00e7a o \u00e1udio capturado por cientistas"},"content":{"rendered":"\n<p>O campo magn\u00e9tico da <strong>Terra<\/strong>, uma estrutura vital e complexa, voltou a chamar a aten\u00e7\u00e3o devido \u00e0 simula\u00e7\u00e3o sonora que recria o Evento de Laschamps, ocorrido h\u00e1 cerca de 41 mil anos. Esta invers\u00e3o tempor\u00e1ria dos polos magn\u00e9ticos resultou em um colapso significativo do campo magn\u00e9tico terrestre, reduzindo sua for\u00e7a para apenas 5% da atual. Durante esse evento, a Terra ficou mais exposta a raios c\u00f3smicos, influenciando o clima de forma not\u00e1vel.<\/p>\n\n\n\n<p>A recria\u00e7\u00e3o sonora foi realizada atrav\u00e9s de uma colabora\u00e7\u00e3o entre a <strong>Ag\u00eancia Espacial Europeia <\/strong>(ESA) e a <strong>Universidade T\u00e9cnica da Dinamarca<\/strong>, utilizando dados da miss\u00e3o Swarm. Composta por tr\u00eas sat\u00e9lites, a miss\u00e3o coleta informa\u00e7\u00f5es magn\u00e9ticas de diversas partes da Terra, incluindo o n\u00facleo, manto, crosta e oceanos. Esses dados foram transformados em \u00e1udio, fornecendo uma representa\u00e7\u00e3o sonora dos processos de invers\u00e3o de polos.<\/p>\n\n\n\n<p>Os sons intensos e estalidos da simula\u00e7\u00e3o destacam a turbul\u00eancia durante o Evento de Laschamps, sem apelar para uma linguagem exagerada. Ao enfrentar a fragilidade do campo magn\u00e9tico, a penetra\u00e7\u00e3o de part\u00edculas c\u00f3smicas poderia ter afetado profundamente o clima e a vida terrestre naquele per\u00edodo.<\/p>\n\n\n\n<p><strong>Ou\u00e7a:<\/strong><\/p>\n\n\n\n<figure class=\"wp-block-embed is-type-video is-provider-youtube wp-block-embed-youtube wp-embed-aspect-16-9 wp-has-aspect-ratio\"><div class=\"wp-block-embed__wrapper\">\n<div class=\"jeg_video_container jeg_video_content\"><iframe loading=\"lazy\" title=\"Sound of Earth\u2019s magnetic flip 41 000 years ago \ud83c\udf0d\" width=\"500\" height=\"281\" src=\"https:\/\/www.youtube.com\/embed\/XSfRg1HnhxQ?feature=oembed\" frameborder=\"0\" allow=\"accelerometer; autoplay; clipboard-write; encrypted-media; gyroscope; picture-in-picture; web-share\" referrerpolicy=\"strict-origin-when-cross-origin\" allowfullscreen><\/iframe><\/div>\n<\/div><\/figure>\n\n\n\n<h2 class=\"wp-block-heading\">Contexto atual&nbsp;<\/h2>\n\n\n\n<p>Atualmente, a aten\u00e7\u00e3o volta-se para \u00e1reas como a Anomalia do Atl\u00e2ntico Sul, sobre o Brasil, onde o campo magn\u00e9tico \u00e9 mais fraco. Essa zona de fraqueza contribui para uma maior exposi\u00e7\u00e3o \u00e0 radia\u00e7\u00e3o c\u00f3smica, algo que necessita de constante monitoramento.<\/p>\n\n\n\n<p>A import\u00e2ncia de entender os padr\u00f5es e mudan\u00e7as do campo magn\u00e9tico \u00e9 crucial, especialmente no contexto crescente das altera\u00e7\u00f5es clim\u00e1ticas e atividade solar intensificada.<\/p>\n\n\n\n<p>As descobertas atuais t\u00eam potencial para ampliar o entendimento sobre a din\u00e2mica magn\u00e9tica do planeta e sua rela\u00e7\u00e3o com eventos geof\u00edsicos.<\/p>\n\n\n\n<p>O campo magn\u00e9tico atua como um <strong>escudo protetor <\/strong>contra radia\u00e7\u00f5es solares e c\u00f3smicas. O oceano de ferro l\u00edquido no n\u00facleo da Terra desempenha um papel crucial como gerador din\u00e2mico desse campo. Transformar dados t\u00e9cnicos em \u00e1udio oferece ao p\u00fablico uma compreens\u00e3o sensorial e acess\u00edvel desse complexo fen\u00f4meno natural.<\/p>\n","protected":false},"excerpt":{"rendered":"<p>Colabora\u00e7\u00e3o entre a ESA e a Universidade T\u00e9cnica da Dinamarca revelou \u00e1udio. Ou\u00e7a.<\/p>\n","protected":false},"author":12,"featured_media":12630,"comment_status":"closed","ping_status":"closed","sticky":false,"template":"","format":"standard","meta":{"jnews-multi-image_gallery":[],"jnews_single_post":{"format":"standard"},"jnews_primary_category":[],"jnews_social_meta":[],"jnews_override_counter":[],"jnews_post_split":[],"footnotes":""},"categories":[1],"tags":[],"class_list":["post-32868","post","type-post","status-publish","format-standard","has-post-thumbnail","hentry","category-geral"],"_referencia":"","_links":{"self":[{"href":"https:\/\/diariodocomercio.com.br\/mix\/wp-json\/wp\/v2\/posts\/32868","targetHints":{"allow":["GET"]}}],"collection":[{"href":"https:\/\/diariodocomercio.com.br\/mix\/wp-json\/wp\/v2\/posts"}],"about":[{"href":"https:\/\/diariodocomercio.com.br\/mix\/wp-json\/wp\/v2\/types\/post"}],"author":[{"embeddable":true,"href":"https:\/\/diariodocomercio.com.br\/mix\/wp-json\/wp\/v2\/users\/12"}],"replies":[{"embeddable":true,"href":"https:\/\/diariodocomercio.com.br\/mix\/wp-json\/wp\/v2\/comments?post=32868"}],"version-history":[{"count":1,"href":"https:\/\/diariodocomercio.com.br\/mix\/wp-json\/wp\/v2\/posts\/32868\/revisions"}],"predecessor-version":[{"id":32871,"href":"https:\/\/diariodocomercio.com.br\/mix\/wp-json\/wp\/v2\/posts\/32868\/revisions\/32871"}],"wp:featuredmedia":[{"embeddable":true,"href":"https:\/\/diariodocomercio.com.br\/mix\/wp-json\/wp\/v2\/media\/12630"}],"wp:attachment":[{"href":"https:\/\/diariodocomercio.com.br\/mix\/wp-json\/wp\/v2\/media?parent=32868"}],"wp:term":[{"taxonomy":"category","embeddable":true,"href":"https:\/\/diariodocomercio.com.br\/mix\/wp-json\/wp\/v2\/categories?post=32868"},{"taxonomy":"post_tag","embeddable":true,"href":"https:\/\/diariodocomercio.com.br\/mix\/wp-json\/wp\/v2\/tags?post=32868"}],"curies":[{"name":"wp","href":"https:\/\/api.w.org\/{rel}","templated":true}]}}