{"id":32874,"date":"2026-01-24T16:44:00","date_gmt":"2026-01-24T19:44:00","guid":{"rendered":"https:\/\/diariodocomercio.com.br\/mix\/?p=32874"},"modified":"2026-01-21T18:59:05","modified_gmt":"2026-01-21T21:59:05","slug":"estao-construindo-um-posto-de-gasolina-com-capacidade-para-700-carros-centenas-de-bombas-de-gasolina-e-carregadores-eletricos","status":"publish","type":"post","link":"https:\/\/diariodocomercio.com.br\/mix\/estao-construindo-um-posto-de-gasolina-com-capacidade-para-700-carros-centenas-de-bombas-de-gasolina-e-carregadores-eletricos\/","title":{"rendered":"Est\u00e3o construindo um posto de gasolina com capacidade para 700 carros, centenas de bombas de gasolina e carregadores el\u00e9tricos"},"content":{"rendered":"\n<p>O estado americano da <strong>Fl\u00f3rida<\/strong> se prepara para a chegada de um grande projeto: a constru\u00e7\u00e3o de um dos maiores postos de combust\u00edvel do mundo em Fort Pierce. A <strong>rede Buc-ee&#8217;s, <\/strong>conhecida por seus impressionantes empreendimentos, anunciou que este novo posto, com previs\u00e3o de inaugura\u00e7\u00e3o em 2026, contar\u00e1 com 120 bombas de gasolina e uma ampla estrutura para ve\u00edculos el\u00e9tricos, incluindo 18 esta\u00e7\u00f5es de carregamento.\u00a0<\/p>\n\n\n\n<p>O novo posto ocupar\u00e1 uma \u00e1rea de cerca de <strong>7.061 metros quadrados, <\/strong>localizado estrategicamente no cruzamento da I-95 com a Indrio Road. Essa localiza\u00e7\u00e3o foi escolhida para captar o intenso movimento di\u00e1rio da regi\u00e3o, maximizando o potencial de servi\u00e7o para os motoristas.<\/p>\n\n\n\n<p>A Buc-ee&#8217;s se destaca por transformar seus postos em verdadeiros centros de conveni\u00eancia, indo al\u00e9m do simples abastecimento de combust\u00edvel.<\/p>\n\n\n\n<h2 class=\"wp-block-heading\">Estrutura completa da Buc-ee&#8217;s<\/h2>\n\n\n\n<p>A Buc-ee&#8217;s oferece muito mais que postos de gasolina convencionais. Seus estabelecimentos s\u00e3o pensados como centros de conveni\u00eancia, oferecendo restaurantes e lojas que tornam a parada dos viajantes uma experi\u00eancia diferenciada.<\/p>\n\n\n\n<p>Al\u00e9m disso, a pol\u00edtica de <strong>n\u00e3o permitir a parada de caminh\u00f5es<\/strong> ajuda a manter a seguran\u00e7a e a efici\u00eancia dos locais, sendo um ponto positivo para turistas e viajantes.<\/p>\n\n\n\n<p>Outro destaque \u00e9 a inaugura\u00e7\u00e3o prevista de um projeto semelhante em Ocala, que tamb\u00e9m contar\u00e1 com 120 bombas e mais de 700 vagas de estacionamento. No entanto, o projeto em Fort Pierce ter\u00e1 destaque pela sua capacidade de integrar solu\u00e7\u00f5es modernas para ve\u00edculos el\u00e9tricos, posicionando a Buc-ee&#8217;s na vanguarda dos servi\u00e7os rodovi\u00e1rios.<\/p>\n\n\n\n<p>A decis\u00e3o da Buc-ee&#8217;s de expandir sua presen\u00e7a na Fl\u00f3rida reflete n\u00e3o apenas um crescimento f\u00edsico, mas tamb\u00e9m uma evolu\u00e7\u00e3o nos servi\u00e7os oferecidos aos motoristas. Com a demanda por inova\u00e7\u00e3o e conveni\u00eancia em alta, a rede trata seus empreendimentos como atra\u00e7\u00f5es tur\u00edsticas, oferecendo desde banheiros extremamente limpos a experi\u00eancias gastron\u00f4micas cuidadosas.<\/p>\n","protected":false},"excerpt":{"rendered":"<p>O novo posto ocupar\u00e1 uma \u00e1rea de cerca de 7.061 metros quadrados.<\/p>\n","protected":false},"author":12,"featured_media":12554,"comment_status":"closed","ping_status":"closed","sticky":false,"template":"","format":"standard","meta":{"jnews-multi-image_gallery":[],"jnews_single_post":{"format":"standard"},"jnews_primary_category":[],"jnews_social_meta":[],"jnews_override_counter":[],"jnews_post_split":[],"footnotes":""},"categories":[1],"tags":[],"class_list":["post-32874","post","type-post","status-publish","format-standard","has-post-thumbnail","hentry","category-geral"],"_referencia":"","_links":{"self":[{"href":"https:\/\/diariodocomercio.com.br\/mix\/wp-json\/wp\/v2\/posts\/32874","targetHints":{"allow":["GET"]}}],"collection":[{"href":"https:\/\/diariodocomercio.com.br\/mix\/wp-json\/wp\/v2\/posts"}],"about":[{"href":"https:\/\/diariodocomercio.com.br\/mix\/wp-json\/wp\/v2\/types\/post"}],"author":[{"embeddable":true,"href":"https:\/\/diariodocomercio.com.br\/mix\/wp-json\/wp\/v2\/users\/12"}],"replies":[{"embeddable":true,"href":"https:\/\/diariodocomercio.com.br\/mix\/wp-json\/wp\/v2\/comments?post=32874"}],"version-history":[{"count":1,"href":"https:\/\/diariodocomercio.com.br\/mix\/wp-json\/wp\/v2\/posts\/32874\/revisions"}],"predecessor-version":[{"id":32875,"href":"https:\/\/diariodocomercio.com.br\/mix\/wp-json\/wp\/v2\/posts\/32874\/revisions\/32875"}],"wp:featuredmedia":[{"embeddable":true,"href":"https:\/\/diariodocomercio.com.br\/mix\/wp-json\/wp\/v2\/media\/12554"}],"wp:attachment":[{"href":"https:\/\/diariodocomercio.com.br\/mix\/wp-json\/wp\/v2\/media?parent=32874"}],"wp:term":[{"taxonomy":"category","embeddable":true,"href":"https:\/\/diariodocomercio.com.br\/mix\/wp-json\/wp\/v2\/categories?post=32874"},{"taxonomy":"post_tag","embeddable":true,"href":"https:\/\/diariodocomercio.com.br\/mix\/wp-json\/wp\/v2\/tags?post=32874"}],"curies":[{"name":"wp","href":"https:\/\/api.w.org\/{rel}","templated":true}]}}