{"id":32900,"date":"2026-01-21T19:54:18","date_gmt":"2026-01-21T22:54:18","guid":{"rendered":"https:\/\/diariodocomercio.com.br\/mix\/?p=32900"},"modified":"2026-01-21T19:54:20","modified_gmt":"2026-01-21T22:54:20","slug":"lei-proibe-fumar-perto-de-escolas-parques-e-praias-e-preve-multa-de-quase-r-1-000-neste-pais","status":"publish","type":"post","link":"https:\/\/diariodocomercio.com.br\/mix\/lei-proibe-fumar-perto-de-escolas-parques-e-praias-e-preve-multa-de-quase-r-1-000-neste-pais\/","title":{"rendered":"Lei pro\u00edbe fumar perto de escolas, parques e praias e prev\u00ea multa de quase R$ 1.000 neste pa\u00eds"},"content":{"rendered":"\n<p>A Fran\u00e7a anunciou uma nova e rigorosa medida contra o tabagismo em espa\u00e7os p\u00fablicos. A partir de <strong>1\u00ba de julho<\/strong>, estar\u00e1 <strong>proibido fumar em \u00e1reas ao ar livre onde haja circula\u00e7\u00e3o de crian\u00e7as<\/strong>, como <strong>parques, praias, jardins p\u00fablicos, arredores de escolas, esta\u00e7\u00f5es rodovi\u00e1rias e locais esportivos<\/strong>. Quem descumprir a regra poder\u00e1 pagar multa de at\u00e9 <strong>135 euros<\/strong>, valor que equivale a cerca de <strong>R$ 867<\/strong>.<\/p>\n\n\n\n<p>A decis\u00e3o foi divulgada em junho de 2025 e faz parte da estrat\u00e9gia do governo franc\u00eas para reduzir ainda mais o consumo de tabaco no pa\u00eds e proteger a sa\u00fade infantil.<\/p>\n\n\n\n<p>Ao anunciar a nova legisla\u00e7\u00e3o, a ministra da Sa\u00fade e da Fam\u00edlia da Fran\u00e7a, <strong>Catherine Vautrin<\/strong>, afirmou que a prioridade da pol\u00edtica p\u00fablica \u00e9 garantir ambientes mais saud\u00e1veis para os menores.<\/p>\n\n\n\n<blockquote class=\"wp-block-quote is-layout-flow wp-block-quote-is-layout-flow\">\n<p>\u201cO tabaco deve desaparecer onde h\u00e1 crian\u00e7as\u201d, declarou a ministra em entrevista ao jornal <em>Ouest-France<\/em>.<br>\u201cA liberdade de fumar deve terminar onde come\u00e7a a liberdade das crian\u00e7as de respirar ar puro\u201d, completou.<\/p>\n<\/blockquote>\n\n\n\n<p>Segundo o governo, a regra vale tanto para moradores quanto para turistas e ser\u00e1 fiscalizada pelas autoridades locais.<\/p>\n\n\n\n<h2 class=\"wp-block-heading\"><strong>O que muda e o que fica fora da proibi\u00e7\u00e3o<\/strong><\/h2>\n\n\n\n<p>A nova lei amplia restri\u00e7\u00f5es j\u00e1 existentes no pa\u00eds, mas n\u00e3o se aplica a todos os espa\u00e7os. <strong>Terra\u00e7os de caf\u00e9s e bares<\/strong> est\u00e3o fora da proibi\u00e7\u00e3o, assim como os <strong>cigarros eletr\u00f4nicos<\/strong>, que n\u00e3o foram inclu\u00eddos na medida.<\/p>\n\n\n\n<p>A multa inicial para quem for flagrado fumando em \u00e1reas proibidas ser\u00e1 de <strong>90 euros<\/strong>, podendo chegar a <strong>135 euros<\/strong> caso o pagamento n\u00e3o seja feito dentro do prazo legal.<\/p>\n\n\n\n<h2 class=\"wp-block-heading\"><strong>Fran\u00e7a j\u00e1 tem hist\u00f3rico de restri\u00e7\u00f5es ao tabaco<\/strong><\/h2>\n\n\n\n<p>A Fran\u00e7a vem endurecendo suas leis antitabagismo ao longo das \u00faltimas d\u00e9cadas. Em <strong>2008<\/strong>, o pa\u00eds proibiu fumar em restaurantes, bares e casas noturnas. Desde ent\u00e3o, o consumo vem caindo gradualmente.<\/p>\n\n\n\n<p>Dados do <strong>Observat\u00f3rio Franc\u00eas sobre Drogas e Tend\u00eancias Aditivas<\/strong> indicam que <strong>23,1% da popula\u00e7\u00e3o fuma diariamente<\/strong>, a menor taxa registrada desde o fim dos anos 1990. Entre jovens, a queda \u00e9 ainda mais significativa: apenas <strong>16% dos adolescentes de 17 anos<\/strong> declararam fumar diariamente em 2022.<\/p>\n\n\n\n<p>Mesmo assim, o pa\u00eds ainda enfrenta desafios, como o aumento do <strong>contrabando de cigarros<\/strong>, que representa uma parcela relevante do consumo nacional.<\/p>\n","protected":false},"excerpt":{"rendered":"<p>A Fran\u00e7a anunciou uma nova e rigorosa medida contra o tabagismo em espa\u00e7os p\u00fablicos. A partir de 1\u00ba de julho, estar\u00e1 proibido fumar em \u00e1reas ao ar livre onde haja circula\u00e7\u00e3o de crian\u00e7as, como parques, praias, jardins p\u00fablicos, arredores de escolas, esta\u00e7\u00f5es rodovi\u00e1rias e locais esportivos. Quem descumprir a regra poder\u00e1 pagar multa de at\u00e9 [&hellip;]<\/p>\n","protected":false},"author":9,"featured_media":31715,"comment_status":"closed","ping_status":"closed","sticky":false,"template":"","format":"standard","meta":{"jnews-multi-image_gallery":[],"jnews_single_post":{"format":"standard"},"jnews_primary_category":[],"jnews_social_meta":[],"jnews_override_counter":[],"jnews_post_split":[],"footnotes":""},"categories":[1],"tags":[],"class_list":["post-32900","post","type-post","status-publish","format-standard","has-post-thumbnail","hentry","category-geral"],"_referencia":"","_links":{"self":[{"href":"https:\/\/diariodocomercio.com.br\/mix\/wp-json\/wp\/v2\/posts\/32900","targetHints":{"allow":["GET"]}}],"collection":[{"href":"https:\/\/diariodocomercio.com.br\/mix\/wp-json\/wp\/v2\/posts"}],"about":[{"href":"https:\/\/diariodocomercio.com.br\/mix\/wp-json\/wp\/v2\/types\/post"}],"author":[{"embeddable":true,"href":"https:\/\/diariodocomercio.com.br\/mix\/wp-json\/wp\/v2\/users\/9"}],"replies":[{"embeddable":true,"href":"https:\/\/diariodocomercio.com.br\/mix\/wp-json\/wp\/v2\/comments?post=32900"}],"version-history":[{"count":1,"href":"https:\/\/diariodocomercio.com.br\/mix\/wp-json\/wp\/v2\/posts\/32900\/revisions"}],"predecessor-version":[{"id":32902,"href":"https:\/\/diariodocomercio.com.br\/mix\/wp-json\/wp\/v2\/posts\/32900\/revisions\/32902"}],"wp:featuredmedia":[{"embeddable":true,"href":"https:\/\/diariodocomercio.com.br\/mix\/wp-json\/wp\/v2\/media\/31715"}],"wp:attachment":[{"href":"https:\/\/diariodocomercio.com.br\/mix\/wp-json\/wp\/v2\/media?parent=32900"}],"wp:term":[{"taxonomy":"category","embeddable":true,"href":"https:\/\/diariodocomercio.com.br\/mix\/wp-json\/wp\/v2\/categories?post=32900"},{"taxonomy":"post_tag","embeddable":true,"href":"https:\/\/diariodocomercio.com.br\/mix\/wp-json\/wp\/v2\/tags?post=32900"}],"curies":[{"name":"wp","href":"https:\/\/api.w.org\/{rel}","templated":true}]}}