{"id":32903,"date":"2026-01-21T22:01:34","date_gmt":"2026-01-22T01:01:34","guid":{"rendered":"https:\/\/diariodocomercio.com.br\/mix\/?p=32903"},"modified":"2026-01-21T22:01:36","modified_gmt":"2026-01-22T01:01:36","slug":"aluguel-fica-no-passado-mudanca-permite-transformar-locacao-em-casa-propria","status":"publish","type":"post","link":"https:\/\/diariodocomercio.com.br\/mix\/aluguel-fica-no-passado-mudanca-permite-transformar-locacao-em-casa-propria\/","title":{"rendered":"Aluguel fica no passado: mudan\u00e7a permite transformar loca\u00e7\u00e3o em casa pr\u00f3pria"},"content":{"rendered":"\n<p>Com o aluguel cada vez mais caro e o financiamento imobili\u00e1rio exigindo renda elevada e cr\u00e9dito aprovado, uma alternativa vem ganhando for\u00e7a no Brasil: o <strong>arrendamento imobili\u00e1rio com op\u00e7\u00e3o de compra<\/strong>. O modelo permite que fam\u00edlias morem no im\u00f3vel como locat\u00e1rias, mas com contrato que j\u00e1 prev\u00ea a possibilidade de aquisi\u00e7\u00e3o futura, transformando gradualmente a loca\u00e7\u00e3o em casa pr\u00f3pria.<\/p>\n\n\n\n<p>A modalidade surge como uma solu\u00e7\u00e3o intermedi\u00e1ria para quem n\u00e3o consegue financiar um im\u00f3vel agora, mas deseja sair do aluguel e planejar a compra de forma mais segura e previs\u00edvel.<\/p>\n\n\n\n<p>No arrendamento imobili\u00e1rio, o contrato come\u00e7a como uma loca\u00e7\u00e3o, mas j\u00e1 nasce com uma cl\u00e1usula que garante ao morador o <strong>direito de prefer\u00eancia na compra do im\u00f3vel<\/strong>. Diferente do aluguel tradicional, as condi\u00e7\u00f5es para a aquisi\u00e7\u00e3o \u2014 como valor, prazo e forma de pagamento \u2014 s\u00e3o definidas desde o in\u00edcio ou seguem crit\u00e9rios previamente estabelecidos.<\/p>\n\n\n\n<p>Durante o per\u00edodo do contrato, o arrendat\u00e1rio paga uma remunera\u00e7\u00e3o peri\u00f3dica pelo uso do im\u00f3vel e, em muitos casos, <strong>parte desse valor pode ser abatida do pre\u00e7o final da compra<\/strong>, caso a op\u00e7\u00e3o seja exercida. Al\u00e9m disso, o morador costuma assumir responsabilidades como manuten\u00e7\u00e3o e despesas do im\u00f3vel.<\/p>\n\n\n\n<h2 class=\"wp-block-heading\"><strong>Arrendamento n\u00e3o \u00e9 aluguel<\/strong><\/h2>\n\n\n\n<p>Embora pare\u00e7am semelhantes, arrendamento e aluguel t\u00eam diferen\u00e7as fundamentais. No aluguel comum, o pagamento serve apenas para uso do im\u00f3vel, sem qualquer v\u00ednculo com futura aquisi\u00e7\u00e3o. J\u00e1 no arrendamento com op\u00e7\u00e3o de compra, existe desde o in\u00edcio uma <strong>rota contratual para a propriedade definitiva<\/strong>.<\/p>\n\n\n\n<p>Isso reduz incertezas para quem deseja comprar no futuro, especialmente em um cen\u00e1rio de cr\u00e9dito restrito, j\u00e1 que o morador pode ganhar tempo para organizar renda, melhorar o score de cr\u00e9dito ou aguardar condi\u00e7\u00f5es mais favor\u00e1veis do mercado.<\/p>\n\n\n\n<h2 class=\"wp-block-heading\"><strong>Defini\u00e7\u00e3o do pre\u00e7o e seguran\u00e7a jur\u00eddica<\/strong><\/h2>\n\n\n\n<p>Um dos pontos centrais do arrendamento \u00e9 a defini\u00e7\u00e3o do valor do im\u00f3vel. As partes podem optar por um <strong>pre\u00e7o fixado na assinatura<\/strong>, por uma avalia\u00e7\u00e3o futura ou por modelos h\u00edbridos que acompanhem a valoriza\u00e7\u00e3o do bem ao longo do tempo. Tudo deve estar claramente previsto em contrato, o que garante seguran\u00e7a jur\u00eddica tanto para o arrendador quanto para o arrendat\u00e1rio.<\/p>\n\n\n\n<p>Essa previsibilidade \u00e9 um dos principais atrativos do modelo, especialmente para fam\u00edlias que querem fugir da volatilidade do mercado imobili\u00e1rio.<\/p>\n\n\n\n<p>O arrendamento pode assumir diferentes formatos, dependendo da finalidade do bem. No setor imobili\u00e1rio, o destaque \u00e9 o <strong>arrendamento residencial<\/strong>, mas a pr\u00e1tica tamb\u00e9m \u00e9 comum em outras \u00e1reas:<\/p>\n\n\n\n<ul class=\"wp-block-list\">\n<li><strong>Arrendamento comercial<\/strong>, para uso de pontos comerciais;<\/li>\n\n\n\n<li><strong>Arrendamento rural<\/strong>, voltado \u00e0 produ\u00e7\u00e3o agropecu\u00e1ria;<\/li>\n\n\n\n<li><strong>Arrendamento mercantil (leasing)<\/strong>, comum na aquisi\u00e7\u00e3o de bens via institui\u00e7\u00f5es financeiras;<\/li>\n\n\n\n<li><strong>Arrendamento de royalties<\/strong>, aplicado a ativos intang\u00edveis como patentes e direitos autorais.<\/li>\n<\/ul>\n","protected":false},"excerpt":{"rendered":"<p>Com o aluguel cada vez mais caro e o financiamento imobili\u00e1rio exigindo renda elevada e cr\u00e9dito aprovado, uma alternativa vem ganhando for\u00e7a no Brasil: o arrendamento imobili\u00e1rio com op\u00e7\u00e3o de compra. O modelo permite que fam\u00edlias morem no im\u00f3vel como locat\u00e1rias, mas com contrato que j\u00e1 prev\u00ea a possibilidade de aquisi\u00e7\u00e3o futura, transformando gradualmente a [&hellip;]<\/p>\n","protected":false},"author":9,"featured_media":18828,"comment_status":"closed","ping_status":"closed","sticky":false,"template":"","format":"standard","meta":{"jnews-multi-image_gallery":[],"jnews_single_post":{"format":"standard"},"jnews_primary_category":[],"jnews_social_meta":[],"jnews_override_counter":[],"jnews_post_split":[],"footnotes":""},"categories":[1],"tags":[],"class_list":["post-32903","post","type-post","status-publish","format-standard","has-post-thumbnail","hentry","category-geral"],"_referencia":"","_links":{"self":[{"href":"https:\/\/diariodocomercio.com.br\/mix\/wp-json\/wp\/v2\/posts\/32903","targetHints":{"allow":["GET"]}}],"collection":[{"href":"https:\/\/diariodocomercio.com.br\/mix\/wp-json\/wp\/v2\/posts"}],"about":[{"href":"https:\/\/diariodocomercio.com.br\/mix\/wp-json\/wp\/v2\/types\/post"}],"author":[{"embeddable":true,"href":"https:\/\/diariodocomercio.com.br\/mix\/wp-json\/wp\/v2\/users\/9"}],"replies":[{"embeddable":true,"href":"https:\/\/diariodocomercio.com.br\/mix\/wp-json\/wp\/v2\/comments?post=32903"}],"version-history":[{"count":1,"href":"https:\/\/diariodocomercio.com.br\/mix\/wp-json\/wp\/v2\/posts\/32903\/revisions"}],"predecessor-version":[{"id":32907,"href":"https:\/\/diariodocomercio.com.br\/mix\/wp-json\/wp\/v2\/posts\/32903\/revisions\/32907"}],"wp:featuredmedia":[{"embeddable":true,"href":"https:\/\/diariodocomercio.com.br\/mix\/wp-json\/wp\/v2\/media\/18828"}],"wp:attachment":[{"href":"https:\/\/diariodocomercio.com.br\/mix\/wp-json\/wp\/v2\/media?parent=32903"}],"wp:term":[{"taxonomy":"category","embeddable":true,"href":"https:\/\/diariodocomercio.com.br\/mix\/wp-json\/wp\/v2\/categories?post=32903"},{"taxonomy":"post_tag","embeddable":true,"href":"https:\/\/diariodocomercio.com.br\/mix\/wp-json\/wp\/v2\/tags?post=32903"}],"curies":[{"name":"wp","href":"https:\/\/api.w.org\/{rel}","templated":true}]}}