{"id":32908,"date":"2026-01-24T17:01:00","date_gmt":"2026-01-24T20:01:00","guid":{"rendered":"https:\/\/diariodocomercio.com.br\/mix\/?p=32908"},"modified":"2026-01-21T22:05:39","modified_gmt":"2026-01-22T01:05:39","slug":"brasil-surpreende-e-abaixa-o-preco-da-cesta-basica-no-pais-todo","status":"publish","type":"post","link":"https:\/\/diariodocomercio.com.br\/mix\/brasil-surpreende-e-abaixa-o-preco-da-cesta-basica-no-pais-todo\/","title":{"rendered":"Brasil surpreende e abaixa o pre\u00e7o da cesta b\u00e1sica no pa\u00eds todo"},"content":{"rendered":"\n<p>O pre\u00e7o da cesta b\u00e1sica caiu em todas as capitais brasileiras no acumulado dos \u00faltimos seis meses de 2025, segundo balan\u00e7o divulgado nesta ter\u00e7a-feira (20) pela Companhia Nacional de Abastecimento (Conab) em parceria com o Departamento Intersindical de Estat\u00edstica e Estudos Socioecon\u00f4micos (Dieese). A redu\u00e7\u00e3o foi registrada nas 27 capitais do pa\u00eds, com varia\u00e7\u00f5es negativas que v\u00e3o de 1,56% a 9,08%, um movimento considerado in\u00e9dito em escala nacional.<\/p>\n\n\n\n<p>Os dados fazem parte da Pesquisa Nacional de Pre\u00e7o da Cesta B\u00e1sica de Alimentos, divulgada mensalmente desde agosto do ano passado, quando Conab e Dieese firmaram parceria para ampliar o monitoramento do custo dos alimentos b\u00e1sicos em todo o Brasil.<\/p>\n\n\n\n<p>Entre as capitais, Boa Vista (RR) apresentou a maior redu\u00e7\u00e3o no per\u00edodo, com queda de 9,08%. O valor da cesta b\u00e1sica passou de R$ 712,83, em julho de 2025, para R$ 652,14 em dezembro \u2014 uma diferen\u00e7a de R$ 60,69. Logo em seguida aparecem Manaus (AM), com redu\u00e7\u00e3o de 8,12%, e Fortaleza (CE), com queda de 7,90%.<\/p>\n\n\n\n<p>Outras capitais tamb\u00e9m registraram redu\u00e7\u00f5es expressivas, como Bras\u00edlia (DF), com -7,65%, e Florian\u00f3polis (SC), com -7,67%. Na outra ponta da tabela, as menores quedas foram observadas em Belo Horizonte (MG), com 1,56%, Macap\u00e1 (AP), com 2,10%, e Campo Grande (MS), com 2,16%.<\/p>\n\n\n\n<h2 class=\"wp-block-heading\"><strong>Avalia\u00e7\u00e3o do governo<\/strong><\/h2>\n\n\n\n<p>Para o presidente da Conab, Edegar Pretto, o resultado reflete os investimentos feitos no setor agropecu\u00e1rio e na amplia\u00e7\u00e3o da oferta de alimentos no mercado interno.<\/p>\n\n\n\n<p>\u201cEstamos comemorando porque essa queda generalizada \u00e9 fruto dos investimentos que o Governo do Brasil vem fazendo no setor agropecu\u00e1rio brasileiro, aumentando a produ\u00e7\u00e3o de alimentos para o consumo interno nacional\u201d, afirmou Pretto, em nota divulgada pela estatal.<\/p>\n\n\n\n<p>A cesta b\u00e1sica \u00e9 um dos principais indicadores do custo de vida das fam\u00edlias brasileiras, especialmente das camadas de renda mais baixa. A redu\u00e7\u00e3o nos pre\u00e7os tende a aliviar o or\u00e7amento dom\u00e9stico e pode ter reflexos positivos no consumo e na infla\u00e7\u00e3o de alimentos.<\/p>\n\n\n\n<p>Segundo Conab e Dieese, o acompanhamento cont\u00ednuo dos pre\u00e7os permite avaliar com mais precis\u00e3o os efeitos das pol\u00edticas p\u00fablicas sobre o abastecimento e o mercado interno, al\u00e9m de subsidiar decis\u00f5es econ\u00f4micas e sociais.<\/p>\n","protected":false},"excerpt":{"rendered":"<p>O pre\u00e7o da cesta b\u00e1sica caiu em todas as capitais brasileiras no acumulado dos \u00faltimos seis meses de 2025, segundo balan\u00e7o divulgado nesta ter\u00e7a-feira (20) pela Companhia Nacional de Abastecimento (Conab) em parceria com o Departamento Intersindical de Estat\u00edstica e Estudos Socioecon\u00f4micos (Dieese). A redu\u00e7\u00e3o foi registrada nas 27 capitais do pa\u00eds, com varia\u00e7\u00f5es negativas [&hellip;]<\/p>\n","protected":false},"author":9,"featured_media":32909,"comment_status":"closed","ping_status":"closed","sticky":false,"template":"","format":"standard","meta":{"jnews-multi-image_gallery":[],"jnews_single_post":{"format":"standard"},"jnews_primary_category":[],"jnews_social_meta":[],"jnews_override_counter":[],"jnews_post_split":[],"footnotes":""},"categories":[1],"tags":[],"class_list":["post-32908","post","type-post","status-publish","format-standard","has-post-thumbnail","hentry","category-geral"],"_referencia":"","_links":{"self":[{"href":"https:\/\/diariodocomercio.com.br\/mix\/wp-json\/wp\/v2\/posts\/32908","targetHints":{"allow":["GET"]}}],"collection":[{"href":"https:\/\/diariodocomercio.com.br\/mix\/wp-json\/wp\/v2\/posts"}],"about":[{"href":"https:\/\/diariodocomercio.com.br\/mix\/wp-json\/wp\/v2\/types\/post"}],"author":[{"embeddable":true,"href":"https:\/\/diariodocomercio.com.br\/mix\/wp-json\/wp\/v2\/users\/9"}],"replies":[{"embeddable":true,"href":"https:\/\/diariodocomercio.com.br\/mix\/wp-json\/wp\/v2\/comments?post=32908"}],"version-history":[{"count":1,"href":"https:\/\/diariodocomercio.com.br\/mix\/wp-json\/wp\/v2\/posts\/32908\/revisions"}],"predecessor-version":[{"id":32910,"href":"https:\/\/diariodocomercio.com.br\/mix\/wp-json\/wp\/v2\/posts\/32908\/revisions\/32910"}],"wp:featuredmedia":[{"embeddable":true,"href":"https:\/\/diariodocomercio.com.br\/mix\/wp-json\/wp\/v2\/media\/32909"}],"wp:attachment":[{"href":"https:\/\/diariodocomercio.com.br\/mix\/wp-json\/wp\/v2\/media?parent=32908"}],"wp:term":[{"taxonomy":"category","embeddable":true,"href":"https:\/\/diariodocomercio.com.br\/mix\/wp-json\/wp\/v2\/categories?post=32908"},{"taxonomy":"post_tag","embeddable":true,"href":"https:\/\/diariodocomercio.com.br\/mix\/wp-json\/wp\/v2\/tags?post=32908"}],"curies":[{"name":"wp","href":"https:\/\/api.w.org\/{rel}","templated":true}]}}