{"id":32916,"date":"2026-01-22T09:24:43","date_gmt":"2026-01-22T12:24:43","guid":{"rendered":"https:\/\/diariodocomercio.com.br\/mix\/?p=32916"},"modified":"2026-01-22T09:24:45","modified_gmt":"2026-01-22T12:24:45","slug":"ainda-esta-barato-viajar-e-gastar-na-argentina-veja-os-precos-atualizados","status":"publish","type":"post","link":"https:\/\/diariodocomercio.com.br\/mix\/ainda-esta-barato-viajar-e-gastar-na-argentina-veja-os-precos-atualizados\/","title":{"rendered":"Ainda est\u00e1 barato viajar e gastar na Argentina? Veja os pre\u00e7os atualizados"},"content":{"rendered":"\n<p>Durante muitos anos, a Argentina foi considerada uma \u00f3tima op\u00e7\u00e3o de turismo na Am\u00e9rica Latina para quem n\u00e3o estava podendo gastar tanto. Mas a fama de &#8220;pa\u00eds barato&#8221; de visitar foi acabando nos \u00faltimos anos e o nosso vizinho registrou uma queda impressionante no n\u00famero de turistas. Mesmo com uma queda na infla\u00e7\u00e3o, moradores e visitantes continuam acumulando perda no poder de compra.<\/p>\n\n\n\n<p>Uma mat\u00e9ria de outubro do ano passado do portal Terra conversou com turistas que foram recentemente para a Argentina, que relataram ter ficado chocados com os pre\u00e7os. A mineira Ana Paulo Grossi, que j\u00e1 tinha visitado o pa\u00eds anos antes, contou que ficou assustada com os pre\u00e7os no mercado. <em>&#8220;Fui comprar uma Coca-Cola e paguei quase R$ 20. Est\u00e1 muito mais caro para quem mora aqui, nas coisas do dia a dia e de cuidados b\u00e1sicos&#8221;<\/em>, relatou ao Terra.<\/p>\n\n\n\n<p>O atleta M\u00e1rcio Batista de Oliveira, que viajou para o pa\u00eds vizinho no ano passado, contou que pagou mais de R$ 300 em um prato de comida. Ele destacou que, mesmo morando em Santos, uma cidade tur\u00edstica, ele nunca tinha pagado t\u00e3o caro nesse tipo de coisa. Uma turista polonesa chamada Natalia contou que foi a sua primeira vez visitando a Argentina e que ficou surpresa por encontrar pre\u00e7os muito compar\u00e1veis aos do seu pr\u00f3prio pa\u00eds.<\/p>\n\n\n\n<p>Segundo o Terra, esse aumento nos pre\u00e7os do pa\u00eds impactou o perfil dos turistas que visitam a Argentina, j\u00e1 que mais estadunidenses e europeus come\u00e7aram a procurar o pa\u00eds, que antes era muito visitado por moradores de outros pa\u00edses da Am\u00e9rica do Sul, como brasileiros.<\/p>\n\n\n\n<h2 class=\"wp-block-heading\">Argentina conseguiu reduzir infla\u00e7\u00e3o, mas poder de compra n\u00e3o aumentou<\/h2>\n\n\n\n<p>Entre 2023 e 2025, a infla\u00e7\u00e3o na Argentina caiu de 211,4% para 31,5%. Mesmo com o aumento de pre\u00e7os desacelerando no pa\u00eds, o poder de compra dos argentinos n\u00e3o melhorou. A carioca Catherine Le\u00e3o, que vive no pa\u00eds h\u00e1 sete anos, contou em mat\u00e9ria recente da RFI que alimentos b\u00e1sicos viraram &#8220;artigo de luxo&#8221;.<em> &#8220;Caf\u00e9, p\u00e3es, ovos, latic\u00ednios ficaram proibitivos&#8221;<\/em>, relata.<\/p>\n\n\n\n<p>Desde que o presidente Javier Milei assumiu, no final de 2023, aposentados, trabalhadores privados, funcion\u00e1rios p\u00fablicos nacionais e provinciais acumularam perdas salariais, segundo o RFI. Um estudo do Instituto Argentino de An\u00e1lise Fiscal (IARAF) aponta que quase todos os setores tiveram um encolhimento no poder de compra.<\/p>\n\n\n\n<style>@media (min-width: 992px) {\n    .recomendadorV2Area1 {\n        width: 280px;\n    }\n    .recomendadorV2Area2 {\n        padding: 0px 20px;\n        width: calc(100% - 280px);\n    }\n}\n\n@media (max-width: 992px) {\n    .recomendadorV2Button {\n        margin: 0 auto;\n    }\n    .recomendadorV2Area {\n        flex-direction: column;\n        text-align: center;\n    }\n    .recomendadorV2Area2 {\n        padding: 0px 20px;\n    }\n}\n\n.recomendadorV2Area {\n    background: #eeeeee3d;\n    border-radius: 10px;\n    padding: 15px;\n    display: flex;\n    margin: 15px auto;\n    border: 1px solid #00000014;\n    max-width: 800px;\n}\n\n.recomendadorV2Area1 img {\n    width: 280px;\n    height: auto;\n    border-radius: 8px;\n}\n\n.linkrecomendadorv2 {\n    text-decoration: none !important;\n}\n\n.recomendadorV2Area2 .recomendadorV2Type {\n    text-transform: uppercase;\n    font-weight: 500;\n    font-size: 11px;\n    letter-spacing: 2px;\n    color: #666;\n    margin: 12px 0;\n    display: block;\n}\n\n.recomendadorV2Title h2 {\n    padding-top: 0px !important;\n    margin: 0px !important;\n    border-left: none !important;\n    padding-left: 0px !important;\n    line-height: 1.3;\n    color: #000 !important;\n    font-size: 24px;\n    margin-bottom: 12px !important;\n}\n\n.recomendadorV2Desc {\n    color: #333;\n    margin: 12px 0px !important;\n    font-size: 15px;\n    line-height: 1.5;\n}\n\n.recomendadorV2Button {\n    width: auto;\n    max-width: 200px;\n    margin: 0;\n    display: inline-flex;\n    align-items: center;\n    background: #1D3557;\n    border-radius: 8px;\n    color: #fff;\n    height: 36px;\n    justify-content: center;\n    text-align: center;\n    font-size: 14px;\n    padding: 0 20px;\n    transition: background-color 0.2s ease;\n}\n\n.recomendadorV2Button:hover {\n    background: #2a4d7a;\n}\n\n.recomendadorV2Button:after {\n    margin-top: -2px;\n    content: \"\u2192\";\n    padding: 0px 0px 0px 8px;\n}\n\n.recomendadorV2Alert {\n    text-align: left;\n    font-size: 11px;\n    margin-top: 8px;\n    color: #666;\n}\n\n.recomendadorFixedArea {\n    width: 100%;\n    display: flex;\n    justify-content: center;\n    align-items: center;\n}\n\n@media (min-width: 992px) {\n    #recomendadorFixed {\n        width: 32% !important;\n        left: 5%;\n    }\n    .recomendadorCloseFixed{\n        right: inherit !important;\n        left: 378px !important;\n    }\n}\n\n#recomendadorFixed {\n    width: 90%;\n    box-shadow: 0 10px 20px 0px #00000057;\n    display: none;\n    height: 90px;\n    background: #F6F6F6;\n    position: fixed;\n    flex-direction: row;\n    bottom: 10px;\n    z-index: 9999;\n    border-radius: 16px;\n    padding: 7px 10px;\n}\n\n.recomendadorLeftArea {\n    width: 160px;\n}\n\n.recomendadorRightArea h2 {\n    padding-top: 0px;\n    margin: 2px 0px 4px 0px !important;\n    font-weight: 400;\n    text-align: center;\n    padding-left: 0px !important;\n    color: #000 !important;\n    border-left: none !important;\n    line-height: 20px;\n    font-size: 12px !important;\n}\n\n.recomendadorImgFixed {\n    overflow: hidden;\n    padding: 8px 6px;\n    height: 100%;\n}\n\n.recomendadorImgFixed img {\n    height: 100% !important;\n    border-radius: 16px;\n}\n\n.recomendadorRightArea {\n    padding-top: 6px;\n    display: flex;\n    width: calc(100% - 130px);\n    justify-content: space-between;\n    align-items: center;\n    flex-direction: column;\n}\n\n.recomendadorButtonFixed {\n    margin: 0 auto;\n    background: #1D3557;\n    width: 80%;\n    text-align: center;\n    font-size: 10px;\n    color: #FFF;\n    padding: 2px 10px;\n    border-radius: 3px;\n}\n\n.recomendadorButtonFixed:after {\n    margin-top: -3px;\n    content: \"\u2192\";\n    padding: 0px 0px 0px 10px;\n}\n\n.recomendadorAlertFixed {\n    font-weight: 400;\n    text-align: center;\n    color: #484848;\n    font-size: 8px;\n}\n\n.recomendadorCloseFixed {\n    z-index: 99999;\n    display: none;\n    right: 0px;\n    left: inherit;\n    bottom: 99px;\n    position: fixed;\n    justify-content: center;\n    background: #F6F6F6;\n    width: 25px;\n    align-items: center;\n    height: 25px;\n    font-weight: 800;\n    border-radius: 50%;\n    border: 1px solid #EBEBEB;\n}\n\n.recomendadorV2Desc{\n    color: #000000;\n    margin: 20px 0px;\n}\n\n@media (max-width: 576px) {\n    .recomendadorV2Area {\n      padding: 10px;\n      max-width: 100%;\n    }\n  \n    .recomendadorV2Area1 img {\n      width: 100%;\n      border-radius: 6px;\n    }\n  \n    .recomendadorV2Area2 .recomendadorV2Type {\n      font-size: 9px;\n      letter-spacing: 1px;\n      margin: 8px 0;\n    }\n  \n    .recomendadorV2Title h2 {\n      font-size: 18px !important;\n      margin-bottom: 8px !important;\n      line-height: 1.2;\n    }\n  \n    .recomendadorV2Desc {\n      font-size: 14px;\n      margin: 8px 0 !important;\n      line-height: 1.4;\n    }\n  \n    .recomendadorV2Button {\n      font-size: 14px;\n      height: 40px;\n      padding: 0 12px;\n      max-width: 100%;\n      width: 100%;\n    }\n  \n    .recomendadorV2Button:after {\n      padding-left: 6px;\n    }\n  }\n  <\/style>\n        <div class=\"lazyblock-recomendador-v2-2jDGz wp-block-lazyblock-recomendador-v2\">\n        <a class=\"linkrecomendadorv2\" href=\"https:\/\/diariodocomercio.com.br\/mix\/especialista-em-financas-te-ensina-a-sair-do-vermelho-com-5-dicas\/\">\n            <div class=\"recomendadorV2Area\">\n            <div class=\"recomendadorV2Area1\">\n                <div class=\"recomendadorV2Img\">\n                <img class=\"lazyloaded\" decoding=\"async\" src=\"https:\/\/diariodocomercio.com.br\/mix\/wp-content\/uploads\/2025\/01\/dinheiro.jpg\" data-src=\"https:\/\/diariodocomercio.com.br\/mix\/wp-content\/uploads\/2025\/01\/dinheiro.jpg\" alt=\"\">\n                <\/div>\n            <\/div>\n            <div class=\"recomendadorV2Area2\">\n                <div class=\"recomendadorV2Type\">\n                    <span>FINAN\u00c7AS<\/span>\n                <\/div>\n                <div class=\"recomendadorV2Title\">\n                <h2><span>Especialista em finan\u00e7as te ensina a sair do vermelho com 5 dicas<\/span><\/h2>\n                <\/div>\n                <div class=\"recomendadorV2Desc\">\n                <span>Sair do vermelho e acabar com as d\u00edvidas: que tal colocar essa meta ambiciosa para o ano de 2026? E \u2026<\/span>\n                <\/div>\n                <div class=\"recomendadorV2Button\">Leia mais<\/div>\n                <div class=\"recomendadorV2Alert\"><\/div>\n            <\/div>\n            <\/div>\n        <\/a>\n        <div>\n            <div style=\"z-index:99999;\" id=\"buttonClose\" onclick=\"closeRecomendadorFixed()\">\n            <div class=\"recomendadorCloseFixed\">X<\/div>\n            <\/div>\n            <a href=\"https:\/\/diariodocomercio.com.br\/mix\/especialista-em-financas-te-ensina-a-sair-do-vermelho-com-5-dicas\/\">\n            <div class=\"recomendadorFixedArea\">\n                <div id=\"recomendadorFixed\">\n                <div class=\"recomendadorLeftArea\">\n                    <div class=\"recomendadorImgFixed\">\n                    <img class=\"lazyload\" decoding=\"async\" src=\"https:\/\/diariodocomercio.com.br\/mix\/wp-content\/uploads\/2025\/01\/dinheiro.jpg\" alt=\"\">\n                    <\/div>\n                <\/div>\n                <div class=\"recomendadorRightArea\">\n                    <div class=\"recomendadorTitleFixed\">\n                    <h2><span>Especialista em finan\u00e7as te ensina a sair do vermelho com 5 dicas<\/span><\/h2>\n                    <\/div>\n                    <div class=\"recomendadorButtonFixed\">Leia mais<\/div>\n                    <div class=\"recomendadorAlertFixed\"><\/div>\n                <\/div>\n                <\/div>\n            <\/div>\n            <\/a>\n        <\/div>\n        <\/div>\n","protected":false},"excerpt":{"rendered":"<p>Durante anos, a Argentina foi considerada uma op\u00e7\u00e3o mais barata de turismo na Am\u00e9rica Latina&#8230; mas ser\u00e1 que continua assim?<\/p>\n","protected":false},"author":6,"featured_media":32917,"comment_status":"closed","ping_status":"closed","sticky":false,"template":"","format":"standard","meta":{"jnews-multi-image_gallery":[],"jnews_single_post":{"format":"standard"},"jnews_primary_category":[],"jnews_social_meta":[],"jnews_override_counter":[],"jnews_post_split":[],"footnotes":""},"categories":[1],"tags":[],"class_list":["post-32916","post","type-post","status-publish","format-standard","has-post-thumbnail","hentry","category-geral"],"_referencia":"","_links":{"self":[{"href":"https:\/\/diariodocomercio.com.br\/mix\/wp-json\/wp\/v2\/posts\/32916","targetHints":{"allow":["GET"]}}],"collection":[{"href":"https:\/\/diariodocomercio.com.br\/mix\/wp-json\/wp\/v2\/posts"}],"about":[{"href":"https:\/\/diariodocomercio.com.br\/mix\/wp-json\/wp\/v2\/types\/post"}],"author":[{"embeddable":true,"href":"https:\/\/diariodocomercio.com.br\/mix\/wp-json\/wp\/v2\/users\/6"}],"replies":[{"embeddable":true,"href":"https:\/\/diariodocomercio.com.br\/mix\/wp-json\/wp\/v2\/comments?post=32916"}],"version-history":[{"count":1,"href":"https:\/\/diariodocomercio.com.br\/mix\/wp-json\/wp\/v2\/posts\/32916\/revisions"}],"predecessor-version":[{"id":32919,"href":"https:\/\/diariodocomercio.com.br\/mix\/wp-json\/wp\/v2\/posts\/32916\/revisions\/32919"}],"wp:featuredmedia":[{"embeddable":true,"href":"https:\/\/diariodocomercio.com.br\/mix\/wp-json\/wp\/v2\/media\/32917"}],"wp:attachment":[{"href":"https:\/\/diariodocomercio.com.br\/mix\/wp-json\/wp\/v2\/media?parent=32916"}],"wp:term":[{"taxonomy":"category","embeddable":true,"href":"https:\/\/diariodocomercio.com.br\/mix\/wp-json\/wp\/v2\/categories?post=32916"},{"taxonomy":"post_tag","embeddable":true,"href":"https:\/\/diariodocomercio.com.br\/mix\/wp-json\/wp\/v2\/tags?post=32916"}],"curies":[{"name":"wp","href":"https:\/\/api.w.org\/{rel}","templated":true}]}}