{"id":32921,"date":"2026-01-22T09:37:57","date_gmt":"2026-01-22T12:37:57","guid":{"rendered":"https:\/\/diariodocomercio.com.br\/mix\/?p=32921"},"modified":"2026-01-22T09:38:00","modified_gmt":"2026-01-22T12:38:00","slug":"alem-de-o-agente-secreto-4-filmes-brasileiros-devem-concorrer-ao-oscar-2026","status":"publish","type":"post","link":"https:\/\/diariodocomercio.com.br\/mix\/alem-de-o-agente-secreto-4-filmes-brasileiros-devem-concorrer-ao-oscar-2026\/","title":{"rendered":"Al\u00e9m de &#8216;O Agente Secreto&#8217;, 4 filmes brasileiros devem concorrer ao Oscar 2026"},"content":{"rendered":"\n<p>O filme brasileiro <strong>O agente secreto, <\/strong>dirigido por Kleber Mendon\u00e7a Filho e protagonizado por Wagner Moura, pode brilhar no Oscar 2026 com potencial para indica\u00e7\u00f5es em at\u00e9 nove categorias. O evento acontecer\u00e1 em 15 de mar\u00e7o, em Los Angeles, e representa uma oportunidade \u00fanica para o cinema nacional alcan\u00e7ar reconhecimento mundial, quebrando recordes hist\u00f3ricos de indica\u00e7\u00f5es.<\/p>\n\n\n\n<p>A expectativa se deve ao desempenho destacado do filme em grandes festivais e premia\u00e7\u00f5es internacionais, culminando no reconhecimento pr\u00e9vio da cr\u00edtica.<\/p>\n\n\n\n<p>O Brasil almeja posi\u00e7\u00f5es de destaque em categorias como Melhor Filme Internacional, Melhor Ator para Wagner Moura e Melhor Filme. Al\u00e9m disso, O agente secreto \u00e9 cotado para Melhor Elenco, novidade na cerim\u00f4nia deste ano. Kleber Mendon\u00e7a Filho tamb\u00e9m pode ser apreciado na categoria de Melhor Diretor, enquanto o roteiro original \u00e9 bem-visto entre os cr\u00edticos.<\/p>\n\n\n\n<h2 class=\"wp-block-heading\">Outros filmes brasileiros cotados<\/h2>\n\n\n\n<p>Al\u00e9m das principais categorias, o filme tamb\u00e9m busca aten\u00e7\u00e3o em categorias t\u00e9cnicas. H\u00e1 expectativas para melhor fotografia nas m\u00e3os de Adolpho Veloso por seu trabalho em <strong>Sonhos de Trem <\/strong>e a possibilidade de produ\u00e7\u00f5es como <strong>Apocalipse nos Tr\u00f3picos <\/strong>e <strong>Yanuni<\/strong> alcan\u00e7arem indica\u00e7\u00f5es como Melhor Document\u00e1rio.<\/p>\n\n\n\n<p>O curta-metragem <strong>Amarela<\/strong> marca presen\u00e7a na pr\u00e9-lista de Melhor Curta-Metragem Live Action.<\/p>\n\n\n\n<p>O agente secreto evoca compara\u00e7\u00f5es com Cidade de Deus, que det\u00e9m o recorde brasileiro de quatro indica\u00e7\u00f5es ao Oscar. Este ano, a esperan\u00e7a \u00e9 ultrapassar tal marca, evidenciando um momento promissor para o cinema brasileiro.<\/p>\n\n\n\n<h2 class=\"wp-block-heading\">Expectativas para a ind\u00fastria cinematogr\u00e1fica<\/h2>\n\n\n\n<p>Poucos filmes brasileiros receberam tamanho reconhecimento global. Em 2025, Ainda Estou Aqui alcan\u00e7ou a admir\u00e1vel fa\u00e7anha de vencer o pr\u00eamio de Melhor Filme Internacional, elevando o padr\u00e3o das produ\u00e7\u00f5es nacionais.<\/p>\n\n\n\n<p>O destaque potencial de O agente secreto no Oscar 2026 pode refor\u00e7ar essa trajet\u00f3ria, solidificando o pa\u00eds como refer\u00eancia cinematogr\u00e1fica global.<\/p>\n\n\n\n<p>Com o an\u00fancio dos indicados nesta quinta-feira, dia 22, fatores como a exposi\u00e7\u00e3o em festivais e a crescente visibilidade internacional s\u00e3o cruciais.&nbsp;<\/p>\n","protected":false},"excerpt":{"rendered":"<p>O evento acontecer\u00e1 em 15 de mar\u00e7o, em Los Angeles.<\/p>\n","protected":false},"author":12,"featured_media":21322,"comment_status":"closed","ping_status":"closed","sticky":false,"template":"","format":"standard","meta":{"jnews-multi-image_gallery":[],"jnews_single_post":{"format":"standard"},"jnews_primary_category":[],"jnews_social_meta":[],"jnews_override_counter":[],"jnews_post_split":[],"footnotes":""},"categories":[1],"tags":[],"class_list":["post-32921","post","type-post","status-publish","format-standard","has-post-thumbnail","hentry","category-geral"],"_referencia":"","_links":{"self":[{"href":"https:\/\/diariodocomercio.com.br\/mix\/wp-json\/wp\/v2\/posts\/32921","targetHints":{"allow":["GET"]}}],"collection":[{"href":"https:\/\/diariodocomercio.com.br\/mix\/wp-json\/wp\/v2\/posts"}],"about":[{"href":"https:\/\/diariodocomercio.com.br\/mix\/wp-json\/wp\/v2\/types\/post"}],"author":[{"embeddable":true,"href":"https:\/\/diariodocomercio.com.br\/mix\/wp-json\/wp\/v2\/users\/12"}],"replies":[{"embeddable":true,"href":"https:\/\/diariodocomercio.com.br\/mix\/wp-json\/wp\/v2\/comments?post=32921"}],"version-history":[{"count":1,"href":"https:\/\/diariodocomercio.com.br\/mix\/wp-json\/wp\/v2\/posts\/32921\/revisions"}],"predecessor-version":[{"id":32931,"href":"https:\/\/diariodocomercio.com.br\/mix\/wp-json\/wp\/v2\/posts\/32921\/revisions\/32931"}],"wp:featuredmedia":[{"embeddable":true,"href":"https:\/\/diariodocomercio.com.br\/mix\/wp-json\/wp\/v2\/media\/21322"}],"wp:attachment":[{"href":"https:\/\/diariodocomercio.com.br\/mix\/wp-json\/wp\/v2\/media?parent=32921"}],"wp:term":[{"taxonomy":"category","embeddable":true,"href":"https:\/\/diariodocomercio.com.br\/mix\/wp-json\/wp\/v2\/categories?post=32921"},{"taxonomy":"post_tag","embeddable":true,"href":"https:\/\/diariodocomercio.com.br\/mix\/wp-json\/wp\/v2\/tags?post=32921"}],"curies":[{"name":"wp","href":"https:\/\/api.w.org\/{rel}","templated":true}]}}