{"id":32924,"date":"2026-01-22T09:35:42","date_gmt":"2026-01-22T12:35:42","guid":{"rendered":"https:\/\/diariodocomercio.com.br\/mix\/?p=32924"},"modified":"2026-01-22T09:36:09","modified_gmt":"2026-01-22T12:36:09","slug":"proximo-feriado-sera-o-maior-de-2026-e-brasileiros-terao-6-dias-de-folga","status":"publish","type":"post","link":"https:\/\/diariodocomercio.com.br\/mix\/proximo-feriado-sera-o-maior-de-2026-e-brasileiros-terao-6-dias-de-folga\/","title":{"rendered":"Pr\u00f3ximo feriado ser\u00e1 o maior de 2026 e brasileiros ter\u00e3o 6 dias de folga"},"content":{"rendered":"\n<p>O pr\u00f3ximo grande descanso prolongado de 2026 j\u00e1 tem data marcada e promete ser o maior do ano. Por causa do Carnaval, brasileiros poder\u00e3o ter&nbsp;<strong>at\u00e9 seis dias consecutivos de folga<\/strong>, entre&nbsp;<strong>sexta-feira, 13 de fevereiro, e quarta-feira, 18 de fevereiro<\/strong>, dependendo da regi\u00e3o do pa\u00eds, do decreto estadual ou municipal e das regras adotadas pelo empregador.<\/p>\n\n\n\n<p>Embora o Carnaval n\u00e3o seja considerado feriado nacional, a combina\u00e7\u00e3o de ponto facultativo, feriados locais e a tradicional libera\u00e7\u00e3o na quarta-feira de cinzas cria, para muitos trabalhadores, um dos per\u00edodos mais longos de descanso do ano.<\/p>\n\n\n\n<p>A data do Carnaval varia porque est\u00e1 ligada \u00e0 P\u00e1scoa, que segue o calend\u00e1rio lunar da Igreja Cat\u00f3lica. A festa acontece&nbsp;<strong>47 dias antes da P\u00e1scoa<\/strong>, podendo cair entre o fim de fevereiro e o in\u00edcio de mar\u00e7o.<\/p>\n\n\n\n<p>Em&nbsp;<strong>2026<\/strong>, o Carnaval ser\u00e1 celebrado oficialmente entre os dias&nbsp;<strong>14 e 17 de fevereiro<\/strong>, com a&nbsp;<strong>quarta-feira de cinzas em 18 de fevereiro<\/strong>, marcando o encerramento das festividades.<\/p>\n\n\n<div class=\"wp-block-image\">\n<figure class=\"aligncenter size-full\"><img decoding=\"async\" width=\"612\" height=\"407\" src=\"https:\/\/diariodocomercio.com.br\/mix\/wp-content\/uploads\/2026\/01\/image-232.png\" alt=\"\" class=\"wp-image-32926\" srcset=\"https:\/\/diariodocomercio.com.br\/mix\/wp-content\/uploads\/2026\/01\/image-232.png 612w, https:\/\/diariodocomercio.com.br\/mix\/wp-content\/uploads\/2026\/01\/image-232-300x200.png 300w, https:\/\/diariodocomercio.com.br\/mix\/wp-content\/uploads\/2026\/01\/image-232-150x100.png 150w\" sizes=\"(max-width: 612px) 100vw, 612px\" \/><figcaption class=\"wp-element-caption\">Carnaval (Reprodu\u00e7\u00e3o\/IStock)<\/figcaption><\/figure>\n<\/div>\n\n\n<h2 class=\"wp-block-heading\"><strong>Carnaval \u00e9 feriado ou ponto facultativo?<\/strong><\/h2>\n\n\n\n<p>De acordo com o calend\u00e1rio oficial do Governo Federal,&nbsp;<strong>os dias de Carnaval s\u00e3o ponto facultativo<\/strong>, e n\u00e3o feriado nacional. Em 2026, isso vale para os dias&nbsp;<strong>16, 17 e 18 de fevereiro<\/strong>.<\/p>\n\n\n\n<p>Segundo especialistas, a diferen\u00e7a \u00e9 importante:<\/p>\n\n\n\n<ul class=\"wp-block-list\">\n<li><strong>Feriado<\/strong>: a empresa \u00e9 obrigada a conceder folga ou pagar hora extra;<\/li>\n\n\n\n<li><strong>Ponto facultativo<\/strong>: a folga \u00e9 opcional e fica a crit\u00e9rio do empregador, sem obriga\u00e7\u00e3o de pagamento adicional.<\/li>\n<\/ul>\n\n\n\n<p>Caso o trabalhador falte sem autoriza\u00e7\u00e3o em dias de ponto facultativo, ele pode sofrer advert\u00eancias, suspens\u00f5es e at\u00e9 demiss\u00e3o por justa causa, dependendo do caso.<\/p>\n\n\n\n<h2 class=\"wp-block-heading\"><strong>Onde o descanso pode chegar a 6 dias<\/strong><\/h2>\n\n\n\n<p>Apesar de n\u00e3o ser feriado nacional,&nbsp;<strong>estados e munic\u00edpios podem decretar feriado local<\/strong>. \u00c9 isso que amplia o per\u00edodo de descanso para muitos brasileiros.<\/p>\n\n\n\n<ul class=\"wp-block-list\">\n<li>Em\u00a0<strong>25 estados e no Distrito Federal<\/strong>, o Carnaval \u00e9 ponto facultativo;<\/li>\n\n\n\n<li><strong>No Rio de Janeiro<\/strong>, a\u00a0<strong>ter\u00e7a-feira de Carnaval \u00e9 feriado estadual<\/strong>, conforme a Lei n\u00ba 5.243\/2008;<\/li>\n\n\n\n<li>Em algumas cidades e setores, empresas costumam liberar tamb\u00e9m a\u00a0<strong>sexta-feira (13\/2)<\/strong>\u00a0e a\u00a0<strong>segunda-feira (16\/2)<\/strong>, al\u00e9m de conceder meio expediente ou folga total na quarta-feira de cinzas (18\/2).<\/li>\n<\/ul>\n\n\n\n<p>Com isso, quem emendar a sexta-feira anterior e retornar apenas ap\u00f3s a quarta-feira de cinzas pode ficar\u00a0<strong>seis dias seguidos sem trabalhar<\/strong>, de\u00a0<strong>13 a 18 de fevereiro<\/strong>.<\/p>\n\n\n\n<p>Para saber se ter\u00e1 direito \u00e0 folga prolongada, o ideal \u00e9:<\/p>\n\n\n\n<ul class=\"wp-block-list\">\n<li>verificar decretos estaduais e municipais;<\/li>\n\n\n\n<li>consultar o acordo coletivo da categoria;<\/li>\n\n\n\n<li>confirmar a pol\u00edtica interna da empresa.<\/li>\n<\/ul>\n","protected":false},"excerpt":{"rendered":"<p>O pr\u00f3ximo grande descanso prolongado de 2026 j\u00e1 tem data marcada e promete ser o maior do ano. Por causa do Carnaval, brasileiros poder\u00e3o ter&nbsp;at\u00e9 seis dias consecutivos de folga, entre&nbsp;sexta-feira, 13 de fevereiro, e quarta-feira, 18 de fevereiro, dependendo da regi\u00e3o do pa\u00eds, do decreto estadual ou municipal e das regras adotadas pelo empregador. [&hellip;]<\/p>\n","protected":false},"author":9,"featured_media":32927,"comment_status":"closed","ping_status":"closed","sticky":false,"template":"","format":"standard","meta":{"jnews-multi-image_gallery":[],"jnews_single_post":{"format":"standard"},"jnews_primary_category":[],"jnews_social_meta":[],"jnews_override_counter":[],"jnews_post_split":[],"footnotes":""},"categories":[1],"tags":[],"class_list":["post-32924","post","type-post","status-publish","format-standard","has-post-thumbnail","hentry","category-geral"],"_referencia":"","_links":{"self":[{"href":"https:\/\/diariodocomercio.com.br\/mix\/wp-json\/wp\/v2\/posts\/32924","targetHints":{"allow":["GET"]}}],"collection":[{"href":"https:\/\/diariodocomercio.com.br\/mix\/wp-json\/wp\/v2\/posts"}],"about":[{"href":"https:\/\/diariodocomercio.com.br\/mix\/wp-json\/wp\/v2\/types\/post"}],"author":[{"embeddable":true,"href":"https:\/\/diariodocomercio.com.br\/mix\/wp-json\/wp\/v2\/users\/9"}],"replies":[{"embeddable":true,"href":"https:\/\/diariodocomercio.com.br\/mix\/wp-json\/wp\/v2\/comments?post=32924"}],"version-history":[{"count":2,"href":"https:\/\/diariodocomercio.com.br\/mix\/wp-json\/wp\/v2\/posts\/32924\/revisions"}],"predecessor-version":[{"id":32929,"href":"https:\/\/diariodocomercio.com.br\/mix\/wp-json\/wp\/v2\/posts\/32924\/revisions\/32929"}],"wp:featuredmedia":[{"embeddable":true,"href":"https:\/\/diariodocomercio.com.br\/mix\/wp-json\/wp\/v2\/media\/32927"}],"wp:attachment":[{"href":"https:\/\/diariodocomercio.com.br\/mix\/wp-json\/wp\/v2\/media?parent=32924"}],"wp:term":[{"taxonomy":"category","embeddable":true,"href":"https:\/\/diariodocomercio.com.br\/mix\/wp-json\/wp\/v2\/categories?post=32924"},{"taxonomy":"post_tag","embeddable":true,"href":"https:\/\/diariodocomercio.com.br\/mix\/wp-json\/wp\/v2\/tags?post=32924"}],"curies":[{"name":"wp","href":"https:\/\/api.w.org\/{rel}","templated":true}]}}