{"id":32930,"date":"2026-01-22T09:47:29","date_gmt":"2026-01-22T12:47:29","guid":{"rendered":"https:\/\/diariodocomercio.com.br\/mix\/?p=32930"},"modified":"2026-01-22T09:47:31","modified_gmt":"2026-01-22T12:47:31","slug":"trabalhadores-do-regime-mei-precisam-ficar-atentos-a-prazo-que-vai-ate-31-01-ou-serao-desenquadrados-oficialmente","status":"publish","type":"post","link":"https:\/\/diariodocomercio.com.br\/mix\/trabalhadores-do-regime-mei-precisam-ficar-atentos-a-prazo-que-vai-ate-31-01-ou-serao-desenquadrados-oficialmente\/","title":{"rendered":"Trabalhadores do regime MEI precisam ficar atentos a prazo que vai at\u00e9 31\/01 ou ser\u00e3o desenquadrados oficialmente"},"content":{"rendered":"\n<p>Microempreendedores Individuais (MEIs) que foram exclu\u00eddos do\u00a0<strong>Simples Nacional<\/strong>\u00a0precisam agir r\u00e1pido. O\u00a0<strong>prazo final para regularizar pend\u00eancias e solicitar o reenquadramento termina em 31 de janeiro<\/strong>. Quem perder essa data s\u00f3 poder\u00e1 tentar voltar ao regime\u00a0<strong>em 2027<\/strong>, ficando todo o ano de 2026 fora do MEI e sujeito a impostos mais altos e burocracia maior.<\/p>\n\n\n\n<p>O desenquadramento do Simei geralmente ocorre por&nbsp;<strong>d\u00e9bitos tribut\u00e1rios acumulados<\/strong>&nbsp;ou pela&nbsp;<strong>falta de entrega de declara\u00e7\u00f5es obrigat\u00f3rias<\/strong>&nbsp;\u00e0 Receita Federal, aos estados ou aos munic\u00edpios. Nesses casos, o CNPJ passa a constar como \u201cn\u00e3o optante pelo Simples Nacional\u201d no sistema oficial.<\/p>\n\n\n\n<p>Para verificar a situa\u00e7\u00e3o, o microempreendedor deve acessar o&nbsp;<strong>Portal do Simples Nacional<\/strong>&nbsp;e consultar o status do CNPJ. Caso identifique a exclus\u00e3o, \u00e9 necess\u00e1rio iniciar imediatamente o processo de regulariza\u00e7\u00e3o.<\/p>\n\n\n\n<h2 class=\"wp-block-heading\"><strong>Regulariza\u00e7\u00e3o fiscal \u00e9 o primeiro passo<\/strong><\/h2>\n\n\n\n<p>Ap\u00f3s identificar o motivo do desenquadramento, o MEI deve regularizar todas as pend\u00eancias fiscais. Isso pode incluir o pagamento \u00e0 vista ou o parcelamento de d\u00e9bitos. O procedimento \u00e9 feito por meio do&nbsp;<strong>e-CAC da Receita Federal<\/strong>, com acesso via conta Gov.br.<\/p>\n\n\n\n<p>Somente depois da quita\u00e7\u00e3o ou regulariza\u00e7\u00e3o completa das d\u00edvidas \u00e9 poss\u00edvel avan\u00e7ar para a etapa seguinte do processo.<\/p>\n\n\n\n<p>Com a situa\u00e7\u00e3o fiscal em dia, o empreendedor precisa solicitar novamente a&nbsp;<strong>op\u00e7\u00e3o pelo Simples Nacional<\/strong>&nbsp;no portal oficial do regime. Ap\u00f3s o deferimento, \u00e9 obrigat\u00f3rio fazer, em seguida, o&nbsp;<strong>pedido de reenquadramento no Simei<\/strong>.<\/p>\n\n\n\n<p>As solicita\u00e7\u00f5es s\u00e3o analisadas de forma sequencial, e o enquadramento como MEI depende, obrigatoriamente, da aprova\u00e7\u00e3o pr\u00e9via no Simples Nacional.<\/p>\n\n\n\n<h2 class=\"wp-block-heading\"><strong>Acompanhamento deve ser di\u00e1rio<\/strong><\/h2>\n\n\n\n<p>O&nbsp;<strong>Minist\u00e9rio do Empreendedorismo<\/strong>&nbsp;refor\u00e7a que o acompanhamento do pedido deve ser feito diariamente nos sistemas oficiais. Durante a an\u00e1lise, podem surgir novas pend\u00eancias que precisam ser resolvidas dentro do prazo legal.<\/p>\n\n\n\n<p>Caso o microempreendedor n\u00e3o conclua todas as etapas at\u00e9&nbsp;<strong>31 de janeiro<\/strong>, o retorno ao Simples Nacional e ao Simei s\u00f3 poder\u00e1 ser solicitado no pr\u00f3ximo ano, deixando o neg\u00f3cio sujeito a regras tribut\u00e1rias mais r\u00edgidas e custos maiores ao longo de 2026.<\/p>\n","protected":false},"excerpt":{"rendered":"<p>Microempreendedores Individuais (MEIs) que foram exclu\u00eddos do\u00a0Simples Nacional\u00a0precisam agir r\u00e1pido. O\u00a0prazo final para regularizar pend\u00eancias e solicitar o reenquadramento termina em 31 de janeiro. Quem perder essa data s\u00f3 poder\u00e1 tentar voltar ao regime\u00a0em 2027, ficando todo o ano de 2026 fora do MEI e sujeito a impostos mais altos e burocracia maior. O desenquadramento [&hellip;]<\/p>\n","protected":false},"author":9,"featured_media":6299,"comment_status":"closed","ping_status":"closed","sticky":false,"template":"","format":"standard","meta":{"jnews-multi-image_gallery":[],"jnews_single_post":{"format":"standard"},"jnews_primary_category":[],"jnews_social_meta":[],"jnews_override_counter":[],"jnews_post_split":[],"footnotes":""},"categories":[1],"tags":[],"class_list":["post-32930","post","type-post","status-publish","format-standard","has-post-thumbnail","hentry","category-geral"],"_referencia":"","_links":{"self":[{"href":"https:\/\/diariodocomercio.com.br\/mix\/wp-json\/wp\/v2\/posts\/32930","targetHints":{"allow":["GET"]}}],"collection":[{"href":"https:\/\/diariodocomercio.com.br\/mix\/wp-json\/wp\/v2\/posts"}],"about":[{"href":"https:\/\/diariodocomercio.com.br\/mix\/wp-json\/wp\/v2\/types\/post"}],"author":[{"embeddable":true,"href":"https:\/\/diariodocomercio.com.br\/mix\/wp-json\/wp\/v2\/users\/9"}],"replies":[{"embeddable":true,"href":"https:\/\/diariodocomercio.com.br\/mix\/wp-json\/wp\/v2\/comments?post=32930"}],"version-history":[{"count":1,"href":"https:\/\/diariodocomercio.com.br\/mix\/wp-json\/wp\/v2\/posts\/32930\/revisions"}],"predecessor-version":[{"id":32932,"href":"https:\/\/diariodocomercio.com.br\/mix\/wp-json\/wp\/v2\/posts\/32930\/revisions\/32932"}],"wp:featuredmedia":[{"embeddable":true,"href":"https:\/\/diariodocomercio.com.br\/mix\/wp-json\/wp\/v2\/media\/6299"}],"wp:attachment":[{"href":"https:\/\/diariodocomercio.com.br\/mix\/wp-json\/wp\/v2\/media?parent=32930"}],"wp:term":[{"taxonomy":"category","embeddable":true,"href":"https:\/\/diariodocomercio.com.br\/mix\/wp-json\/wp\/v2\/categories?post=32930"},{"taxonomy":"post_tag","embeddable":true,"href":"https:\/\/diariodocomercio.com.br\/mix\/wp-json\/wp\/v2\/tags?post=32930"}],"curies":[{"name":"wp","href":"https:\/\/api.w.org\/{rel}","templated":true}]}}