{"id":32938,"date":"2026-01-22T10:57:44","date_gmt":"2026-01-22T13:57:44","guid":{"rendered":"https:\/\/diariodocomercio.com.br\/mix\/?p=32938"},"modified":"2026-01-22T10:57:47","modified_gmt":"2026-01-22T13:57:47","slug":"com-construcoes-deslumbrantes-e-igrejas-centenarias-esta-e-a-cidade-mais-historica-do-rj","status":"publish","type":"post","link":"https:\/\/diariodocomercio.com.br\/mix\/com-construcoes-deslumbrantes-e-igrejas-centenarias-esta-e-a-cidade-mais-historica-do-rj\/","title":{"rendered":"Com constru\u00e7\u00f5es deslumbrantes e igrejas centen\u00e1rias, esta \u00e9 a cidade mais hist\u00f3rica do RJ"},"content":{"rendered":"\n<p>Quando pensamos em viajar para o estado do Rio de Janeiro, a maioria das pessoas vai pensar nas praias, no Carnaval ou talvez em aproveitar para fazer muitas trilhas, mas muita gente n\u00e3o pensa no turismo hist\u00f3rico. Um exemplo de cidade hist\u00f3rica do estado \u00e9 Vassouras, a pouco mais de 100 quil\u00f4metros da capital.<\/p>\n\n\n\n<p>Conhecida como a &#8220;cidade dos bar\u00f5es&#8221;, Vassouras conta com um centro hist\u00f3rico tombado pelo IPHAN (Instituto do Patrim\u00f4nio Hist\u00f3rico e Art\u00edstico Nacional), que \u00e9 considerado, de acordo com a Revista Forum, <em>&#8220;um dos conjuntos arquitet\u00f4nicos mais representativos do Brasil oitocentista.&#8221;<\/em><\/p>\n\n\n\n<p>Localizada na regi\u00e3o conhecida como Vale do Caf\u00e9, Vassouras viveu seu auge com a produ\u00e7\u00e3o cafeeira que se tornou o centro da economia brasileira no s\u00e9culo XIX. Segundo a Forum, durante essa \u00e9poca, a regi\u00e3o do Vale produziu grande parte do caf\u00e9 consumido n\u00e3o apenas no Brasil, mas tamb\u00e9m no mundo inteiro.<\/p>\n\n\n\n<p>Essa for\u00e7a econ\u00f4mica da cidade teve um impacto sobre a paisagem urbana do local, que contava com v\u00e1rios palacetes, teatros, clubes e igrejas, al\u00e9m de fazendas suntuosas, para combinar com o prest\u00edgio dos moradores.<\/p>\n\n\n\n<h2 class=\"wp-block-heading\">O que conhecer na cidade hist\u00f3rica da Vassouras<\/h2>\n\n\n\n<p>Um dos principais pontos da cidade fluminense \u00e9 a Pra\u00e7a Bar\u00e3o de Campo Belo, que pode render fotos bem bonitas durante a sua passagem por l\u00e1 com as palmeiras imperiais. Na pra\u00e7a, voc\u00ea tamb\u00e9m encontra a Igreja Matriz do local, de Nossa Senhora de Concei\u00e7\u00e3o. O edif\u00edcio foi constru\u00eddo entre 1835 e 1857 e, segundo o site Visite Vassouras, aos domingos, o local conta uma amostra de arte sacra com pe\u00e7as hist\u00f3ricas &#8211;  e a entrada \u00e9 gratuita!<\/p>\n\n\n\n<p>Al\u00e9m da matriz, ao redor da pra\u00e7a, voc\u00ea tamb\u00e9m encontra outros pr\u00e9dios hist\u00f3ricos que fazem o centro da cidade parecer uma verdadeira viagem no tempo. Um exemplo \u00e9 o Centro Cultural Cazuza, fundado na casa onde a m\u00e3e do cantor, Lucinha Ara\u00fajo, nasceu. Para os f\u00e3s do artista, o segundo andar conta com pe\u00e7as de roupa, letras de m\u00fasica e fotos de shows.<\/p>\n\n\n\n<p>O site Viciada em Viajar indica tamb\u00e9m que voc\u00ea conhe\u00e7a a esta\u00e7\u00e3o ferrovi\u00e1ria, que conta com o Memorial do Trem e at\u00e9 uma locomotiva antiga em que voc\u00ea pode subir, e o Museu Casa da Hera, um palacete constru\u00eddo em 1830 com v\u00e1rios m\u00f3veis, roupas e objetos de decora\u00e7\u00e3o do s\u00e9culo XIX, al\u00e9m do jardim de inferno com rosas de uma esp\u00e9cie rar\u00edssima.<\/p>\n\n\n\n<style>@media (min-width: 992px) {\n    .recomendadorV2Area1 {\n        width: 280px;\n    }\n    .recomendadorV2Area2 {\n        padding: 0px 20px;\n        width: calc(100% - 280px);\n    }\n}\n\n@media (max-width: 992px) {\n    .recomendadorV2Button {\n        margin: 0 auto;\n    }\n    .recomendadorV2Area {\n        flex-direction: column;\n        text-align: center;\n    }\n    .recomendadorV2Area2 {\n        padding: 0px 20px;\n    }\n}\n\n.recomendadorV2Area {\n    background: #eeeeee3d;\n    border-radius: 10px;\n    padding: 15px;\n    display: flex;\n    margin: 15px auto;\n    border: 1px solid #00000014;\n    max-width: 800px;\n}\n\n.recomendadorV2Area1 img {\n    width: 280px;\n    height: auto;\n    border-radius: 8px;\n}\n\n.linkrecomendadorv2 {\n    text-decoration: none !important;\n}\n\n.recomendadorV2Area2 .recomendadorV2Type {\n    text-transform: uppercase;\n    font-weight: 500;\n    font-size: 11px;\n    letter-spacing: 2px;\n    color: #666;\n    margin: 12px 0;\n    display: block;\n}\n\n.recomendadorV2Title h2 {\n    padding-top: 0px !important;\n    margin: 0px !important;\n    border-left: none !important;\n    padding-left: 0px !important;\n    line-height: 1.3;\n    color: #000 !important;\n    font-size: 24px;\n    margin-bottom: 12px !important;\n}\n\n.recomendadorV2Desc {\n    color: #333;\n    margin: 12px 0px !important;\n    font-size: 15px;\n    line-height: 1.5;\n}\n\n.recomendadorV2Button {\n    width: auto;\n    max-width: 200px;\n    margin: 0;\n    display: inline-flex;\n    align-items: center;\n    background: #1D3557;\n    border-radius: 8px;\n    color: #fff;\n    height: 36px;\n    justify-content: center;\n    text-align: center;\n    font-size: 14px;\n    padding: 0 20px;\n    transition: background-color 0.2s ease;\n}\n\n.recomendadorV2Button:hover {\n    background: #2a4d7a;\n}\n\n.recomendadorV2Button:after {\n    margin-top: -2px;\n    content: \"\u2192\";\n    padding: 0px 0px 0px 8px;\n}\n\n.recomendadorV2Alert {\n    text-align: left;\n    font-size: 11px;\n    margin-top: 8px;\n    color: #666;\n}\n\n.recomendadorFixedArea {\n    width: 100%;\n    display: flex;\n    justify-content: center;\n    align-items: center;\n}\n\n@media (min-width: 992px) {\n    #recomendadorFixed {\n        width: 32% !important;\n        left: 5%;\n    }\n    .recomendadorCloseFixed{\n        right: inherit !important;\n        left: 378px !important;\n    }\n}\n\n#recomendadorFixed {\n    width: 90%;\n    box-shadow: 0 10px 20px 0px #00000057;\n    display: none;\n    height: 90px;\n    background: #F6F6F6;\n    position: fixed;\n    flex-direction: row;\n    bottom: 10px;\n    z-index: 9999;\n    border-radius: 16px;\n    padding: 7px 10px;\n}\n\n.recomendadorLeftArea {\n    width: 160px;\n}\n\n.recomendadorRightArea h2 {\n    padding-top: 0px;\n    margin: 2px 0px 4px 0px !important;\n    font-weight: 400;\n    text-align: center;\n    padding-left: 0px !important;\n    color: #000 !important;\n    border-left: none !important;\n    line-height: 20px;\n    font-size: 12px !important;\n}\n\n.recomendadorImgFixed {\n    overflow: hidden;\n    padding: 8px 6px;\n    height: 100%;\n}\n\n.recomendadorImgFixed img {\n    height: 100% !important;\n    border-radius: 16px;\n}\n\n.recomendadorRightArea {\n    padding-top: 6px;\n    display: flex;\n    width: calc(100% - 130px);\n    justify-content: space-between;\n    align-items: center;\n    flex-direction: column;\n}\n\n.recomendadorButtonFixed {\n    margin: 0 auto;\n    background: #1D3557;\n    width: 80%;\n    text-align: center;\n    font-size: 10px;\n    color: #FFF;\n    padding: 2px 10px;\n    border-radius: 3px;\n}\n\n.recomendadorButtonFixed:after {\n    margin-top: -3px;\n    content: \"\u2192\";\n    padding: 0px 0px 0px 10px;\n}\n\n.recomendadorAlertFixed {\n    font-weight: 400;\n    text-align: center;\n    color: #484848;\n    font-size: 8px;\n}\n\n.recomendadorCloseFixed {\n    z-index: 99999;\n    display: none;\n    right: 0px;\n    left: inherit;\n    bottom: 99px;\n    position: fixed;\n    justify-content: center;\n    background: #F6F6F6;\n    width: 25px;\n    align-items: center;\n    height: 25px;\n    font-weight: 800;\n    border-radius: 50%;\n    border: 1px solid #EBEBEB;\n}\n\n.recomendadorV2Desc{\n    color: #000000;\n    margin: 20px 0px;\n}\n\n@media (max-width: 576px) {\n    .recomendadorV2Area {\n      padding: 10px;\n      max-width: 100%;\n    }\n  \n    .recomendadorV2Area1 img {\n      width: 100%;\n      border-radius: 6px;\n    }\n  \n    .recomendadorV2Area2 .recomendadorV2Type {\n      font-size: 9px;\n      letter-spacing: 1px;\n      margin: 8px 0;\n    }\n  \n    .recomendadorV2Title h2 {\n      font-size: 18px !important;\n      margin-bottom: 8px !important;\n      line-height: 1.2;\n    }\n  \n    .recomendadorV2Desc {\n      font-size: 14px;\n      margin: 8px 0 !important;\n      line-height: 1.4;\n    }\n  \n    .recomendadorV2Button {\n      font-size: 14px;\n      height: 40px;\n      padding: 0 12px;\n      max-width: 100%;\n      width: 100%;\n    }\n  \n    .recomendadorV2Button:after {\n      padding-left: 6px;\n    }\n  }\n  <\/style>\n        <div class=\"lazyblock-recomendador-v2-2jDGz wp-block-lazyblock-recomendador-v2\">\n        <a class=\"linkrecomendadorv2\" href=\"https:\/\/diariodocomercio.com.br\/mix\/por-que-voce-sente-sono-depois-do-almoco\/\">\n            <div class=\"recomendadorV2Area\">\n            <div class=\"recomendadorV2Area1\">\n                <div class=\"recomendadorV2Img\">\n                <img class=\"lazyloaded\" decoding=\"async\" src=\"https:\/\/diariodocomercio.com.br\/mix\/wp-content\/uploads\/2026\/01\/sono.jpg\" data-src=\"https:\/\/diariodocomercio.com.br\/mix\/wp-content\/uploads\/2026\/01\/sono.jpg\" alt=\"\">\n                <\/div>\n            <\/div>\n            <div class=\"recomendadorV2Area2\">\n                <div class=\"recomendadorV2Type\">\n                    <span>CURIOSIDADES<\/span>\n                <\/div>\n                <div class=\"recomendadorV2Title\">\n                <h2><span>Por que voc\u00ea sente sono depois do almo\u00e7o?<\/span><\/h2>\n                <\/div>\n                <div class=\"recomendadorV2Desc\">\n                <span>Atire a primeira pedra quem nunca aproveitou aquele almo\u00e7o de domingo e logo depois come\u00e7ou a abrir boca. Sentir sono \u2026<\/span>\n                <\/div>\n                <div class=\"recomendadorV2Button\">Leia mais<\/div>\n                <div class=\"recomendadorV2Alert\"><\/div>\n            <\/div>\n            <\/div>\n        <\/a>\n        <div>\n            <div style=\"z-index:99999;\" id=\"buttonClose\" onclick=\"closeRecomendadorFixed()\">\n            <div class=\"recomendadorCloseFixed\">X<\/div>\n            <\/div>\n            <a href=\"https:\/\/diariodocomercio.com.br\/mix\/por-que-voce-sente-sono-depois-do-almoco\/\">\n            <div class=\"recomendadorFixedArea\">\n                <div id=\"recomendadorFixed\">\n                <div class=\"recomendadorLeftArea\">\n                    <div class=\"recomendadorImgFixed\">\n                    <img class=\"lazyload\" decoding=\"async\" src=\"https:\/\/diariodocomercio.com.br\/mix\/wp-content\/uploads\/2026\/01\/sono.jpg\" alt=\"\">\n                    <\/div>\n                <\/div>\n                <div class=\"recomendadorRightArea\">\n                    <div class=\"recomendadorTitleFixed\">\n                    <h2><span>Por que voc\u00ea sente sono depois do almo\u00e7o?<\/span><\/h2>\n                    <\/div>\n                    <div class=\"recomendadorButtonFixed\">Leia mais<\/div>\n                    <div class=\"recomendadorAlertFixed\"><\/div>\n                <\/div>\n                <\/div>\n            <\/div>\n            <\/a>\n        <\/div>\n        <\/div>\n","protected":false},"excerpt":{"rendered":"<p>Para quem gosta de conhecer cidades hist\u00f3ricas, essa cidade a mais ou menos 100 km da capital Rio de Janeiro \u00e9 uma \u00f3tima op\u00e7\u00e3o.<\/p>\n","protected":false},"author":6,"featured_media":32939,"comment_status":"closed","ping_status":"closed","sticky":false,"template":"","format":"standard","meta":{"jnews-multi-image_gallery":[],"jnews_single_post":{"format":"standard"},"jnews_primary_category":[],"jnews_social_meta":[],"jnews_override_counter":[],"jnews_post_split":[],"footnotes":""},"categories":[1],"tags":[],"class_list":["post-32938","post","type-post","status-publish","format-standard","has-post-thumbnail","hentry","category-geral"],"_referencia":"","_links":{"self":[{"href":"https:\/\/diariodocomercio.com.br\/mix\/wp-json\/wp\/v2\/posts\/32938","targetHints":{"allow":["GET"]}}],"collection":[{"href":"https:\/\/diariodocomercio.com.br\/mix\/wp-json\/wp\/v2\/posts"}],"about":[{"href":"https:\/\/diariodocomercio.com.br\/mix\/wp-json\/wp\/v2\/types\/post"}],"author":[{"embeddable":true,"href":"https:\/\/diariodocomercio.com.br\/mix\/wp-json\/wp\/v2\/users\/6"}],"replies":[{"embeddable":true,"href":"https:\/\/diariodocomercio.com.br\/mix\/wp-json\/wp\/v2\/comments?post=32938"}],"version-history":[{"count":1,"href":"https:\/\/diariodocomercio.com.br\/mix\/wp-json\/wp\/v2\/posts\/32938\/revisions"}],"predecessor-version":[{"id":32943,"href":"https:\/\/diariodocomercio.com.br\/mix\/wp-json\/wp\/v2\/posts\/32938\/revisions\/32943"}],"wp:featuredmedia":[{"embeddable":true,"href":"https:\/\/diariodocomercio.com.br\/mix\/wp-json\/wp\/v2\/media\/32939"}],"wp:attachment":[{"href":"https:\/\/diariodocomercio.com.br\/mix\/wp-json\/wp\/v2\/media?parent=32938"}],"wp:term":[{"taxonomy":"category","embeddable":true,"href":"https:\/\/diariodocomercio.com.br\/mix\/wp-json\/wp\/v2\/categories?post=32938"},{"taxonomy":"post_tag","embeddable":true,"href":"https:\/\/diariodocomercio.com.br\/mix\/wp-json\/wp\/v2\/tags?post=32938"}],"curies":[{"name":"wp","href":"https:\/\/api.w.org\/{rel}","templated":true}]}}