{"id":32940,"date":"2026-01-22T10:30:23","date_gmt":"2026-01-22T13:30:23","guid":{"rendered":"https:\/\/diariodocomercio.com.br\/mix\/?p=32940"},"modified":"2026-01-22T10:30:25","modified_gmt":"2026-01-22T13:30:25","slug":"adeus-carrefour-brasileiros-dao-adeus-a-supermercado-que-marcou-historia-no-pais","status":"publish","type":"post","link":"https:\/\/diariodocomercio.com.br\/mix\/adeus-carrefour-brasileiros-dao-adeus-a-supermercado-que-marcou-historia-no-pais\/","title":{"rendered":"Adeus, Carrefour: brasileiros d\u00e3o adeus a supermercado que marcou hist\u00f3ria no pa\u00eds"},"content":{"rendered":"\n<p>O <strong>Carrefour Champagnat,<\/strong> localizado em <strong>Curitiba, <\/strong>enfrenta desafios desde o an\u00fancio do encerramento de suas opera\u00e7\u00f5es em dezembro de 2025. Lojistas que ocupam a galeria do local come\u00e7aram a desocupar o espa\u00e7o, preocupados com a falta de prazo oficial para o fechamento total.<\/p>\n\n\n\n<p>A indefini\u00e7\u00e3o e a aus\u00eancia de comunica\u00e7\u00e3o clara sobre a desocupa\u00e7\u00e3o complicam ainda mais a situa\u00e7\u00e3o.<\/p>\n\n\n\n<p>Recentemente, o terreno de 90 mil metros quadrados foi vendido por R$ 300 milh\u00f5es. O espa\u00e7o abrigar\u00e1 um novo empreendimento imobili\u00e1rio, causando apreens\u00e3o entre lojistas que temem pela descontinuidade abrupta de suas atividades. Os primeiros a fechar, como o Sal\u00e3o Tradicionale, relatam a falta de aviso pr\u00e9vio como uma surpresa desagrad\u00e1vel.<\/p>\n\n\n\n<h2 class=\"wp-block-heading\">Novo megaempreendimento<\/h2>\n\n\n\n<p>No local do Carrefour, ser\u00e1 constru\u00eddo um complexo que incluir\u00e1 torres residenciais e comerciais. Esse projeto prev\u00ea um valor geral de vendas de R$ 6 bilh\u00f5es, transformando a regi\u00e3o em um polo estrat\u00e9gico de neg\u00f3cios.&nbsp;<\/p>\n\n\n\n<p>Contudo, a transi\u00e7\u00e3o dos atuais lojistas permanece incerta, gerando preocupa\u00e7\u00e3o com o futuro de suas opera\u00e7\u00f5es.<\/p>\n\n\n\n<p>Com a mudan\u00e7a iminente, investidores est\u00e3o \u00e0 procura de parceiros para viabilizar o projeto. A infraestrutura prevista promete dinamizar o cen\u00e1rio econ\u00f4mico de Curitiba, enquanto os lojistas aguardam solu\u00e7\u00f5es para os contratos em vigor.<\/p>\n\n\n\n<h2 class=\"wp-block-heading\">Disputas legais&nbsp;<\/h2>\n\n\n\n<p>Lojistas buscam medidas pragm\u00e1ticas, como realoca\u00e7\u00e3o vi\u00e1vel ou indeniza\u00e7\u00f5es justas. At\u00e9 agora, as negocia\u00e7\u00f5es s\u00e3o realizadas individualmente, e alguns lojistas j\u00e1 receberam notifica\u00e7\u00f5es de desocupa\u00e7\u00e3o sem propostas compensat\u00f3rias satisfat\u00f3rias. A defesa dos lojistas sugere que uma media\u00e7\u00e3o coletiva poderia evitar lit\u00edgios prolongados.<\/p>\n\n\n\n<p>A falta de um acordo claro pode aumentar os custos judiciais para todas as partes. Muitos lojistas veem a media\u00e7\u00e3o coletiva como uma solu\u00e7\u00e3o racional para evitar disputas legais desgastantes e financeiramente dr\u00e1sticas.<\/p>\n\n\n\n<p>Atualmente, o Grupo Carrefour n\u00e3o definiu um cronograma concreto para o fechamento das opera\u00e7\u00f5es no local. A prefeitura de Curitiba tamb\u00e9m n\u00e3o emitiu alvar\u00e1s de demoli\u00e7\u00e3o ou constru\u00e7\u00e3o, ampliando o cen\u00e1rio de indefini\u00e7\u00e3o para todos os envolvidos.<\/p>\n","protected":false},"excerpt":{"rendered":"<p>Encerramento acabou gerando impasse. Confira detalhes.<\/p>\n","protected":false},"author":12,"featured_media":32941,"comment_status":"closed","ping_status":"closed","sticky":false,"template":"","format":"standard","meta":{"jnews-multi-image_gallery":[],"jnews_single_post":{"format":"standard"},"jnews_primary_category":[],"jnews_social_meta":[],"jnews_override_counter":[],"jnews_post_split":[],"footnotes":""},"categories":[1],"tags":[],"class_list":["post-32940","post","type-post","status-publish","format-standard","has-post-thumbnail","hentry","category-geral"],"_referencia":"","_links":{"self":[{"href":"https:\/\/diariodocomercio.com.br\/mix\/wp-json\/wp\/v2\/posts\/32940","targetHints":{"allow":["GET"]}}],"collection":[{"href":"https:\/\/diariodocomercio.com.br\/mix\/wp-json\/wp\/v2\/posts"}],"about":[{"href":"https:\/\/diariodocomercio.com.br\/mix\/wp-json\/wp\/v2\/types\/post"}],"author":[{"embeddable":true,"href":"https:\/\/diariodocomercio.com.br\/mix\/wp-json\/wp\/v2\/users\/12"}],"replies":[{"embeddable":true,"href":"https:\/\/diariodocomercio.com.br\/mix\/wp-json\/wp\/v2\/comments?post=32940"}],"version-history":[{"count":1,"href":"https:\/\/diariodocomercio.com.br\/mix\/wp-json\/wp\/v2\/posts\/32940\/revisions"}],"predecessor-version":[{"id":32942,"href":"https:\/\/diariodocomercio.com.br\/mix\/wp-json\/wp\/v2\/posts\/32940\/revisions\/32942"}],"wp:featuredmedia":[{"embeddable":true,"href":"https:\/\/diariodocomercio.com.br\/mix\/wp-json\/wp\/v2\/media\/32941"}],"wp:attachment":[{"href":"https:\/\/diariodocomercio.com.br\/mix\/wp-json\/wp\/v2\/media?parent=32940"}],"wp:term":[{"taxonomy":"category","embeddable":true,"href":"https:\/\/diariodocomercio.com.br\/mix\/wp-json\/wp\/v2\/categories?post=32940"},{"taxonomy":"post_tag","embeddable":true,"href":"https:\/\/diariodocomercio.com.br\/mix\/wp-json\/wp\/v2\/tags?post=32940"}],"curies":[{"name":"wp","href":"https:\/\/api.w.org\/{rel}","templated":true}]}}