{"id":32967,"date":"2026-01-22T14:22:23","date_gmt":"2026-01-22T17:22:23","guid":{"rendered":"https:\/\/diariodocomercio.com.br\/mix\/?p=32967"},"modified":"2026-01-22T14:22:25","modified_gmt":"2026-01-22T17:22:25","slug":"empresa-indicada-por-vinicius-junior-vai-a-falencia-e-congela-dinheiro-de-brasileiros","status":"publish","type":"post","link":"https:\/\/diariodocomercio.com.br\/mix\/empresa-indicada-por-vinicius-junior-vai-a-falencia-e-congela-dinheiro-de-brasileiros\/","title":{"rendered":"Empresa indicada por Vin\u00edcius J\u00fanior vai \u00e0 fal\u00eancia e congela dinheiro de brasileiros"},"content":{"rendered":"\n<p>Clientes do&nbsp;<strong>Will Bank<\/strong>, banco digital que ganhou proje\u00e7\u00e3o nacional ao associar sua marca a celebridades como&nbsp;<strong>Vin\u00edcius J\u00fanior<\/strong>,&nbsp;<strong>Luciano Huck<\/strong>&nbsp;e grandes influenciadores, foram surpreendidos nesta quarta-feira (21) com uma not\u00edcia grave: o&nbsp;<strong>Banco Central decretou a liquida\u00e7\u00e3o extrajudicial da institui\u00e7\u00e3o<\/strong>, bloqueando todas as opera\u00e7\u00f5es financeiras e o acesso aos recursos depositados.<\/p>\n\n\n\n<p>Com a medida, transfer\u00eancias, pagamentos e movimenta\u00e7\u00f5es ficaram suspensos, e os valores dos correntistas agora s\u00f3 poder\u00e3o ser recuperados por meio do\u00a0<strong>Fundo Garantidor de Cr\u00e9ditos (FGC)<\/strong>, mecanismo que protege clientes de institui\u00e7\u00f5es financeiras em caso de fal\u00eancia.<\/p>\n\n\n\n<p>Durante anos, o Will Bank investiu fortemente em campanhas publicit\u00e1rias estreladas por figuras populares, mirando principalmente consumidores das classes&nbsp;<strong>C e D<\/strong>. O objetivo era refor\u00e7ar a imagem de simplicidade, inclus\u00e3o financeira e facilidade de acesso ao cr\u00e9dito.<\/p>\n\n\n\n<p>Entre os nomes que participaram das campanhas est\u00e3o o atacante do Real Madrid e da Sele\u00e7\u00e3o Brasileira&nbsp;<strong>Vin\u00edcius J\u00fanior<\/strong>, o apresentador&nbsp;<strong>Luciano Huck<\/strong>, o cantor&nbsp;<strong>Jo\u00e3o Gomes<\/strong>, al\u00e9m de influenciadores e artistas como&nbsp;<strong>Whindersson Nunes, Simone Mendes, Pabllo Vittar, Rebeca Andrade, Thelma Assis e Ma\u00edsa<\/strong>. As a\u00e7\u00f5es ajudaram o banco a expandir sua base de clientes em todo o pa\u00eds.<\/p>\n\n\n<div class=\"wp-block-image\">\n<figure class=\"aligncenter size-full\"><img decoding=\"async\" width=\"900\" height=\"400\" src=\"https:\/\/diariodocomercio.com.br\/mix\/wp-content\/uploads\/2026\/01\/image-240.png\" alt=\"\" class=\"wp-image-32975\" srcset=\"https:\/\/diariodocomercio.com.br\/mix\/wp-content\/uploads\/2026\/01\/image-240.png 900w, https:\/\/diariodocomercio.com.br\/mix\/wp-content\/uploads\/2026\/01\/image-240-300x133.png 300w, https:\/\/diariodocomercio.com.br\/mix\/wp-content\/uploads\/2026\/01\/image-240-768x341.png 768w, https:\/\/diariodocomercio.com.br\/mix\/wp-content\/uploads\/2026\/01\/image-240-150x67.png 150w, https:\/\/diariodocomercio.com.br\/mix\/wp-content\/uploads\/2026\/01\/image-240-750x333.png 750w\" sizes=\"(max-width: 900px) 100vw, 900px\" \/><figcaption class=\"wp-element-caption\">(Reprodu\u00e7\u00e3o\/Will Bank)<\/figcaption><\/figure>\n<\/div>\n\n\n<h3 class=\"wp-block-heading\"><strong>O que acontece com o dinheiro dos clientes<\/strong><\/h3>\n\n\n\n<p>Com a liquida\u00e7\u00e3o decretada, os recursos depositados no Will Bank passam a ser cobertos pelo&nbsp;<strong>FGC<\/strong>, que garante at\u00e9&nbsp;<strong>R$ 250 mil por CPF ou CNPJ<\/strong>, considerando o conjunto de institui\u00e7\u00f5es financeiras.<\/p>\n\n\n\n<p>Segundo o fundo, o valor total estimado para ressarcimento chega a&nbsp;<strong>R$ 6,3 bilh\u00f5es<\/strong>, embora o n\u00famero exato de clientes e os montantes individuais ainda estejam sendo consolidados.<\/p>\n\n\n\n<p>O ressarcimento, por\u00e9m,&nbsp;<strong>n\u00e3o \u00e9 imediato<\/strong>. De acordo com o FGC, o prazo para in\u00edcio dos pagamentos costuma variar entre&nbsp;<strong>30 e 60 dias<\/strong>, ap\u00f3s o levantamento completo das informa\u00e7\u00f5es.<\/p>\n\n\n\n<p>O pagamento&nbsp;<strong>n\u00e3o ocorre automaticamente<\/strong>. Os clientes precisam solicitar o ressarcimento por meio do&nbsp;<strong>aplicativo do Fundo Garantidor de Cr\u00e9ditos<\/strong>, dispon\u00edvel para Android e iOS.<br>Enquanto aguardam a libera\u00e7\u00e3o, os correntistas j\u00e1 podem baixar o app e realizar o cadastro. O FGC informar\u00e1 quando a op\u00e7\u00e3o de solicita\u00e7\u00e3o estiver dispon\u00edvel.<\/p>\n\n\n\n<h2 class=\"wp-block-heading\"><strong>E quem recebia sal\u00e1rio pelo Will Bank?<\/strong><\/h2>\n\n\n\n<p>Dep\u00f3sitos futuros, como sal\u00e1rios,&nbsp;<strong>n\u00e3o ser\u00e3o conclu\u00eddos<\/strong>&nbsp;ap\u00f3s o bloqueio das contas. Ou seja, n\u00e3o h\u00e1 risco de novos valores entrarem no sistema do banco.<br>J\u00e1 quem recebeu recentemente e manteve o dinheiro na conta ter\u00e1 que aguardar o processo do FGC para reaver os recursos.<\/p>\n\n\n\n<p>A decis\u00e3o do Banco Central foi respaldada pela&nbsp;<strong>Federa\u00e7\u00e3o Brasileira de Bancos (Febraban)<\/strong>, que divulgou nota defendendo a atua\u00e7\u00e3o do regulador.<\/p>\n\n\n\n<p>Segundo a entidade, o BC tem o dever de agir para&nbsp;<strong>preservar a estabilidade do sistema financeiro<\/strong>, evitando riscos de cont\u00e1gio e garantindo a apura\u00e7\u00e3o rigorosa dos fatos, al\u00e9m da responsabiliza\u00e7\u00e3o dos agentes envolvidos.<\/p>\n","protected":false},"excerpt":{"rendered":"<p>Clientes do&nbsp;Will Bank, banco digital que ganhou proje\u00e7\u00e3o nacional ao associar sua marca a celebridades como&nbsp;Vin\u00edcius J\u00fanior,&nbsp;Luciano Huck&nbsp;e grandes influenciadores, foram surpreendidos nesta quarta-feira (21) com uma not\u00edcia grave: o&nbsp;Banco Central decretou a liquida\u00e7\u00e3o extrajudicial da institui\u00e7\u00e3o, bloqueando todas as opera\u00e7\u00f5es financeiras e o acesso aos recursos depositados. Com a medida, transfer\u00eancias, pagamentos e movimenta\u00e7\u00f5es [&hellip;]<\/p>\n","protected":false},"author":9,"featured_media":20995,"comment_status":"closed","ping_status":"closed","sticky":false,"template":"","format":"standard","meta":{"jnews-multi-image_gallery":[],"jnews_single_post":{"format":"standard"},"jnews_primary_category":[],"jnews_social_meta":[],"jnews_override_counter":[],"jnews_post_split":[],"footnotes":""},"categories":[1],"tags":[],"class_list":["post-32967","post","type-post","status-publish","format-standard","has-post-thumbnail","hentry","category-geral"],"_referencia":"","_links":{"self":[{"href":"https:\/\/diariodocomercio.com.br\/mix\/wp-json\/wp\/v2\/posts\/32967","targetHints":{"allow":["GET"]}}],"collection":[{"href":"https:\/\/diariodocomercio.com.br\/mix\/wp-json\/wp\/v2\/posts"}],"about":[{"href":"https:\/\/diariodocomercio.com.br\/mix\/wp-json\/wp\/v2\/types\/post"}],"author":[{"embeddable":true,"href":"https:\/\/diariodocomercio.com.br\/mix\/wp-json\/wp\/v2\/users\/9"}],"replies":[{"embeddable":true,"href":"https:\/\/diariodocomercio.com.br\/mix\/wp-json\/wp\/v2\/comments?post=32967"}],"version-history":[{"count":1,"href":"https:\/\/diariodocomercio.com.br\/mix\/wp-json\/wp\/v2\/posts\/32967\/revisions"}],"predecessor-version":[{"id":32976,"href":"https:\/\/diariodocomercio.com.br\/mix\/wp-json\/wp\/v2\/posts\/32967\/revisions\/32976"}],"wp:featuredmedia":[{"embeddable":true,"href":"https:\/\/diariodocomercio.com.br\/mix\/wp-json\/wp\/v2\/media\/20995"}],"wp:attachment":[{"href":"https:\/\/diariodocomercio.com.br\/mix\/wp-json\/wp\/v2\/media?parent=32967"}],"wp:term":[{"taxonomy":"category","embeddable":true,"href":"https:\/\/diariodocomercio.com.br\/mix\/wp-json\/wp\/v2\/categories?post=32967"},{"taxonomy":"post_tag","embeddable":true,"href":"https:\/\/diariodocomercio.com.br\/mix\/wp-json\/wp\/v2\/tags?post=32967"}],"curies":[{"name":"wp","href":"https:\/\/api.w.org\/{rel}","templated":true}]}}