{"id":32977,"date":"2026-01-22T14:38:17","date_gmt":"2026-01-22T17:38:17","guid":{"rendered":"https:\/\/diariodocomercio.com.br\/mix\/?p=32977"},"modified":"2026-01-22T14:38:19","modified_gmt":"2026-01-22T17:38:19","slug":"cidade-no-interior-de-sp-e-comparada-a-california-pelo-clima-tropical-e-vida-noturna","status":"publish","type":"post","link":"https:\/\/diariodocomercio.com.br\/mix\/cidade-no-interior-de-sp-e-comparada-a-california-pelo-clima-tropical-e-vida-noturna\/","title":{"rendered":"Cidade no interior de SP \u00e9 comparada \u00e0 Calif\u00f3rnia pelo clima tropical e vida noturna"},"content":{"rendered":"\n<p>Localizada a cerca de&nbsp;<strong>315 quil\u00f4metros da capital paulista<\/strong>, Ribeir\u00e3o Preto se consolidou como um dos principais polos econ\u00f4micos e urbanos do interior de S\u00e3o Paulo. Com clima quente durante a maior parte do ano, crescimento acelerado, vida noturna intensa e alta renda per capita, a cidade passou a ser conhecida como a&nbsp;<strong>\u201cCalif\u00f3rnia Brasileira\u201d<\/strong>, apelido que remete tanto ao estilo de vida quanto ao dinamismo econ\u00f4mico do munic\u00edpio.<\/p>\n\n\n\n<p>O t\u00edtulo come\u00e7ou a ganhar for\u00e7a no&nbsp;<strong>final da d\u00e9cada de 1980<\/strong>, per\u00edodo em que a cidade experimentou forte expans\u00e3o econ\u00f4mica. A compara\u00e7\u00e3o surgiu para destacar o desenvolvimento tecnol\u00f3gico e agr\u00edcola da regi\u00e3o, especialmente impulsionado pela&nbsp;<strong>cana-de-a\u00e7\u00facar<\/strong>, al\u00e9m da diversifica\u00e7\u00e3o do setor de servi\u00e7os.<\/p>\n\n\n\n<p>Assim como o estado norte-americano da Calif\u00f3rnia, Ribeir\u00e3o Preto passou a ser vista como um territ\u00f3rio de oportunidades, com ambiente favor\u00e1vel a neg\u00f3cios, perfil cosmopolita e economia vibrante. Hoje, o munic\u00edpio figura entre os maiores&nbsp;<strong>PIBs do interior do Brasil<\/strong>, com destaque para agroneg\u00f3cio, com\u00e9rcio, tecnologia, sa\u00fade e educa\u00e7\u00e3o.<\/p>\n\n\n\n<h2 class=\"wp-block-heading\"><strong>Crescimento econ\u00f4mico e ambiente empreendedor<\/strong><\/h2>\n\n\n\n<p>O avan\u00e7o de Ribeir\u00e3o Preto acompanha uma tend\u00eancia nacional de fortalecimento de polos regionais fora das grandes capitais. No&nbsp;<strong>segundo quadrimestre de 2025<\/strong>, a abertura de empresas no Brasil cresceu&nbsp;<strong>14,1%<\/strong>. Na regi\u00e3o de Ribeir\u00e3o Preto, o desempenho foi ainda mais expressivo, com alta de&nbsp;<strong>14,8% no primeiro semestre<\/strong>, segundo dados oficiais.<\/p>\n\n\n\n<p>A cidade tamb\u00e9m se destaca no ecossistema de inova\u00e7\u00e3o. De acordo com o&nbsp;<strong>Sebrae Startups Report S\u00e3o Paulo 2024<\/strong>, Ribeir\u00e3o Preto \u00e9 a&nbsp;<strong>terceira cidade do estado com maior n\u00famero de startups<\/strong>, somando atualmente&nbsp;<strong>174 empresas mapeadas<\/strong>. O ambiente favor\u00e1vel \u00e0 inova\u00e7\u00e3o tem atra\u00eddo novos empreendedores e investimentos, consolidando o munic\u00edpio como refer\u00eancia fora da capital.<\/p>\n\n\n\n<h2 class=\"wp-block-heading\"><strong>Refer\u00eancia nacional em sa\u00fade e educa\u00e7\u00e3o<\/strong><\/h2>\n\n\n\n<p>Com popula\u00e7\u00e3o estimada em&nbsp;<strong>mais de 700 mil habitantes<\/strong>, Ribeir\u00e3o Preto exerce influ\u00eancia econ\u00f4mica, m\u00e9dica e educacional sobre dezenas de munic\u00edpios da regi\u00e3o nordeste paulista. Na \u00e1rea da sa\u00fade, \u00e9 considerada&nbsp;<strong>refer\u00eancia nacional<\/strong>, reunindo hospitais de alta complexidade, cl\u00ednicas especializadas e centros de pesquisa vinculados \u00e0&nbsp;<strong>Universidade de S\u00e3o Paulo (USP)<\/strong>.<\/p>\n\n\n\n<p>Essa estrutura permite que a popula\u00e7\u00e3o local e regional tenha acesso a servi\u00e7os m\u00e9dicos avan\u00e7ados sem a necessidade de deslocamento at\u00e9 a capital, fortalecendo a autonomia do munic\u00edpio e ampliando sua import\u00e2ncia estrat\u00e9gica.<\/p>\n\n\n\n<p>O clima ensolarado e as altas temperaturas, caracter\u00edsticas marcantes da cidade, influenciam diretamente o cotidiano urbano. Ribeir\u00e3o Preto \u00e9 conhecida pela forte cultura de lazer, com&nbsp;<strong>bares, choperias, clubes recreativos<\/strong>&nbsp;e uma vida noturna movimentada.<\/p>\n\n\n\n<p>Espa\u00e7os como o tradicional&nbsp;<strong>Ribeir\u00e3oShopping<\/strong>, al\u00e9m de centros comerciais climatizados e \u00e1reas de conviv\u00eancia, fazem parte da rotina dos moradores. O investimento em mobilidade urbana, servi\u00e7os p\u00fablicos e infraestrutura completa refor\u00e7a a percep\u00e7\u00e3o de qualidade de vida.<\/p>\n","protected":false},"excerpt":{"rendered":"<p>Localizada a cerca de&nbsp;315 quil\u00f4metros da capital paulista, Ribeir\u00e3o Preto se consolidou como um dos principais polos econ\u00f4micos e urbanos do interior de S\u00e3o Paulo. Com clima quente durante a maior parte do ano, crescimento acelerado, vida noturna intensa e alta renda per capita, a cidade passou a ser conhecida como a&nbsp;\u201cCalif\u00f3rnia Brasileira\u201d, apelido que [&hellip;]<\/p>\n","protected":false},"author":9,"featured_media":32978,"comment_status":"closed","ping_status":"closed","sticky":false,"template":"","format":"standard","meta":{"jnews-multi-image_gallery":[],"jnews_single_post":{"format":"standard"},"jnews_primary_category":[],"jnews_social_meta":[],"jnews_override_counter":[],"jnews_post_split":[],"footnotes":""},"categories":[1],"tags":[],"class_list":["post-32977","post","type-post","status-publish","format-standard","has-post-thumbnail","hentry","category-geral"],"_referencia":"","_links":{"self":[{"href":"https:\/\/diariodocomercio.com.br\/mix\/wp-json\/wp\/v2\/posts\/32977","targetHints":{"allow":["GET"]}}],"collection":[{"href":"https:\/\/diariodocomercio.com.br\/mix\/wp-json\/wp\/v2\/posts"}],"about":[{"href":"https:\/\/diariodocomercio.com.br\/mix\/wp-json\/wp\/v2\/types\/post"}],"author":[{"embeddable":true,"href":"https:\/\/diariodocomercio.com.br\/mix\/wp-json\/wp\/v2\/users\/9"}],"replies":[{"embeddable":true,"href":"https:\/\/diariodocomercio.com.br\/mix\/wp-json\/wp\/v2\/comments?post=32977"}],"version-history":[{"count":1,"href":"https:\/\/diariodocomercio.com.br\/mix\/wp-json\/wp\/v2\/posts\/32977\/revisions"}],"predecessor-version":[{"id":32979,"href":"https:\/\/diariodocomercio.com.br\/mix\/wp-json\/wp\/v2\/posts\/32977\/revisions\/32979"}],"wp:featuredmedia":[{"embeddable":true,"href":"https:\/\/diariodocomercio.com.br\/mix\/wp-json\/wp\/v2\/media\/32978"}],"wp:attachment":[{"href":"https:\/\/diariodocomercio.com.br\/mix\/wp-json\/wp\/v2\/media?parent=32977"}],"wp:term":[{"taxonomy":"category","embeddable":true,"href":"https:\/\/diariodocomercio.com.br\/mix\/wp-json\/wp\/v2\/categories?post=32977"},{"taxonomy":"post_tag","embeddable":true,"href":"https:\/\/diariodocomercio.com.br\/mix\/wp-json\/wp\/v2\/tags?post=32977"}],"curies":[{"name":"wp","href":"https:\/\/api.w.org\/{rel}","templated":true}]}}