{"id":32993,"date":"2026-01-25T16:44:00","date_gmt":"2026-01-25T19:44:00","guid":{"rendered":"https:\/\/diariodocomercio.com.br\/mix\/?p=32993"},"modified":"2026-01-22T15:28:58","modified_gmt":"2026-01-22T18:28:58","slug":"em-90-dias-trabalhadores-poderao-receber-r-2-50000-no-caixa-tem","status":"publish","type":"post","link":"https:\/\/diariodocomercio.com.br\/mix\/em-90-dias-trabalhadores-poderao-receber-r-2-50000-no-caixa-tem\/","title":{"rendered":"Em 90 dias trabalhadores poder\u00e3o receber R$ 2.500,00 no Caixa Tem"},"content":{"rendered":"\n<p>Trabalhadores que aderirem ao saque-anivers\u00e1rio do FGTS poder\u00e3o acessar at\u00e9\u00a0<strong>R$ 2.500 pelo Caixa Tem<\/strong>, mas apenas ap\u00f3s cumprir um\u00a0<strong>per\u00edodo de car\u00eancia de 90 dias<\/strong>. A regra faz parte das mudan\u00e7as aprovadas pelo Conselho Curador do FGTS em novembro de 2025 e altera de forma significativa a forma como o fundo pode ser utilizado como alternativa de cr\u00e9dito.<\/p>\n\n\n\n<p>Com o novo formato, cada trabalhador poder\u00e1 realizar&nbsp;<strong>apenas uma antecipa\u00e7\u00e3o por ano<\/strong>, com valor m\u00e1ximo inicial de&nbsp;<strong>R$ 2.500<\/strong>. Ap\u00f3s esse primeiro resgate, os valores liberados nos cinco anos seguintes ficam limitados a&nbsp;<strong>parcelas anuais de at\u00e9 R$ 500<\/strong>.<\/p>\n\n\n\n<p>Al\u00e9m disso, foi institu\u00edda uma car\u00eancia obrigat\u00f3ria: depois de optar pelo saque-anivers\u00e1rio, o trabalhador precisa aguardar&nbsp;<strong>90 dias<\/strong>&nbsp;para solicitar a primeira antecipa\u00e7\u00e3o. Antes da mudan\u00e7a, a opera\u00e7\u00e3o podia ser realizada imediatamente ap\u00f3s a ades\u00e3o.<\/p>\n\n\n\n<p>O objetivo, segundo o Conselho Curador, \u00e9&nbsp;<strong>desacelerar a retirada de recursos do FGTS<\/strong>, evitando o uso recorrente do fundo como empr\u00e9stimo pessoal e preservando recursos para demiss\u00f5es sem justa causa, habita\u00e7\u00e3o popular e obras de infraestrutura.<\/p>\n\n\n\n<h2 class=\"wp-block-heading\"><strong>Limites mais r\u00edgidos para antecipa\u00e7\u00f5es<\/strong><\/h2>\n\n\n\n<p>Outra mudan\u00e7a relevante \u00e9 o n\u00famero de opera\u00e7\u00f5es permitidas. A partir das novas regras, ser\u00e1 poss\u00edvel antecipar&nbsp;<strong>at\u00e9 cinco saques-anivers\u00e1rio<\/strong>, um por ano, dentro de um per\u00edodo de 12 meses. Ap\u00f3s isso, o trabalhador poder\u00e1 contratar at\u00e9&nbsp;<strong>tr\u00eas novas antecipa\u00e7\u00f5es<\/strong>, distribu\u00eddas ao longo de tr\u00eas anos.<\/p>\n\n\n\n<p>Antes, o n\u00famero de antecipa\u00e7\u00f5es era definido pelas institui\u00e7\u00f5es financeiras, o que levou a contratos que comprometiam o saldo do FGTS por d\u00e9cadas. Atualmente, a m\u00e9dia era de oito antecipa\u00e7\u00f5es por contrato.<\/p>\n\n\n\n<p>Tamb\u00e9m houve altera\u00e7\u00e3o nos valores: agora, o limite m\u00ednimo por saque \u00e9 de&nbsp;<strong>R$ 100<\/strong>, e o m\u00e1ximo,&nbsp;<strong>R$ 500<\/strong>. Assim, o teto total de antecipa\u00e7\u00e3o fica em&nbsp;<strong>R$ 2.500<\/strong>, correspondente a cinco parcelas anuais.<\/p>\n\n\n\n<h2 class=\"wp-block-heading\"><strong>Cr\u00edticas do governo<\/strong><\/h2>\n\n\n\n<p>O ministro do Trabalho e Emprego,&nbsp;<strong>Luiz Marinho<\/strong>, criticou duramente o modelo do saque-anivers\u00e1rio e classificou a modalidade como prejudicial ao trabalhador.<\/p>\n\n\n\n<blockquote class=\"wp-block-quote is-layout-flow wp-block-quote-is-layout-flow\">\n<p>\u201cAo ser demitida, a pessoa n\u00e3o pode sacar o saldo do seu FGTS \u2014 e demiss\u00f5es acontecem todos os dias. Hoje, j\u00e1 temos 13 milh\u00f5es de trabalhadores com valores bloqueados, que somam R$ 6,5 bilh\u00f5es. O saque-anivers\u00e1rio enfraquece o Fundo tanto como poupan\u00e7a do trabalhador quanto como instrumento de investimento em infraestrutura, habita\u00e7\u00e3o e saneamento\u201d, afirmou o ministro.<\/p>\n<\/blockquote>\n\n\n\n<p>Segundo dados apresentados na reuni\u00e3o, entre 2020 e 2025 as opera\u00e7\u00f5es de aliena\u00e7\u00e3o do FGTS somaram&nbsp;<strong>R$ 236 bilh\u00f5es<\/strong>. Atualmente, cerca de&nbsp;<strong>21,5 milh\u00f5es de trabalhadores<\/strong>&nbsp;\u2014 pouco mais da metade dos ativos \u2014 aderiram ao saque-anivers\u00e1rio, e aproximadamente&nbsp;<strong>70%<\/strong>&nbsp;deles utilizaram a antecipa\u00e7\u00e3o do saldo.<\/p>\n\n\n\n<p>O saque-anivers\u00e1rio permite a retirada anual de parte do saldo do FGTS no m\u00eas de nascimento do trabalhador, mediante ades\u00e3o pelo aplicativo ou site do FGTS. No entanto, quem opta por essa modalidade&nbsp;<strong>perde o direito de sacar o saldo integral em caso de demiss\u00e3o sem justa causa<\/strong>, mantendo apenas a multa rescis\u00f3ria de 40%.<\/p>\n","protected":false},"excerpt":{"rendered":"<p>Trabalhadores que aderirem ao saque-anivers\u00e1rio do FGTS poder\u00e3o acessar at\u00e9\u00a0R$ 2.500 pelo Caixa Tem, mas apenas ap\u00f3s cumprir um\u00a0per\u00edodo de car\u00eancia de 90 dias. A regra faz parte das mudan\u00e7as aprovadas pelo Conselho Curador do FGTS em novembro de 2025 e altera de forma significativa a forma como o fundo pode ser utilizado como alternativa [&hellip;]<\/p>\n","protected":false},"author":9,"featured_media":31464,"comment_status":"closed","ping_status":"closed","sticky":false,"template":"","format":"standard","meta":{"jnews-multi-image_gallery":[],"jnews_single_post":{"format":"standard"},"jnews_primary_category":[],"jnews_social_meta":[],"jnews_override_counter":[],"jnews_post_split":[],"footnotes":""},"categories":[1],"tags":[],"class_list":["post-32993","post","type-post","status-publish","format-standard","has-post-thumbnail","hentry","category-geral"],"_referencia":"","_links":{"self":[{"href":"https:\/\/diariodocomercio.com.br\/mix\/wp-json\/wp\/v2\/posts\/32993","targetHints":{"allow":["GET"]}}],"collection":[{"href":"https:\/\/diariodocomercio.com.br\/mix\/wp-json\/wp\/v2\/posts"}],"about":[{"href":"https:\/\/diariodocomercio.com.br\/mix\/wp-json\/wp\/v2\/types\/post"}],"author":[{"embeddable":true,"href":"https:\/\/diariodocomercio.com.br\/mix\/wp-json\/wp\/v2\/users\/9"}],"replies":[{"embeddable":true,"href":"https:\/\/diariodocomercio.com.br\/mix\/wp-json\/wp\/v2\/comments?post=32993"}],"version-history":[{"count":1,"href":"https:\/\/diariodocomercio.com.br\/mix\/wp-json\/wp\/v2\/posts\/32993\/revisions"}],"predecessor-version":[{"id":32994,"href":"https:\/\/diariodocomercio.com.br\/mix\/wp-json\/wp\/v2\/posts\/32993\/revisions\/32994"}],"wp:featuredmedia":[{"embeddable":true,"href":"https:\/\/diariodocomercio.com.br\/mix\/wp-json\/wp\/v2\/media\/31464"}],"wp:attachment":[{"href":"https:\/\/diariodocomercio.com.br\/mix\/wp-json\/wp\/v2\/media?parent=32993"}],"wp:term":[{"taxonomy":"category","embeddable":true,"href":"https:\/\/diariodocomercio.com.br\/mix\/wp-json\/wp\/v2\/categories?post=32993"},{"taxonomy":"post_tag","embeddable":true,"href":"https:\/\/diariodocomercio.com.br\/mix\/wp-json\/wp\/v2\/tags?post=32993"}],"curies":[{"name":"wp","href":"https:\/\/api.w.org\/{rel}","templated":true}]}}