{"id":33004,"date":"2026-01-22T16:24:52","date_gmt":"2026-01-22T19:24:52","guid":{"rendered":"https:\/\/diariodocomercio.com.br\/mix\/?p=33004"},"modified":"2026-01-22T16:24:54","modified_gmt":"2026-01-22T19:24:54","slug":"maior-show-musical-da-historia-aconteceu-no-brasil-e-reuniu-42-milhoes-de-pessoas-em-copacabana","status":"publish","type":"post","link":"https:\/\/diariodocomercio.com.br\/mix\/maior-show-musical-da-historia-aconteceu-no-brasil-e-reuniu-42-milhoes-de-pessoas-em-copacabana\/","title":{"rendered":"Maior show musical da hist\u00f3ria aconteceu no Brasil e reuniu 4,2 milh\u00f5es de pessoas em Copacabana"},"content":{"rendered":"\n<p>O maior show musical da hist\u00f3ria aconteceu no Brasil. Segundo o&nbsp;<strong>Guinness World Records<\/strong>, o cantor brit\u00e2nico&nbsp;<strong>Rod Stewart<\/strong>&nbsp;reuniu&nbsp;<strong>4,2 milh\u00f5es de pessoas<\/strong>&nbsp;na Praia de Copacabana, no Rio de Janeiro, durante o r\u00e9veillon de&nbsp;<strong>31 de dezembro de 1994<\/strong>, estabelecendo um recorde mundial que permanece imbat\u00edvel h\u00e1 mais de tr\u00eas d\u00e9cadas.<\/p>\n\n\n\n<p>A apresenta\u00e7\u00e3o hist\u00f3rica aconteceu na virada para 1995 e foi&nbsp;<strong>gratuita<\/strong>, fator que contribuiu para transformar Copacabana em um mar humano. Embora algumas estimativas falem em 3,5 milh\u00f5es de pessoas, o&nbsp;<strong>Guinness Book reconhece oficialmente o p\u00fablico de 4,2 milh\u00f5es<\/strong>, consolidando o evento como o maior show ao ar livre j\u00e1 registrado no planeta.<\/p>\n\n\n\n<p>Com sua voz rouca caracter\u00edstica, Rod Stewart emocionou a multid\u00e3o ao interpretar cl\u00e1ssicos como&nbsp;<em>\u201cMaggie May\u201d<\/em>,&nbsp;<em>\u201cBaby Jane\u201d<\/em>,&nbsp;<em>\u201cSailing\u201d<\/em>&nbsp;e&nbsp;<em>\u201cStay With Me\u201d<\/em>, da \u00e9poca em que integrou a banda&nbsp;<strong>The Faces<\/strong>. Al\u00e9m do repert\u00f3rio, o cantor tamb\u00e9m comandou a contagem regressiva para a chegada de 1995, em um dos r\u00e9veillons mais emblem\u00e1ticos da hist\u00f3ria brasileira.<\/p>\n\n\n\n<figure class=\"wp-block-embed is-type-video is-provider-youtube wp-block-embed-youtube wp-embed-aspect-16-9 wp-has-aspect-ratio\"><div class=\"wp-block-embed__wrapper\">\n<div class=\"jeg_video_container jeg_video_content\"><iframe loading=\"lazy\" title=\"Rod Stewart - Live At Copacabana Beach, Rio De Janeiro Brasil 31-dec-1994\" width=\"500\" height=\"281\" src=\"https:\/\/www.youtube.com\/embed\/FqT-kC41tVw?feature=oembed\" frameborder=\"0\" allow=\"accelerometer; autoplay; clipboard-write; encrypted-media; gyroscope; picture-in-picture; web-share\" referrerpolicy=\"strict-origin-when-cross-origin\" allowfullscreen><\/iframe><\/div>\n<\/div><\/figure>\n\n\n\n<h2 class=\"wp-block-heading\"><strong>Contexto hist\u00f3rico impulsionou a celebra\u00e7\u00e3o<\/strong><\/h2>\n\n\n\n<p>O sucesso do evento tamb\u00e9m esteve ligado ao momento vivido pelo pa\u00eds. O ano de&nbsp;<strong>1994 marcou o fim da hiperinfla\u00e7\u00e3o<\/strong>, com a consolida\u00e7\u00e3o do Plano Real, al\u00e9m da conquista do&nbsp;<strong>tetracampeonato mundial da Sele\u00e7\u00e3o Brasileira<\/strong>&nbsp;na Copa dos Estados Unidos. Era um per\u00edodo de otimismo econ\u00f4mico, pol\u00edtico e social, apenas dez anos ap\u00f3s o fim da ditadura militar.<\/p>\n\n\n\n<p>Esse cen\u00e1rio ajudou a transformar o r\u00e9veillon em uma celebra\u00e7\u00e3o coletiva de esperan\u00e7a e orgulho nacional, com Rod Stewart no centro da maior festa musical j\u00e1 vista.<\/p>\n\n\n\n<h2 class=\"wp-block-heading\"><strong>Copacabana como palco dos megaeventos<\/strong><\/h2>\n\n\n\n<p>O show de 1994 inaugurou uma tradi\u00e7\u00e3o de grandes apresenta\u00e7\u00f5es internacionais na orla carioca. Desde ent\u00e3o, Copacabana recebeu nomes como&nbsp;<strong>Rolling Stones, Stevie Wonder, Madonna<\/strong>&nbsp;e, mais recentemente,&nbsp;<strong>Lady Gaga<\/strong>, que reuniu cerca de&nbsp;<strong>2,1 milh\u00f5es de pessoas<\/strong>, segundo a Riotur, tornando-se a segunda maior apresenta\u00e7\u00e3o da hist\u00f3ria da praia \u2014 atr\u00e1s apenas de Rod Stewart.<\/p>\n\n\n\n<p>Mesmo com avan\u00e7os tecnol\u00f3gicos e produ\u00e7\u00f5es cada vez mais grandiosas,&nbsp;<strong>nenhum outro artista conseguiu superar o recorde<\/strong>&nbsp;estabelecido pelo brit\u00e2nico.<\/p>\n\n\n\n<p>Com mais de&nbsp;<strong>120 milh\u00f5es de discos vendidos<\/strong>&nbsp;ao longo de seis d\u00e9cadas de carreira, Rod Stewart segue como um dos artistas mais influentes da m\u00fasica mundial. Em entrevista ao programa&nbsp;<em>Fant\u00e1stico<\/em>, em 2023, ele relembrou o epis\u00f3dio hist\u00f3rico no Rio e at\u00e9 um momento inusitado da passagem pelo Brasil: a expuls\u00e3o do Copacabana Palace ap\u00f3s jogar futebol dentro do quarto do hotel.<\/p>\n","protected":false},"excerpt":{"rendered":"<p>O maior show musical da hist\u00f3ria aconteceu no Brasil. Segundo o&nbsp;Guinness World Records, o cantor brit\u00e2nico&nbsp;Rod Stewart&nbsp;reuniu&nbsp;4,2 milh\u00f5es de pessoas&nbsp;na Praia de Copacabana, no Rio de Janeiro, durante o r\u00e9veillon de&nbsp;31 de dezembro de 1994, estabelecendo um recorde mundial que permanece imbat\u00edvel h\u00e1 mais de tr\u00eas d\u00e9cadas. A apresenta\u00e7\u00e3o hist\u00f3rica aconteceu na virada para 1995 [&hellip;]<\/p>\n","protected":false},"author":9,"featured_media":6560,"comment_status":"closed","ping_status":"closed","sticky":false,"template":"","format":"standard","meta":{"jnews-multi-image_gallery":[],"jnews_single_post":{"format":"standard"},"jnews_primary_category":[],"jnews_social_meta":[],"jnews_override_counter":[],"jnews_post_split":[],"footnotes":""},"categories":[1],"tags":[],"class_list":["post-33004","post","type-post","status-publish","format-standard","has-post-thumbnail","hentry","category-geral"],"_referencia":"","_links":{"self":[{"href":"https:\/\/diariodocomercio.com.br\/mix\/wp-json\/wp\/v2\/posts\/33004","targetHints":{"allow":["GET"]}}],"collection":[{"href":"https:\/\/diariodocomercio.com.br\/mix\/wp-json\/wp\/v2\/posts"}],"about":[{"href":"https:\/\/diariodocomercio.com.br\/mix\/wp-json\/wp\/v2\/types\/post"}],"author":[{"embeddable":true,"href":"https:\/\/diariodocomercio.com.br\/mix\/wp-json\/wp\/v2\/users\/9"}],"replies":[{"embeddable":true,"href":"https:\/\/diariodocomercio.com.br\/mix\/wp-json\/wp\/v2\/comments?post=33004"}],"version-history":[{"count":1,"href":"https:\/\/diariodocomercio.com.br\/mix\/wp-json\/wp\/v2\/posts\/33004\/revisions"}],"predecessor-version":[{"id":33006,"href":"https:\/\/diariodocomercio.com.br\/mix\/wp-json\/wp\/v2\/posts\/33004\/revisions\/33006"}],"wp:featuredmedia":[{"embeddable":true,"href":"https:\/\/diariodocomercio.com.br\/mix\/wp-json\/wp\/v2\/media\/6560"}],"wp:attachment":[{"href":"https:\/\/diariodocomercio.com.br\/mix\/wp-json\/wp\/v2\/media?parent=33004"}],"wp:term":[{"taxonomy":"category","embeddable":true,"href":"https:\/\/diariodocomercio.com.br\/mix\/wp-json\/wp\/v2\/categories?post=33004"},{"taxonomy":"post_tag","embeddable":true,"href":"https:\/\/diariodocomercio.com.br\/mix\/wp-json\/wp\/v2\/tags?post=33004"}],"curies":[{"name":"wp","href":"https:\/\/api.w.org\/{rel}","templated":true}]}}