{"id":33007,"date":"2026-01-22T16:32:11","date_gmt":"2026-01-22T19:32:11","guid":{"rendered":"https:\/\/diariodocomercio.com.br\/mix\/?p=33007"},"modified":"2026-01-22T16:32:14","modified_gmt":"2026-01-22T19:32:14","slug":"elon-musk-vai-criar-robos-cuidadores-de-idosos-caso-seus-filhos-te-abandonem-no-futuro","status":"publish","type":"post","link":"https:\/\/diariodocomercio.com.br\/mix\/elon-musk-vai-criar-robos-cuidadores-de-idosos-caso-seus-filhos-te-abandonem-no-futuro\/","title":{"rendered":"Elon Musk vai criar rob\u00f4s cuidadores de idosos, caso seus filhos te abandonem no futuro"},"content":{"rendered":"\n<p>O bilion\u00e1rio\u00a0<strong>Elon Musk<\/strong>\u00a0afirmou que\u00a0<strong>rob\u00f4s humanoides dever\u00e3o assumir tarefas como o cuidado de idosos no futuro<\/strong>, diante da queda no n\u00famero de jovens dispon\u00edveis para esse tipo de fun\u00e7\u00e3o. A declara\u00e7\u00e3o foi feita durante sua participa\u00e7\u00e3o no\u00a0<strong>F\u00f3rum Econ\u00f4mico Mundial<\/strong>, em Davos, na Su\u00ed\u00e7a, onde Musk tamb\u00e9m projetou que a intelig\u00eancia artificial ser\u00e1 mais inteligente do que toda a humanidade combinada em at\u00e9 cinco anos.<\/p>\n\n\n\n<p>Em conversa com o CEO da BlackRock,&nbsp;<strong>Larry Fink<\/strong>, Musk declarou que o avan\u00e7o da intelig\u00eancia artificial est\u00e1 ocorrendo em ritmo acelerado. Segundo ele, a IA pode se tornar \u201cmais inteligente do que qualquer indiv\u00edduo humano ainda este ano\u201d e superar a intelig\u00eancia coletiva da humanidade em um prazo m\u00e1ximo de uma d\u00e9cada.<\/p>\n\n\n\n<p>Nesse cen\u00e1rio, Musk acredita que&nbsp;<strong>o n\u00famero de rob\u00f4s ultrapassar\u00e1 a popula\u00e7\u00e3o humana<\/strong>, impulsionando uma nova era de produtividade e abund\u00e2ncia econ\u00f4mica. Para o empres\u00e1rio, os rob\u00f4s humanoides ter\u00e3o papel central nesse processo, especialmente em atividades que exigem presen\u00e7a f\u00edsica e assist\u00eancia cont\u00ednua.<\/p>\n\n\n\n<figure class=\"wp-block-embed is-type-video is-provider-youtube wp-block-embed-youtube wp-embed-aspect-9-16 wp-has-aspect-ratio\"><div class=\"wp-block-embed__wrapper\">\n<div class=\"jeg_video_container jeg_video_content\"><iframe loading=\"lazy\" title=\"DESABAFO NO FREESTYLE DO CAMPE\u00c3O DO GUINHO. #batalhaderima #rimaslegendadas #rimas #guinho\" width=\"422\" height=\"750\" src=\"https:\/\/www.youtube.com\/embed\/6ROO5Ze1Ltg?feature=oembed\" frameborder=\"0\" allow=\"accelerometer; autoplay; clipboard-write; encrypted-media; gyroscope; picture-in-picture; web-share\" referrerpolicy=\"strict-origin-when-cross-origin\" allowfullscreen><\/iframe><\/div>\n<\/div><\/figure>\n\n\n\n<h2 class=\"wp-block-heading\"><strong>Optimus e o cuidado com idosos<\/strong><\/h2>\n\n\n\n<p>De acordo com Musk, a&nbsp;<strong>Tesla planeja iniciar a venda do rob\u00f4 humanoide Optimus ao p\u00fablico em 2027<\/strong>, desde que crit\u00e9rios rigorosos de seguran\u00e7a sejam atendidos. Atualmente, os rob\u00f4s j\u00e1 executam tarefas simples em f\u00e1bricas da empresa, mas a expectativa \u00e9 que se tornem mais vers\u00e1teis nos pr\u00f3ximos anos.<\/p>\n\n\n\n<p>\u201cN\u00e3o haver\u00e1 jovens suficientes para cuidar dos idosos no futuro\u201d, afirmou Musk, ao justificar o uso de rob\u00f4s como cuidadores. A previs\u00e3o est\u00e1 alinhada com tend\u00eancias globais de&nbsp;<strong>envelhecimento populacional<\/strong>, especialmente em pa\u00edses desenvolvidos, onde a taxa de natalidade vem caindo de forma consistente.<\/p>\n\n\n\n<figure class=\"wp-block-image size-full\"><img decoding=\"async\" width=\"1000\" height=\"561\" src=\"https:\/\/diariodocomercio.com.br\/mix\/wp-content\/uploads\/2025\/04\/veja-as-profissoes-que-a-ia-vai-pegar.avif\" alt=\"Rob\u00f4 Tesla\" class=\"wp-image-5957\" srcset=\"https:\/\/diariodocomercio.com.br\/mix\/wp-content\/uploads\/2025\/04\/veja-as-profissoes-que-a-ia-vai-pegar.avif 1000w, https:\/\/diariodocomercio.com.br\/mix\/wp-content\/uploads\/2025\/04\/veja-as-profissoes-que-a-ia-vai-pegar-300x168.avif 300w, https:\/\/diariodocomercio.com.br\/mix\/wp-content\/uploads\/2025\/04\/veja-as-profissoes-que-a-ia-vai-pegar-768x431.avif 768w, https:\/\/diariodocomercio.com.br\/mix\/wp-content\/uploads\/2025\/04\/veja-as-profissoes-que-a-ia-vai-pegar-150x84.avif 150w, https:\/\/diariodocomercio.com.br\/mix\/wp-content\/uploads\/2025\/04\/veja-as-profissoes-que-a-ia-vai-pegar-750x421.avif 750w\" sizes=\"(max-width: 1000px) 100vw, 1000px\" \/><figcaption class=\"wp-element-caption\">(Reprodu\u00e7\u00e3o\/X\/Tesla)<\/figcaption><\/figure>\n\n\n\n<p>O mercado global de rob\u00f4s humanoides, hoje estimado entre&nbsp;<strong>US$ 2 bilh\u00f5es e US$ 3 bilh\u00f5es<\/strong>, pode alcan\u00e7ar&nbsp;<strong>US$ 200 bilh\u00f5es at\u00e9 2035<\/strong>, segundo proje\u00e7\u00f5es citadas por Musk. Para ele, esses rob\u00f4s ser\u00e3o comuns no cotidiano, ajudando desde tarefas dom\u00e9sticas at\u00e9 o cuidado de pessoas.<\/p>\n\n\n\n<p>Al\u00e9m dos rob\u00f4s, Musk revelou que a Tesla busca&nbsp;<strong>aprova\u00e7\u00e3o regulat\u00f3ria para seu sistema de dire\u00e7\u00e3o aut\u00f4noma (Full Self-Driving)<\/strong>&nbsp;na Europa e na China j\u00e1 em fevereiro. Segundo ele, o sistema atingiu um n\u00edvel de seguran\u00e7a que j\u00e1 garante descontos em seguros para motoristas que o utilizam.<\/p>\n\n\n\n<h2 class=\"wp-block-heading\"><strong>Energia pode ser o maior desafio<\/strong><\/h2>\n\n\n\n<p>Apesar do otimismo, Musk alertou que&nbsp;<strong>a gera\u00e7\u00e3o de energia pode se tornar o principal gargalo para o avan\u00e7o da IA<\/strong>, superando at\u00e9 mesmo a limita\u00e7\u00e3o de chips. \u201cOs chips de IA est\u00e3o sendo produzidos mais r\u00e1pido do que conseguimos fornecer eletricidade\u201d, afirmou.<\/p>\n\n\n\n<p>Como solu\u00e7\u00e3o, o empres\u00e1rio apontou a&nbsp;<strong>energia solar<\/strong>&nbsp;e, no longo prazo, at\u00e9 mesmo o&nbsp;<strong>uso do espa\u00e7o<\/strong>&nbsp;como local ideal para grandes centros de processamento de dados, aproveitando a abund\u00e2ncia de energia solar e o resfriamento natural do v\u00e1cuo.<\/p>\n","protected":false},"excerpt":{"rendered":"<p>O bilion\u00e1rio\u00a0Elon Musk\u00a0afirmou que\u00a0rob\u00f4s humanoides dever\u00e3o assumir tarefas como o cuidado de idosos no futuro, diante da queda no n\u00famero de jovens dispon\u00edveis para esse tipo de fun\u00e7\u00e3o. A declara\u00e7\u00e3o foi feita durante sua participa\u00e7\u00e3o no\u00a0F\u00f3rum Econ\u00f4mico Mundial, em Davos, na Su\u00ed\u00e7a, onde Musk tamb\u00e9m projetou que a intelig\u00eancia artificial ser\u00e1 mais inteligente do que [&hellip;]<\/p>\n","protected":false},"author":9,"featured_media":21044,"comment_status":"closed","ping_status":"closed","sticky":false,"template":"","format":"standard","meta":{"jnews-multi-image_gallery":[],"jnews_single_post":{"format":"standard"},"jnews_primary_category":[],"jnews_social_meta":[],"jnews_override_counter":[],"jnews_post_split":[],"footnotes":""},"categories":[1],"tags":[],"class_list":["post-33007","post","type-post","status-publish","format-standard","has-post-thumbnail","hentry","category-geral"],"_referencia":"","_links":{"self":[{"href":"https:\/\/diariodocomercio.com.br\/mix\/wp-json\/wp\/v2\/posts\/33007","targetHints":{"allow":["GET"]}}],"collection":[{"href":"https:\/\/diariodocomercio.com.br\/mix\/wp-json\/wp\/v2\/posts"}],"about":[{"href":"https:\/\/diariodocomercio.com.br\/mix\/wp-json\/wp\/v2\/types\/post"}],"author":[{"embeddable":true,"href":"https:\/\/diariodocomercio.com.br\/mix\/wp-json\/wp\/v2\/users\/9"}],"replies":[{"embeddable":true,"href":"https:\/\/diariodocomercio.com.br\/mix\/wp-json\/wp\/v2\/comments?post=33007"}],"version-history":[{"count":1,"href":"https:\/\/diariodocomercio.com.br\/mix\/wp-json\/wp\/v2\/posts\/33007\/revisions"}],"predecessor-version":[{"id":33010,"href":"https:\/\/diariodocomercio.com.br\/mix\/wp-json\/wp\/v2\/posts\/33007\/revisions\/33010"}],"wp:featuredmedia":[{"embeddable":true,"href":"https:\/\/diariodocomercio.com.br\/mix\/wp-json\/wp\/v2\/media\/21044"}],"wp:attachment":[{"href":"https:\/\/diariodocomercio.com.br\/mix\/wp-json\/wp\/v2\/media?parent=33007"}],"wp:term":[{"taxonomy":"category","embeddable":true,"href":"https:\/\/diariodocomercio.com.br\/mix\/wp-json\/wp\/v2\/categories?post=33007"},{"taxonomy":"post_tag","embeddable":true,"href":"https:\/\/diariodocomercio.com.br\/mix\/wp-json\/wp\/v2\/tags?post=33007"}],"curies":[{"name":"wp","href":"https:\/\/api.w.org\/{rel}","templated":true}]}}