{"id":33080,"date":"2026-01-24T10:28:00","date_gmt":"2026-01-24T13:28:00","guid":{"rendered":"https:\/\/diariodocomercio.com.br\/mix\/?p=33080"},"modified":"2026-01-23T09:43:22","modified_gmt":"2026-01-23T12:43:22","slug":"adeus-banheiros-quimicos-azuis-nova-tecnologia-muito-mais-higienica-e-pratica-chega-ao-brasil","status":"publish","type":"post","link":"https:\/\/diariodocomercio.com.br\/mix\/adeus-banheiros-quimicos-azuis-nova-tecnologia-muito-mais-higienica-e-pratica-chega-ao-brasil\/","title":{"rendered":"Adeus, banheiros qu\u00edmicos azuis: nova tecnologia muito mais higi\u00eanica e pr\u00e1tica chega ao Brasil"},"content":{"rendered":"\n<p>Belo Horizonte inaugurou no \u00faltimo m\u00eas de novembro seu quinto <strong>banheiro autolimpante,<\/strong> localizado na Rua Rio de Janeiro, 700, pr\u00f3ximo \u00e0 conhecida Pra\u00e7a Sete, no hipercentro da cidade.<\/p>\n\n\n\n<p>A iniciativa \u00e9 parte de um projeto municipal visando oferecer instala\u00e7\u00f5es sanit\u00e1rias modernas e gratuitas para a popula\u00e7\u00e3o, melhorando a infraestrutura urbana e atendendo \u00e0s necessidades dos cidad\u00e3os.<\/p>\n\n\n\n<p>O novo banheiro une-se a outras quatro unidades j\u00e1 em opera\u00e7\u00e3o, localizadas na Pra\u00e7a da Esta\u00e7\u00e3o, Pra\u00e7a Rio Branco, Avenida Oleg\u00e1rio Maciel (Pra\u00e7a Raul Soares) e Rua dos Tabaiares (esquina com a Rua Sapuca\u00ed).<\/p>\n\n\n\n<h2 class=\"wp-block-heading\">Como funcionam os banheiros autolimpantes?<\/h2>\n\n\n\n<p>Esses banheiros operam diariamente das 6h \u00e0s 22h, com limite de 10 minutos por usu\u00e1rio. Cada cabine \u00e9 equipada com sensores que ativam um sistema de limpeza autom\u00e1tico, utilizando sprinklers para aplicar \u00e1gua e produtos de limpeza no espa\u00e7o. Isso garante um padr\u00e3o elevado de higiene, mesmo com uso intenso por milhares de pessoas diariamente.<\/p>\n\n\n\n<p>Al\u00e9m disso, as instala\u00e7\u00f5es possuem recursos de acessibilidade para pessoas com mobilidade reduzida, sinaliza\u00e7\u00e3o luminosa para indicar o status de ocupa\u00e7\u00e3o e permitem o controle dos recursos sem contato f\u00edsico, minimizando riscos de contamina\u00e7\u00e3o.<\/p>\n\n\n\n<h2 class=\"wp-block-heading\">Import\u00e2ncia da iniciativa de Belo Horizonte<\/h2>\n\n\n\n<p>A introdu\u00e7\u00e3o desses banheiros atende a uma demanda crescente por infraestrutura sanit\u00e1ria eficiente em \u00e1reas de grande circula\u00e7\u00e3o. Vendedores aut\u00f4nomos, motoristas de aplicativo e pedestres frequentando o centro da cidade s\u00e3o significativamente beneficiados, com um impacto positivo na sa\u00fade p\u00fablica e na dignidade urbana.<\/p>\n\n\n\n<p>Os planos da prefeitura v\u00e3o al\u00e9m dos cinco banheiros j\u00e1 instalados. Para 2026, est\u00e1 previsto um aumento significativo dessa infraestrutura, com a expectativa de instala\u00e7\u00e3o de <strong>14 novos banheiros. <\/strong>A inten\u00e7\u00e3o \u00e9 coloc\u00e1-los em pontos estrat\u00e9gicos, como o centro de Venda Nova, o centro comercial do Barreiro, a regi\u00e3o da Pampulha e \u00e1reas tur\u00edsticas, expandindo o acesso a diferentes comunidades.<\/p>\n\n\n\n<p>O pr\u00f3ximo passo imediato previsto \u00e9 a instala\u00e7\u00e3o de um banheiro na Pra\u00e7a do Papa. Existe um planejamento em andamento para a conclus\u00e3o desse e de outros 14 banheiros at\u00e9 o final de 2026.&nbsp;<\/p>\n","protected":false},"excerpt":{"rendered":"<p>Cada cabine \u00e9 equipada com sensores. Confira detalhes.<\/p>\n","protected":false},"author":12,"featured_media":33081,"comment_status":"closed","ping_status":"closed","sticky":false,"template":"","format":"standard","meta":{"jnews-multi-image_gallery":[],"jnews_single_post":{"format":"standard"},"jnews_primary_category":[],"jnews_social_meta":[],"jnews_override_counter":[],"jnews_post_split":[],"footnotes":""},"categories":[1],"tags":[],"class_list":["post-33080","post","type-post","status-publish","format-standard","has-post-thumbnail","hentry","category-geral"],"_referencia":"","_links":{"self":[{"href":"https:\/\/diariodocomercio.com.br\/mix\/wp-json\/wp\/v2\/posts\/33080","targetHints":{"allow":["GET"]}}],"collection":[{"href":"https:\/\/diariodocomercio.com.br\/mix\/wp-json\/wp\/v2\/posts"}],"about":[{"href":"https:\/\/diariodocomercio.com.br\/mix\/wp-json\/wp\/v2\/types\/post"}],"author":[{"embeddable":true,"href":"https:\/\/diariodocomercio.com.br\/mix\/wp-json\/wp\/v2\/users\/12"}],"replies":[{"embeddable":true,"href":"https:\/\/diariodocomercio.com.br\/mix\/wp-json\/wp\/v2\/comments?post=33080"}],"version-history":[{"count":1,"href":"https:\/\/diariodocomercio.com.br\/mix\/wp-json\/wp\/v2\/posts\/33080\/revisions"}],"predecessor-version":[{"id":33082,"href":"https:\/\/diariodocomercio.com.br\/mix\/wp-json\/wp\/v2\/posts\/33080\/revisions\/33082"}],"wp:featuredmedia":[{"embeddable":true,"href":"https:\/\/diariodocomercio.com.br\/mix\/wp-json\/wp\/v2\/media\/33081"}],"wp:attachment":[{"href":"https:\/\/diariodocomercio.com.br\/mix\/wp-json\/wp\/v2\/media?parent=33080"}],"wp:term":[{"taxonomy":"category","embeddable":true,"href":"https:\/\/diariodocomercio.com.br\/mix\/wp-json\/wp\/v2\/categories?post=33080"},{"taxonomy":"post_tag","embeddable":true,"href":"https:\/\/diariodocomercio.com.br\/mix\/wp-json\/wp\/v2\/tags?post=33080"}],"curies":[{"name":"wp","href":"https:\/\/api.w.org\/{rel}","templated":true}]}}