{"id":33092,"date":"2026-01-24T09:09:00","date_gmt":"2026-01-24T12:09:00","guid":{"rendered":"https:\/\/diariodocomercio.com.br\/mix\/?p=33092"},"modified":"2026-01-23T10:49:56","modified_gmt":"2026-01-23T13:49:56","slug":"enquanto-o-homem-mais-rico-do-brasil-tem-r-227-bilhoes-mulher-possui-o-dobro-do-dinheiro-sem-sair-de-casa","status":"publish","type":"post","link":"https:\/\/diariodocomercio.com.br\/mix\/enquanto-o-homem-mais-rico-do-brasil-tem-r-227-bilhoes-mulher-possui-o-dobro-do-dinheiro-sem-sair-de-casa\/","title":{"rendered":"Enquanto o homem mais rico do Brasil tem R$ 227 bilh\u00f5es, mulher possui o dobro do dinheiro sem sair de casa"},"content":{"rendered":"\n<p>O brasileiro mais rico da hist\u00f3ria tem hoje um patrim\u00f4nio estimado em&nbsp;<strong>R$ 227 bilh\u00f5es<\/strong>, mas esse valor ainda fica bem abaixo da fortuna de uma empres\u00e1ria francesa que, sem ocupar cargos executivos e levando uma vida discreta, re\u00fane cerca de&nbsp;<strong>R$ 431 bilh\u00f5es<\/strong>. Os dados fazem parte do ranking global de bilion\u00e1rios da revista&nbsp;<em>Forbes<\/em>&nbsp;divulgado em 2025.<\/p>\n\n\n\n<p>Pelo segundo ano consecutivo,&nbsp;<strong>Eduardo Saverin<\/strong>, cofundador do Facebook, lidera a lista de brasileiros mais ricos. Em 2025, sua fortuna saltou de&nbsp;<strong>R$ 155,9 bilh\u00f5es para R$ 227 bilh\u00f5es<\/strong>, um crescimento de&nbsp;<strong>45,5%<\/strong>, impulsionado principalmente pela valoriza\u00e7\u00e3o das a\u00e7\u00f5es da Meta em meio \u00e0 expans\u00e3o dos investimentos em intelig\u00eancia artificial.<\/p>\n\n\n\n<p>Al\u00e9m de manter a lideran\u00e7a, Saverin quebrou um recorde: passou a deter&nbsp;<strong>a maior fortuna j\u00e1 registrada por um brasileiro<\/strong>, superando o pr\u00f3prio marco alcan\u00e7ado em 2024.<\/p>\n\n\n\n<figure class=\"wp-block-image size-full\"><img decoding=\"async\" width=\"1024\" height=\"615\" src=\"https:\/\/diariodocomercio.com.br\/mix\/wp-content\/uploads\/2025\/12\/image-254.png\" alt=\"eduardo saverin\" class=\"wp-image-29953\" srcset=\"https:\/\/diariodocomercio.com.br\/mix\/wp-content\/uploads\/2025\/12\/image-254.png 1024w, https:\/\/diariodocomercio.com.br\/mix\/wp-content\/uploads\/2025\/12\/image-254-300x180.png 300w, https:\/\/diariodocomercio.com.br\/mix\/wp-content\/uploads\/2025\/12\/image-254-768x461.png 768w, https:\/\/diariodocomercio.com.br\/mix\/wp-content\/uploads\/2025\/12\/image-254-150x90.png 150w, https:\/\/diariodocomercio.com.br\/mix\/wp-content\/uploads\/2025\/12\/image-254-750x450.png 750w\" sizes=\"(max-width: 1024px) 100vw, 1024px\" \/><figcaption class=\"wp-element-caption\">(Reprodu\u00e7\u00e3o\/Linkedin)<\/figcaption><\/figure>\n\n\n\n<h2 class=\"wp-block-heading\"><strong>Mulheres no ranking: Safra no Brasil, Bettencourt no mundo<\/strong><\/h2>\n\n\n\n<p>No Brasil, a mulher mais rica continua sendo&nbsp;<strong>Vicky Safra<\/strong>, vi\u00fava do banqueiro Joseph Safra. Ela ocupa a&nbsp;<strong>segunda posi\u00e7\u00e3o no ranking nacional<\/strong>, com um patrim\u00f4nio estimado em&nbsp;<strong>R$ 120,5 bilh\u00f5es<\/strong>, alta de 9,4% em rela\u00e7\u00e3o ao ano anterior.<\/p>\n\n\n\n<p>No cen\u00e1rio internacional, por\u00e9m, o contraste \u00e9 ainda maior. A empres\u00e1ria francesa&nbsp;<strong>Fran\u00e7oise Bettencourt Meyers<\/strong>, herdeira direta do imp\u00e9rio de cosm\u00e9ticos&nbsp;<strong>L\u2019Or\u00e9al<\/strong>, foi eleita em 2025 como a&nbsp;<strong>segunda mulher mais rica do mundo<\/strong>, com uma fortuna estimada em&nbsp;<strong>US$ 81,6 bilh\u00f5es<\/strong>, o equivalente a cerca de&nbsp;<strong>R$ 431 bilh\u00f5es<\/strong>&nbsp;na cota\u00e7\u00e3o atual \u2014 quase o dobro do patrim\u00f4nio do brasileiro mais rico.<\/p>\n\n\n<div class=\"wp-block-image\">\n<figure class=\"aligncenter size-full\"><img decoding=\"async\" width=\"1183\" height=\"675\" src=\"https:\/\/diariodocomercio.com.br\/mix\/wp-content\/uploads\/2026\/01\/image-251.png\" alt=\"\" class=\"wp-image-33094\" srcset=\"https:\/\/diariodocomercio.com.br\/mix\/wp-content\/uploads\/2026\/01\/image-251.png 1183w, https:\/\/diariodocomercio.com.br\/mix\/wp-content\/uploads\/2026\/01\/image-251-300x171.png 300w, https:\/\/diariodocomercio.com.br\/mix\/wp-content\/uploads\/2026\/01\/image-251-768x438.png 768w, https:\/\/diariodocomercio.com.br\/mix\/wp-content\/uploads\/2026\/01\/image-251-150x86.png 150w, https:\/\/diariodocomercio.com.br\/mix\/wp-content\/uploads\/2026\/01\/image-251-750x428.png 750w, https:\/\/diariodocomercio.com.br\/mix\/wp-content\/uploads\/2026\/01\/image-251-1140x650.png 1140w\" sizes=\"(max-width: 1183px) 100vw, 1183px\" \/><figcaption class=\"wp-element-caption\">Fran\u00e7oise Bettencourt Meyers<\/figcaption><\/figure>\n<\/div>\n\n\n<p>Mesmo com um patrim\u00f4nio gigantesco, Fran\u00e7oise Bettencourt Meyers mant\u00e9m um estilo de vida reservado, distante da ostenta\u00e7\u00e3o frequentemente associada aos super-ricos. Ela mora em um apartamento comum e evita luxos extravagantes.<\/p>\n\n\n\n<p>\u201c<strong>Sei que sou privilegiada, mas, como podem ver, n\u00e3o vivo numa mans\u00e3o. N\u00e3o somos colecionadores de quadros nem uso joias<\/strong>\u201d, afirmou a empres\u00e1ria em entrevista \u00e0&nbsp;<em>Le M Magazine<\/em>, do jornal&nbsp;<em>Le Monde<\/em>, em 2024.<\/p>\n\n\n\n<h2 class=\"wp-block-heading\"><strong>Mudan\u00e7as no top 5 dos mais ricos do Brasil<\/strong><\/h2>\n\n\n\n<p>O ranking brasileiro tamb\u00e9m trouxe movimenta\u00e7\u00f5es relevantes em 2025.&nbsp;<strong>Jorge Paulo Lemann<\/strong>, s\u00f3cio da 3G Capital e da AB InBev, manteve o terceiro lugar, mas viu sua fortuna cair de&nbsp;<strong>R$ 91,8 bilh\u00f5es para R$ 88 bilh\u00f5es<\/strong>.<\/p>\n\n\n\n<p>O maior destaque foi&nbsp;<strong>Andr\u00e9 Esteves<\/strong>, do BTG Pactual, que saltou da 9\u00aa para a 4\u00aa posi\u00e7\u00e3o, com crescimento de&nbsp;<strong>56%<\/strong>, alcan\u00e7ando&nbsp;<strong>R$ 51 bilh\u00f5es<\/strong>. J\u00e1&nbsp;<strong>Fernando Moreira Salles<\/strong>, do Ita\u00fa Unibanco, fechou o top 5 com&nbsp;<strong>R$ 40,2 bilh\u00f5es<\/strong>, alta moderada de 4,5%.<\/p>\n\n\n\n<p>Em contrapartida, nomes tradicionais como&nbsp;<strong>Carlos Alberto Sicupira<\/strong>&nbsp;e&nbsp;<strong>Alexandre Behring<\/strong>&nbsp;perderam posi\u00e7\u00f5es, ainda refletindo os impactos da crise das Lojas Americanas.<\/p>\n","protected":false},"excerpt":{"rendered":"<p>O brasileiro mais rico da hist\u00f3ria tem hoje um patrim\u00f4nio estimado em&nbsp;R$ 227 bilh\u00f5es, mas esse valor ainda fica bem abaixo da fortuna de uma empres\u00e1ria francesa que, sem ocupar cargos executivos e levando uma vida discreta, re\u00fane cerca de&nbsp;R$ 431 bilh\u00f5es. Os dados fazem parte do ranking global de bilion\u00e1rios da revista&nbsp;Forbes&nbsp;divulgado em 2025. [&hellip;]<\/p>\n","protected":false},"author":9,"featured_media":32286,"comment_status":"closed","ping_status":"closed","sticky":false,"template":"","format":"standard","meta":{"jnews-multi-image_gallery":[],"jnews_single_post":{"format":"standard"},"jnews_primary_category":[],"jnews_social_meta":[],"jnews_override_counter":[],"jnews_post_split":[],"footnotes":""},"categories":[1],"tags":[],"class_list":["post-33092","post","type-post","status-publish","format-standard","has-post-thumbnail","hentry","category-geral"],"_referencia":"","_links":{"self":[{"href":"https:\/\/diariodocomercio.com.br\/mix\/wp-json\/wp\/v2\/posts\/33092","targetHints":{"allow":["GET"]}}],"collection":[{"href":"https:\/\/diariodocomercio.com.br\/mix\/wp-json\/wp\/v2\/posts"}],"about":[{"href":"https:\/\/diariodocomercio.com.br\/mix\/wp-json\/wp\/v2\/types\/post"}],"author":[{"embeddable":true,"href":"https:\/\/diariodocomercio.com.br\/mix\/wp-json\/wp\/v2\/users\/9"}],"replies":[{"embeddable":true,"href":"https:\/\/diariodocomercio.com.br\/mix\/wp-json\/wp\/v2\/comments?post=33092"}],"version-history":[{"count":1,"href":"https:\/\/diariodocomercio.com.br\/mix\/wp-json\/wp\/v2\/posts\/33092\/revisions"}],"predecessor-version":[{"id":33095,"href":"https:\/\/diariodocomercio.com.br\/mix\/wp-json\/wp\/v2\/posts\/33092\/revisions\/33095"}],"wp:featuredmedia":[{"embeddable":true,"href":"https:\/\/diariodocomercio.com.br\/mix\/wp-json\/wp\/v2\/media\/32286"}],"wp:attachment":[{"href":"https:\/\/diariodocomercio.com.br\/mix\/wp-json\/wp\/v2\/media?parent=33092"}],"wp:term":[{"taxonomy":"category","embeddable":true,"href":"https:\/\/diariodocomercio.com.br\/mix\/wp-json\/wp\/v2\/categories?post=33092"},{"taxonomy":"post_tag","embeddable":true,"href":"https:\/\/diariodocomercio.com.br\/mix\/wp-json\/wp\/v2\/tags?post=33092"}],"curies":[{"name":"wp","href":"https:\/\/api.w.org\/{rel}","templated":true}]}}