{"id":33096,"date":"2026-01-23T11:14:15","date_gmt":"2026-01-23T14:14:15","guid":{"rendered":"https:\/\/diariodocomercio.com.br\/mix\/?p=33096"},"modified":"2026-01-23T11:14:17","modified_gmt":"2026-01-23T14:14:17","slug":"brasileiro-que-nao-atualizar-o-titulo-eleitoral-ate-maio-nao-podera-votar-em-2026","status":"publish","type":"post","link":"https:\/\/diariodocomercio.com.br\/mix\/brasileiro-que-nao-atualizar-o-titulo-eleitoral-ate-maio-nao-podera-votar-em-2026\/","title":{"rendered":"Brasileiro que n\u00e3o atualizar o T\u00edtulo Eleitoral at\u00e9 maio n\u00e3o poder\u00e1 votar em 2026"},"content":{"rendered":"\n<p>O prazo para a regulariza\u00e7\u00e3o do t\u00edtulo de eleitor para as elei\u00e7\u00f5es de 2026 no Brasil est\u00e1 se aproximando. Eleitores com pend\u00eancias junto \u00e0 Justi\u00e7a Eleitoral t\u00eam at\u00e9 o dia <strong>6 de maio de 2026<\/strong> para regularizar sua situa\u00e7\u00e3o.<\/p>\n\n\n\n<p>Ap\u00f3s essa data, o cadastro eleitoral ser\u00e1 encerrado, impossibilitando qualquer modifica\u00e7\u00e3o ou atualiza\u00e7\u00e3o at\u00e9 o fim dos pleitos. Esta data \u00e9 determinada pela Lei das Elei\u00e7\u00f5es (Lei n\u00ba 9.504\/1997), que estipula o fechamento do cadastro 150 dias antes do primeiro turno das elei\u00e7\u00f5es, programado para o dia <strong>4 de outubro.<\/strong><\/p>\n\n\n\n<p>A regulariza\u00e7\u00e3o do t\u00edtulo de eleitor \u00e9 essencial para diversas situa\u00e7\u00f5es, como a obten\u00e7\u00e3o do primeiro t\u00edtulo, transfer\u00eancia de domic\u00edlio eleitoral e atualiza\u00e7\u00e3o de dados pessoais. Esses servi\u00e7os s\u00e3o fundamentais para garantir a participa\u00e7\u00e3o nas elei\u00e7\u00f5es de outubro e podem ser realizados nos cart\u00f3rios eleitorais ou por meio do portal do Tribunal Superior Eleitoral (TSE), que oferece uma plataforma de autoatendimento.<\/p>\n\n\n\n<h2 class=\"wp-block-heading\">Imprevistos<\/h2>\n\n\n\n<p>A proximidade do prazo final costuma resultar em uma maior demanda por atendimento nos cart\u00f3rios eleitorais. \u00c9 aconselh\u00e1vel que eleitores com pend\u00eancias ajam o quanto antes para <strong>evitar filas<\/strong> e poss\u00edveis <strong>contratempos.<\/strong><\/p>\n\n\n\n<p>O aumento da demanda nos \u00faltimos dias pode dificultar o atendimento a tempo. A Justi\u00e7a Eleitoral refor\u00e7a que o acesso aos servi\u00e7os \u00e9 gratuito, embora multas possam ser aplicadas em casos de aus\u00eancia n\u00e3o justificada em elei\u00e7\u00f5es anteriores.<\/p>\n\n\n\n<h2 class=\"wp-block-heading\">Consulta da situa\u00e7\u00e3o eleitoral<\/h2>\n\n\n\n<p>A consulta da situa\u00e7\u00e3o eleitoral \u00e9 um passo importante antes da regulariza\u00e7\u00e3o. Eleitores podem acessar o servi\u00e7o de autoatendimento no <strong>site do TSE, <\/strong>utilizar o aplicativo <strong>e-T\u00edtulo<\/strong> ou visitar um cart\u00f3rio eleitoral.<\/p>\n\n\n\n<p>Caso sejam encontradas pend\u00eancias, a regulariza\u00e7\u00e3o pode ser feita online, com o preenchimento de formul\u00e1rios e envio de documenta\u00e7\u00f5es necess\u00e1rias. O pagamento de multas, se aplic\u00e1vel, tamb\u00e9m deve ser resolvido durante o processo.<\/p>\n\n\n\n<h2 class=\"wp-block-heading\">Implica\u00e7\u00f5es de manter a situa\u00e7\u00e3o irregular<\/h2>\n\n\n\n<p>Estar com a situa\u00e7\u00e3o regularizada n\u00e3o s\u00f3 habilita o eleitor a votar, mas tamb\u00e9m previne uma s\u00e9rie de restri\u00e7\u00f5es civis. Consequ\u00eancias incluem a impossibilidade de obter passaporte, realizar matr\u00edcula em institui\u00e7\u00f5es de ensino p\u00fablicas, e assumir cargos p\u00fablicos por meio de concursos.<\/p>\n\n\n\n<p>Para exercer plenamente a cidadania, \u00e9 imprescind\u00edvel que os eleitores resolvam suas pend\u00eancias at\u00e9 o prazo final.<\/p>\n","protected":false},"excerpt":{"rendered":"<p>Ap\u00f3s data, o cadastro eleitoral ser\u00e1 encerrado, impossibilitando qualquer modifica\u00e7\u00e3o ou atualiza\u00e7\u00e3o.<\/p>\n","protected":false},"author":12,"featured_media":33099,"comment_status":"closed","ping_status":"closed","sticky":false,"template":"","format":"standard","meta":{"jnews-multi-image_gallery":[],"jnews_single_post":{"format":"standard"},"jnews_primary_category":[],"jnews_social_meta":[],"jnews_override_counter":[],"jnews_post_split":[],"footnotes":""},"categories":[1],"tags":[],"class_list":["post-33096","post","type-post","status-publish","format-standard","has-post-thumbnail","hentry","category-geral"],"_referencia":"","_links":{"self":[{"href":"https:\/\/diariodocomercio.com.br\/mix\/wp-json\/wp\/v2\/posts\/33096","targetHints":{"allow":["GET"]}}],"collection":[{"href":"https:\/\/diariodocomercio.com.br\/mix\/wp-json\/wp\/v2\/posts"}],"about":[{"href":"https:\/\/diariodocomercio.com.br\/mix\/wp-json\/wp\/v2\/types\/post"}],"author":[{"embeddable":true,"href":"https:\/\/diariodocomercio.com.br\/mix\/wp-json\/wp\/v2\/users\/12"}],"replies":[{"embeddable":true,"href":"https:\/\/diariodocomercio.com.br\/mix\/wp-json\/wp\/v2\/comments?post=33096"}],"version-history":[{"count":1,"href":"https:\/\/diariodocomercio.com.br\/mix\/wp-json\/wp\/v2\/posts\/33096\/revisions"}],"predecessor-version":[{"id":33102,"href":"https:\/\/diariodocomercio.com.br\/mix\/wp-json\/wp\/v2\/posts\/33096\/revisions\/33102"}],"wp:featuredmedia":[{"embeddable":true,"href":"https:\/\/diariodocomercio.com.br\/mix\/wp-json\/wp\/v2\/media\/33099"}],"wp:attachment":[{"href":"https:\/\/diariodocomercio.com.br\/mix\/wp-json\/wp\/v2\/media?parent=33096"}],"wp:term":[{"taxonomy":"category","embeddable":true,"href":"https:\/\/diariodocomercio.com.br\/mix\/wp-json\/wp\/v2\/categories?post=33096"},{"taxonomy":"post_tag","embeddable":true,"href":"https:\/\/diariodocomercio.com.br\/mix\/wp-json\/wp\/v2\/tags?post=33096"}],"curies":[{"name":"wp","href":"https:\/\/api.w.org\/{rel}","templated":true}]}}