{"id":33097,"date":"2026-01-23T11:42:27","date_gmt":"2026-01-23T14:42:27","guid":{"rendered":"https:\/\/diariodocomercio.com.br\/mix\/?p=33097"},"modified":"2026-01-23T11:42:29","modified_gmt":"2026-01-23T14:42:29","slug":"voce-precisa-de-apenas-3-itens-em-maos-para-tirar-o-novo-rg-gratuitamente","status":"publish","type":"post","link":"https:\/\/diariodocomercio.com.br\/mix\/voce-precisa-de-apenas-3-itens-em-maos-para-tirar-o-novo-rg-gratuitamente\/","title":{"rendered":"Voc\u00ea precisa de apenas 3 itens em m\u00e3os para tirar o novo RG gratuitamente"},"content":{"rendered":"\n<p>O tradicional Registro Geral (RG) est\u00e1 sendo substitu\u00eddo em todo o pa\u00eds pela&nbsp;<strong>Carteira de Identidade Nacional (CIN)<\/strong>, documento que unifica a identifica\u00e7\u00e3o dos brasileiros e pode ser emitido&nbsp;<strong>gratuitamente na primeira via<\/strong>. Para garantir o novo RG, basta apresentar&nbsp;<strong>tr\u00eas documentos b\u00e1sicos<\/strong>, em um processo que j\u00e1 est\u00e1 normalizado em todos os estados neste in\u00edcio de 2026.<\/p>\n\n\n\n<p>Criada a partir do Decreto n\u00ba 10.977\/2022, a CIN traz como principal mudan\u00e7a a ado\u00e7\u00e3o do&nbsp;<strong>CPF como n\u00famero \u00fanico nacional<\/strong>, encerrando a pr\u00e1tica de ter diferentes n\u00fameros de RG em cada estado. A medida busca reduzir fraudes e facilitar a integra\u00e7\u00e3o de dados entre \u00f3rg\u00e3os p\u00fablicos.<\/p>\n\n\n\n<p>Embora o prazo final para a substitui\u00e7\u00e3o definitiva do RG antigo seja\u00a0<strong>2032<\/strong>, o governo recomenda que a popula\u00e7\u00e3o n\u00e3o deixe a troca para a \u00faltima hora. Atualmente, o documento \u00e9 oferecido nas vers\u00f5es\u00a0<strong>f\u00edsica e digital<\/strong>, ambas com validade legal.<\/p>\n\n\n\n<p>A&nbsp;<strong>primeira via da Carteira de Identidade Nacional \u00e9 gratuita para todos os brasileiros<\/strong>, conforme determina a Lei Federal n\u00ba 7.116\/1983. A cobran\u00e7a s\u00f3 ocorre em casos de segunda via, quando h\u00e1 perda, roubo ou extravio do documento.<\/p>\n\n\n\n<p>Os valores variam conforme o estado. Em&nbsp;<strong>Goi\u00e1s<\/strong>, por exemplo, a taxa em 2026 \u00e9 de&nbsp;<strong>R$ 42,20<\/strong>, enquanto em&nbsp;<strong>S\u00e3o Paulo<\/strong>&nbsp;o custo chega a&nbsp;<strong>R$ 66,72<\/strong>. J\u00e1 estados como&nbsp;<strong>Santa Catarina (R$ 46,89)<\/strong>&nbsp;e&nbsp;<strong>Alagoas (R$ 36,03)<\/strong>&nbsp;praticam valores mais baixos. Pessoas em situa\u00e7\u00e3o de vulnerabilidade social podem solicitar&nbsp;<strong>isen\u00e7\u00e3o da taxa<\/strong>, mediante declara\u00e7\u00e3o nos postos de atendimento.<\/p>\n\n\n\n<h2 class=\"wp-block-heading\"><strong>Os 3 documentos obrigat\u00f3rios para emitir a CIN<\/strong><\/h2>\n\n\n\n<p>Para solicitar a nova identidade, \u00e9 necess\u00e1rio realizar&nbsp;<strong>agendamento pr\u00e9vio<\/strong>&nbsp;nos \u00f3rg\u00e3os estaduais, como Poupatempo, Detran ou postos da Pol\u00edcia Civil. No dia marcado, o cidad\u00e3o deve apresentar:<\/p>\n\n\n\n<ul class=\"wp-block-list\">\n<li><strong>Certid\u00e3o de nascimento ou casamento<\/strong>\u00a0(original ou c\u00f3pia autenticada);<\/li>\n\n\n\n<li><strong>CPF regularizado<\/strong>, compat\u00edvel com os dados da Receita Federal;<\/li>\n\n\n\n<li><strong>Comprovante de resid\u00eancia recente<\/strong>, como contas de \u00e1gua, luz ou internet.<\/li>\n<\/ul>\n\n\n\n<p>A aus\u00eancia de qualquer um desses itens pode impedir a emiss\u00e3o no dia do atendimento.<\/p>\n\n\n\n<h2 class=\"wp-block-heading\"><strong>Documento ser\u00e1 exigido para benef\u00edcios sociais<\/strong><\/h2>\n\n\n\n<p>A Carteira de Identidade Nacional tamb\u00e9m passa a ter papel central no acesso a&nbsp;<strong>programas sociais<\/strong>, especialmente para quem ainda n\u00e3o possui biometria cadastrada. Segundo o Minist\u00e9rio da Gest\u00e3o e Inova\u00e7\u00e3o em Servi\u00e7os P\u00fablicos (MGI), a exig\u00eancia faz parte da estrat\u00e9gia de moderniza\u00e7\u00e3o e combate a fraudes.<\/p>\n\n\n\n<p>Atualmente, cerca de&nbsp;<strong>84% dos 68 milh\u00f5es de benefici\u00e1rios<\/strong>&nbsp;j\u00e1 possuem biometria registrada em bases oficiais, como a Justi\u00e7a Eleitoral, a CNH ou a pr\u00f3pria CIN. Para os demais, a identifica\u00e7\u00e3o poder\u00e1 ser feita por&nbsp;<strong>biometria facial<\/strong>, nos casos em que n\u00e3o houver impress\u00e3o digital.<\/p>\n\n\n\n<p>O governo definiu um cronograma escalonado para a ado\u00e7\u00e3o obrigat\u00f3ria da CIN:<\/p>\n\n\n\n<ul class=\"wp-block-list\">\n<li><strong>1\u00ba de maio de 2026<\/strong>: novos benefici\u00e1rios sem biometria dever\u00e3o emitir a CIN;<\/li>\n\n\n\n<li><strong>1\u00ba de janeiro de 2027<\/strong>: todas as novas concess\u00f5es e renova\u00e7\u00f5es exigir\u00e3o biometria;<\/li>\n\n\n\n<li><strong>1\u00ba de janeiro de 2028<\/strong>: a CIN passa a ser a \u00fanica base biom\u00e9trica aceita.<\/li>\n<\/ul>\n","protected":false},"excerpt":{"rendered":"<p>O tradicional Registro Geral (RG) est\u00e1 sendo substitu\u00eddo em todo o pa\u00eds pela&nbsp;Carteira de Identidade Nacional (CIN), documento que unifica a identifica\u00e7\u00e3o dos brasileiros e pode ser emitido&nbsp;gratuitamente na primeira via. Para garantir o novo RG, basta apresentar&nbsp;tr\u00eas documentos b\u00e1sicos, em um processo que j\u00e1 est\u00e1 normalizado em todos os estados neste in\u00edcio de 2026. [&hellip;]<\/p>\n","protected":false},"author":9,"featured_media":33103,"comment_status":"closed","ping_status":"closed","sticky":false,"template":"","format":"standard","meta":{"jnews-multi-image_gallery":[],"jnews_single_post":{"format":"standard"},"jnews_primary_category":[],"jnews_social_meta":[],"jnews_override_counter":[],"jnews_post_split":[],"footnotes":""},"categories":[1],"tags":[],"class_list":["post-33097","post","type-post","status-publish","format-standard","has-post-thumbnail","hentry","category-geral"],"_referencia":"","_links":{"self":[{"href":"https:\/\/diariodocomercio.com.br\/mix\/wp-json\/wp\/v2\/posts\/33097","targetHints":{"allow":["GET"]}}],"collection":[{"href":"https:\/\/diariodocomercio.com.br\/mix\/wp-json\/wp\/v2\/posts"}],"about":[{"href":"https:\/\/diariodocomercio.com.br\/mix\/wp-json\/wp\/v2\/types\/post"}],"author":[{"embeddable":true,"href":"https:\/\/diariodocomercio.com.br\/mix\/wp-json\/wp\/v2\/users\/9"}],"replies":[{"embeddable":true,"href":"https:\/\/diariodocomercio.com.br\/mix\/wp-json\/wp\/v2\/comments?post=33097"}],"version-history":[{"count":1,"href":"https:\/\/diariodocomercio.com.br\/mix\/wp-json\/wp\/v2\/posts\/33097\/revisions"}],"predecessor-version":[{"id":33104,"href":"https:\/\/diariodocomercio.com.br\/mix\/wp-json\/wp\/v2\/posts\/33097\/revisions\/33104"}],"wp:featuredmedia":[{"embeddable":true,"href":"https:\/\/diariodocomercio.com.br\/mix\/wp-json\/wp\/v2\/media\/33103"}],"wp:attachment":[{"href":"https:\/\/diariodocomercio.com.br\/mix\/wp-json\/wp\/v2\/media?parent=33097"}],"wp:term":[{"taxonomy":"category","embeddable":true,"href":"https:\/\/diariodocomercio.com.br\/mix\/wp-json\/wp\/v2\/categories?post=33097"},{"taxonomy":"post_tag","embeddable":true,"href":"https:\/\/diariodocomercio.com.br\/mix\/wp-json\/wp\/v2\/tags?post=33097"}],"curies":[{"name":"wp","href":"https:\/\/api.w.org\/{rel}","templated":true}]}}