{"id":33105,"date":"2026-01-23T12:01:40","date_gmt":"2026-01-23T15:01:40","guid":{"rendered":"https:\/\/diariodocomercio.com.br\/mix\/?p=33105"},"modified":"2026-01-23T12:01:42","modified_gmt":"2026-01-23T15:01:42","slug":"governo-muda-regras-e-nunca-esteve-tao-facil-ser-aprovado-em-medicina-no-brasil","status":"publish","type":"post","link":"https:\/\/diariodocomercio.com.br\/mix\/governo-muda-regras-e-nunca-esteve-tao-facil-ser-aprovado-em-medicina-no-brasil\/","title":{"rendered":"Governo muda regras e nunca esteve t\u00e3o f\u00e1cil ser aprovado em Medicina no Brasil"},"content":{"rendered":"\n<p>Uma combina\u00e7\u00e3o de mudan\u00e7as regulat\u00f3rias, disputas jur\u00eddicas e novas m\u00e9tricas de avalia\u00e7\u00e3o do ensino superior est\u00e1 redesenhando o cen\u00e1rio do curso de Medicina no Brasil. De um lado, cresce nas redes sociais a divulga\u00e7\u00e3o de que estudantes com nota m\u00ednima no Enem j\u00e1 estariam garantindo&nbsp;<strong>100% de financiamento pelo Fies<\/strong>, mesmo abaixo do tradicional ponto de corte. De outro, o Minist\u00e9rio da Educa\u00e7\u00e3o (MEC) endureceu a fiscaliza\u00e7\u00e3o e passou a&nbsp;<strong>punir cursos de Medicina mal avaliados<\/strong>, o que pode reduzir vagas e restringir o acesso ao financiamento p\u00fablico.<\/p>\n\n\n\n<p>Um conte\u00fado compartilhado pelo perfil\u00a0<em>machadoecostaadvocacia<\/em>\u00a0afirma que j\u00e1 estaria em vigor uma interpreta\u00e7\u00e3o jur\u00eddica que garante\u00a0<strong>financiamento integral do Fies para Medicina<\/strong>\u00a0a estudantes que cumpram apenas os requisitos previstos em lei:<\/p>\n\n\n\n<ul class=\"wp-block-list\">\n<li>nota m\u00ednima de\u00a0<strong>450 pontos no Enem<\/strong>;<\/li>\n\n\n\n<li><strong>n\u00e3o zerar a reda\u00e7\u00e3o<\/strong>;<\/li>\n\n\n\n<li>ter participado de qualquer edi\u00e7\u00e3o do exame\u00a0<strong>a partir de 2010<\/strong>.<\/li>\n<\/ul>\n\n\n\n<p>Segundo a tese defendida, a aplica\u00e7\u00e3o de&nbsp;<strong>pontos de corte nos editais do Fies seria ilegal<\/strong>, pois excluiria milhares de candidatos que atendem aos crit\u00e9rios legais do programa. De acordo com o material divulgado, estudantes em todo o pa\u00eds j\u00e1 estariam conseguindo acesso ao financiamento integral por meio de&nbsp;<strong>recursos administrativos ou decis\u00f5es judiciais<\/strong>, mesmo com notas abaixo da nota m\u00ednima exigida nos processos seletivos regulares.<\/p>\n\n\n\n<p>A interpreta\u00e7\u00e3o, no entanto, ainda n\u00e3o foi oficialmente incorporada pelo governo federal de forma ampla, o que mant\u00e9m o tema em debate e gera expectativa entre candidatos ao curso mais concorrido do pa\u00eds.<\/p>\n\n\n\n<h2 class=\"wp-block-heading\"><strong>Cursos mal avaliados perdem vagas e acesso ao Fies<\/strong><\/h2>\n\n\n\n<p>Enquanto o acesso ao financiamento ganha novos contornos, o MEC refor\u00e7a o controle sobre a qualidade da forma\u00e7\u00e3o m\u00e9dica. Dados divulgados nesta semana mostram que&nbsp;<strong>99 cursos de Medicina<\/strong>&nbsp;foram mal avaliados na primeira edi\u00e7\u00e3o do&nbsp;<strong>Enamed<\/strong>, novo exame nacional aplicado aos formandos da \u00e1rea.<\/p>\n\n\n\n<p>Esses cursos, pertencentes a&nbsp;<strong>93 institui\u00e7\u00f5es<\/strong>, ter\u00e3o at\u00e9&nbsp;<strong>30 dias para apresentar defesa<\/strong>&nbsp;antes da aplica\u00e7\u00e3o de san\u00e7\u00f5es, que variam conforme o desempenho. Entre as medidas previstas est\u00e3o:<\/p>\n\n\n\n<ul class=\"wp-block-list\">\n<li>proibi\u00e7\u00e3o de abertura de novas vagas;<\/li>\n\n\n\n<li>redu\u00e7\u00e3o da oferta de estudantes;<\/li>\n\n\n\n<li><strong>suspens\u00e3o da participa\u00e7\u00e3o no Fies<\/strong>;<\/li>\n\n\n\n<li>e, nos casos mais graves, suspens\u00e3o tempor\u00e1ria de ingresso de novos alunos.<\/li>\n<\/ul>\n\n\n\n<p>O exame mede o n\u00edvel de profici\u00eancia dos estudantes por meio de 100 quest\u00f5es objetivas. O MEC considera satisfat\u00f3rio desempenho a partir da&nbsp;<strong>nota 3<\/strong>, equivalente a pelo menos 60% de acertos.<\/p>\n\n\n\n<h2 class=\"wp-block-heading\"><strong>Impacto maior recai sobre institui\u00e7\u00f5es privadas<\/strong><\/h2>\n\n\n\n<p>Dos cursos com desempenho insatisfat\u00f3rio,&nbsp;<strong>87 pertencem \u00e0 rede privada<\/strong>&nbsp;e apenas quatro s\u00e3o universidades federais. Todos os&nbsp;<strong>21 cursos que obtiveram nota 1<\/strong>&nbsp;sofrer\u00e3o suspens\u00e3o do Fies e veto ao aumento de vagas. Aqueles com desempenho ligeiramente superior tamb\u00e9m enfrentar\u00e3o restri\u00e7\u00f5es graduais.<\/p>\n\n\n\n<p>Apesar disso, os dados mostram que as&nbsp;<strong>institui\u00e7\u00f5es estaduais e federais<\/strong>&nbsp;apresentam desempenho m\u00e9dio superior ao das privadas, especialmente as com fins lucrativos. Entre os quase&nbsp;<strong>30 mil estudantes avaliados<\/strong>, a maior parte \u00e9 da rede privada, justamente onde est\u00e3o os piores \u00edndices de profici\u00eancia.<\/p>\n","protected":false},"excerpt":{"rendered":"<p>Uma combina\u00e7\u00e3o de mudan\u00e7as regulat\u00f3rias, disputas jur\u00eddicas e novas m\u00e9tricas de avalia\u00e7\u00e3o do ensino superior est\u00e1 redesenhando o cen\u00e1rio do curso de Medicina no Brasil. De um lado, cresce nas redes sociais a divulga\u00e7\u00e3o de que estudantes com nota m\u00ednima no Enem j\u00e1 estariam garantindo&nbsp;100% de financiamento pelo Fies, mesmo abaixo do tradicional ponto de [&hellip;]<\/p>\n","protected":false},"author":9,"featured_media":33107,"comment_status":"closed","ping_status":"closed","sticky":false,"template":"","format":"standard","meta":{"jnews-multi-image_gallery":[],"jnews_single_post":{"format":"standard"},"jnews_primary_category":[],"jnews_social_meta":[],"jnews_override_counter":[],"jnews_post_split":[],"footnotes":""},"categories":[1],"tags":[],"class_list":["post-33105","post","type-post","status-publish","format-standard","has-post-thumbnail","hentry","category-geral"],"_referencia":"","_links":{"self":[{"href":"https:\/\/diariodocomercio.com.br\/mix\/wp-json\/wp\/v2\/posts\/33105","targetHints":{"allow":["GET"]}}],"collection":[{"href":"https:\/\/diariodocomercio.com.br\/mix\/wp-json\/wp\/v2\/posts"}],"about":[{"href":"https:\/\/diariodocomercio.com.br\/mix\/wp-json\/wp\/v2\/types\/post"}],"author":[{"embeddable":true,"href":"https:\/\/diariodocomercio.com.br\/mix\/wp-json\/wp\/v2\/users\/9"}],"replies":[{"embeddable":true,"href":"https:\/\/diariodocomercio.com.br\/mix\/wp-json\/wp\/v2\/comments?post=33105"}],"version-history":[{"count":1,"href":"https:\/\/diariodocomercio.com.br\/mix\/wp-json\/wp\/v2\/posts\/33105\/revisions"}],"predecessor-version":[{"id":33108,"href":"https:\/\/diariodocomercio.com.br\/mix\/wp-json\/wp\/v2\/posts\/33105\/revisions\/33108"}],"wp:featuredmedia":[{"embeddable":true,"href":"https:\/\/diariodocomercio.com.br\/mix\/wp-json\/wp\/v2\/media\/33107"}],"wp:attachment":[{"href":"https:\/\/diariodocomercio.com.br\/mix\/wp-json\/wp\/v2\/media?parent=33105"}],"wp:term":[{"taxonomy":"category","embeddable":true,"href":"https:\/\/diariodocomercio.com.br\/mix\/wp-json\/wp\/v2\/categories?post=33105"},{"taxonomy":"post_tag","embeddable":true,"href":"https:\/\/diariodocomercio.com.br\/mix\/wp-json\/wp\/v2\/tags?post=33105"}],"curies":[{"name":"wp","href":"https:\/\/api.w.org\/{rel}","templated":true}]}}