{"id":33114,"date":"2026-01-23T12:50:51","date_gmt":"2026-01-23T15:50:51","guid":{"rendered":"https:\/\/diariodocomercio.com.br\/mix\/?p=33114"},"modified":"2026-01-23T17:30:32","modified_gmt":"2026-01-23T20:30:32","slug":"doce-de-leite-popular-e-retirado-das-prateleiras-apos-determinacao-da-anvisa","status":"publish","type":"post","link":"https:\/\/diariodocomercio.com.br\/mix\/doce-de-leite-popular-e-retirado-das-prateleiras-apos-determinacao-da-anvisa\/","title":{"rendered":"Doce de leite popular \u00e9 retirado das prateleiras ap\u00f3s determina\u00e7\u00e3o da Anvisa"},"content":{"rendered":"\n<p>A Ag\u00eancia Nacional de Vigil\u00e2ncia Sanit\u00e1ria (Anvisa) determinou, em 22 de janeiro, o recolhimento de produtos aliment\u00edcios espec\u00edficos como medida de prote\u00e7\u00e3o \u00e0 sa\u00fade p\u00fablica. Os produtos afetados incluem <strong>sal grosso da marca Marfim<\/strong> e <strong>doce de leite da marca S\u00e3o Benedito. <\/strong>O an\u00fancio oficial foi publicado no Di\u00e1rio Oficial da Uni\u00e3o, uma medida preventiva para assegurar a seguran\u00e7a dos consumidores.<\/p>\n\n\n\n<p>O sal grosso envolvido pertence ao lote 901124 da marca Marfim, e foi reprovado no teste de teor de iodo realizado pelo Laborat\u00f3rio Central de Sa\u00fade P\u00fablica do Distrito Federal (LACEN-DF). A adi\u00e7\u00e3o de iodo ao sal \u00e9 obrigat\u00f3ria no Brasil desde 1952 para prevenir defici\u00eancias de iodo.<\/p>\n\n\n\n<p>Quanto ao doce de leite, o produto afetado \u00e9 o Doce de Leite em Peda\u00e7os da marca S\u00e3o Benedito, que apresentou falhas nos testes de seguran\u00e7a, incluindo falta de identifica\u00e7\u00e3o clara do lote e desvio nos n\u00edveis de acidifica\u00e7\u00e3o.<\/p>\n\n\n\n<h2 class=\"wp-block-heading\">Falhas nos produtos recolhidos<\/h2>\n\n\n<style>@media (min-width: 992px) {\n    .recomendadorV2Area1 {\n        width: 280px;\n    }\n    .recomendadorV2Area2 {\n        padding: 0px 20px;\n        width: calc(100% - 280px);\n    }\n}\n\n@media (max-width: 992px) {\n    .recomendadorV2Button {\n        margin: 0 auto;\n    }\n    .recomendadorV2Area {\n        flex-direction: column;\n        text-align: center;\n    }\n    .recomendadorV2Area2 {\n        padding: 0px 20px;\n    }\n}\n\n.recomendadorV2Area {\n    background: #eeeeee3d;\n    border-radius: 10px;\n    padding: 15px;\n    display: flex;\n    margin: 15px auto;\n    border: 1px solid #00000014;\n    max-width: 800px;\n}\n\n.recomendadorV2Area1 img {\n    width: 280px;\n    height: auto;\n    border-radius: 8px;\n}\n\n.linkrecomendadorv2 {\n    text-decoration: none !important;\n}\n\n.recomendadorV2Area2 .recomendadorV2Type {\n    text-transform: uppercase;\n    font-weight: 500;\n    font-size: 11px;\n    letter-spacing: 2px;\n    color: #666;\n    margin: 12px 0;\n    display: block;\n}\n\n.recomendadorV2Title h2 {\n    padding-top: 0px !important;\n    margin: 0px !important;\n    border-left: none !important;\n    padding-left: 0px !important;\n    line-height: 1.3;\n    color: #000 !important;\n    font-size: 24px;\n    margin-bottom: 12px !important;\n}\n\n.recomendadorV2Desc {\n    color: #333;\n    margin: 12px 0px !important;\n    font-size: 15px;\n    line-height: 1.5;\n}\n\n.recomendadorV2Button {\n    width: auto;\n    max-width: 200px;\n    margin: 0;\n    display: inline-flex;\n    align-items: center;\n    background: #1D3557;\n    border-radius: 8px;\n    color: #fff;\n    height: 36px;\n    justify-content: center;\n    text-align: center;\n    font-size: 14px;\n    padding: 0 20px;\n    transition: background-color 0.2s ease;\n}\n\n.recomendadorV2Button:hover {\n    background: #2a4d7a;\n}\n\n.recomendadorV2Button:after {\n    margin-top: -2px;\n    content: \"\u2192\";\n    padding: 0px 0px 0px 8px;\n}\n\n.recomendadorV2Alert {\n    text-align: left;\n    font-size: 11px;\n    margin-top: 8px;\n    color: #666;\n}\n\n.recomendadorFixedArea {\n    width: 100%;\n    display: flex;\n    justify-content: center;\n    align-items: center;\n}\n\n@media (min-width: 992px) {\n    #recomendadorFixed {\n        width: 32% !important;\n        left: 5%;\n    }\n    .recomendadorCloseFixed{\n        right: inherit !important;\n        left: 378px !important;\n    }\n}\n\n#recomendadorFixed {\n    width: 90%;\n    box-shadow: 0 10px 20px 0px #00000057;\n    display: none;\n    height: 90px;\n    background: #F6F6F6;\n    position: fixed;\n    flex-direction: row;\n    bottom: 10px;\n    z-index: 9999;\n    border-radius: 16px;\n    padding: 7px 10px;\n}\n\n.recomendadorLeftArea {\n    width: 160px;\n}\n\n.recomendadorRightArea h2 {\n    padding-top: 0px;\n    margin: 2px 0px 4px 0px !important;\n    font-weight: 400;\n    text-align: center;\n    padding-left: 0px !important;\n    color: #000 !important;\n    border-left: none !important;\n    line-height: 20px;\n    font-size: 12px !important;\n}\n\n.recomendadorImgFixed {\n    overflow: hidden;\n    padding: 8px 6px;\n    height: 100%;\n}\n\n.recomendadorImgFixed img {\n    height: 100% !important;\n    border-radius: 16px;\n}\n\n.recomendadorRightArea {\n    padding-top: 6px;\n    display: flex;\n    width: calc(100% - 130px);\n    justify-content: space-between;\n    align-items: center;\n    flex-direction: column;\n}\n\n.recomendadorButtonFixed {\n    margin: 0 auto;\n    background: #1D3557;\n    width: 80%;\n    text-align: center;\n    font-size: 10px;\n    color: #FFF;\n    padding: 2px 10px;\n    border-radius: 3px;\n}\n\n.recomendadorButtonFixed:after {\n    margin-top: -3px;\n    content: \"\u2192\";\n    padding: 0px 0px 0px 10px;\n}\n\n.recomendadorAlertFixed {\n    font-weight: 400;\n    text-align: center;\n    color: #484848;\n    font-size: 8px;\n}\n\n.recomendadorCloseFixed {\n    z-index: 99999;\n    display: none;\n    right: 0px;\n    left: inherit;\n    bottom: 99px;\n    position: fixed;\n    justify-content: center;\n    background: #F6F6F6;\n    width: 25px;\n    align-items: center;\n    height: 25px;\n    font-weight: 800;\n    border-radius: 50%;\n    border: 1px solid #EBEBEB;\n}\n\n.recomendadorV2Desc{\n    color: #000000;\n    margin: 20px 0px;\n}\n\n@media (max-width: 576px) {\n    .recomendadorV2Area {\n      padding: 10px;\n      max-width: 100%;\n    }\n  \n    .recomendadorV2Area1 img {\n      width: 100%;\n      border-radius: 6px;\n    }\n  \n    .recomendadorV2Area2 .recomendadorV2Type {\n      font-size: 9px;\n      letter-spacing: 1px;\n      margin: 8px 0;\n    }\n  \n    .recomendadorV2Title h2 {\n      font-size: 18px !important;\n      margin-bottom: 8px !important;\n      line-height: 1.2;\n    }\n  \n    .recomendadorV2Desc {\n      font-size: 14px;\n      margin: 8px 0 !important;\n      line-height: 1.4;\n    }\n  \n    .recomendadorV2Button {\n      font-size: 14px;\n      height: 40px;\n      padding: 0 12px;\n      max-width: 100%;\n      width: 100%;\n    }\n  \n    .recomendadorV2Button:after {\n      padding-left: 6px;\n    }\n  }\n  <\/style>\n        <div class=\"lazyblock-recomendador-v2-2jDGz wp-block-lazyblock-recomendador-v2\">\n        <a class=\"linkrecomendadorv2\" href=\"https:\/\/diariodocomercio.com.br\/mix\/fungo-raro-esta-transformando-aranhas-em-zumbis-na-amazonia\/?utm_source=lazy\">\n            <div class=\"recomendadorV2Area\">\n            <div class=\"recomendadorV2Area1\">\n                <div class=\"recomendadorV2Img\">\n                <img class=\"lazyloaded\" decoding=\"async\" src=\"https:\/\/diariodocomercio.com.br\/mix\/wp-content\/uploads\/2026\/01\/image-257-600x375.jpg\" data-src=\"https:\/\/diariodocomercio.com.br\/mix\/wp-content\/uploads\/2026\/01\/image-257-600x375.jpg\" alt=\"\">\n                <\/div>\n            <\/div>\n            <div class=\"recomendadorV2Area2\">\n                <div class=\"recomendadorV2Type\">\n                    <span>Fungo Raro<\/span>\n                <\/div>\n                <div class=\"recomendadorV2Title\">\n                <h2><span>Aranhas Zumbis \ud83d\udd77\ufe0f<\/span><\/h2>\n                <\/div>\n                <div class=\"recomendadorV2Desc\">\n                <span>Fungo transforma aranhas na Amaz\u00f4nia<\/span>\n                <\/div>\n                <div class=\"recomendadorV2Button\">Veja o Caso<\/div>\n                <div class=\"recomendadorV2Alert\"><\/div>\n            <\/div>\n            <\/div>\n        <\/a>\n        <div>\n            <div style=\"z-index:99999;\" id=\"buttonClose\" onclick=\"closeRecomendadorFixed()\">\n            <div class=\"recomendadorCloseFixed\">X<\/div>\n            <\/div>\n            <a href=\"https:\/\/diariodocomercio.com.br\/mix\/fungo-raro-esta-transformando-aranhas-em-zumbis-na-amazonia\/?utm_source=lazy\">\n            <div class=\"recomendadorFixedArea\">\n                <div id=\"recomendadorFixed\">\n                <div class=\"recomendadorLeftArea\">\n                    <div class=\"recomendadorImgFixed\">\n                    <img class=\"lazyload\" decoding=\"async\" src=\"https:\/\/diariodocomercio.com.br\/mix\/wp-content\/uploads\/2026\/01\/image-257-600x375.jpg\" alt=\"\">\n                    <\/div>\n                <\/div>\n                <div class=\"recomendadorRightArea\">\n                    <div class=\"recomendadorTitleFixed\">\n                    <h2><span>Aranhas Zumbis \ud83d\udd77\ufe0f<\/span><\/h2>\n                    <\/div>\n                    <div class=\"recomendadorButtonFixed\">Veja o Caso<\/div>\n                    <div class=\"recomendadorAlertFixed\"><\/div>\n                <\/div>\n                <\/div>\n            <\/div>\n            <\/a>\n        <\/div>\n        <\/div>\n\n\n\n<p>Os problemas encontrados no sal grosso e no doce de leite reafirmam a import\u00e2ncia de normas sanit\u00e1rias rigorosas. O teor inadequado de iodo no sal pode resultar em problemas como b\u00f3cio e complica\u00e7\u00f5es durante a gravidez.&nbsp;<\/p>\n\n\n\n<p>No doce de leite, a aus\u00eancia de identifica\u00e7\u00e3o do lote e altera\u00e7\u00f5es nos n\u00edveis de \u00e1cido s\u00f3rbico representam potenciais <strong>riscos de contamina\u00e7\u00e3o.<\/strong><\/p>\n\n\n\n<p>Al\u00e9m disso, a Anvisa instaurou a apreens\u00e3o do <strong>Azeite de Oliva Extravirgem da marca Terra das Oliveiras.<\/strong> O produto, cuja proced\u00eancia \u00e9 desconhecida, foi encontrado em plataformas de e-commerce sem as devidas autoriza\u00e7\u00f5es, levantando preocupa\u00e7\u00f5es adicionais de seguran\u00e7a.<\/p>\n\n\n\n<h2 class=\"wp-block-heading\">Relev\u00e2ncia de normas sanit\u00e1rias estritas<\/h2>\n\n\n\n<p>A conformidade com normas sanit\u00e1rias \u00e9 vital para proteger a sa\u00fade p\u00fablica. Produtos como sal e doce de leite devem atender a regulamentos rigorosos de seguran\u00e7a alimentar.<\/p>\n\n\n\n<p>A n\u00e3o observ\u00e2ncia dessas normas pode ter consequ\u00eancias significativas para a sa\u00fade de consumidores que usam esses produtos regularmente.<\/p>\n\n\n\n<p>A Anvisa seguir\u00e1 acompanhando de perto a conformidade destes e de outros produtos no mercado. Os consumidores s\u00e3o incentivados a consultar os r\u00f3tulos atentamente e a acompanhar comunicados da Anvisa para garantir que os produtos adquiridos sejam seguros para consumo.&nbsp;<\/p>\n","protected":false},"excerpt":{"rendered":"<p>O an\u00fancio oficial foi publicado no Di\u00e1rio Oficial da Uni\u00e3o.<\/p>\n","protected":false},"author":12,"featured_media":11886,"comment_status":"closed","ping_status":"closed","sticky":false,"template":"","format":"standard","meta":{"jnews-multi-image_gallery":[],"jnews_single_post":{"format":"standard"},"jnews_primary_category":[],"jnews_social_meta":[],"jnews_override_counter":[],"jnews_post_split":[],"footnotes":""},"categories":[1],"tags":[],"class_list":["post-33114","post","type-post","status-publish","format-standard","has-post-thumbnail","hentry","category-geral"],"_referencia":"","_links":{"self":[{"href":"https:\/\/diariodocomercio.com.br\/mix\/wp-json\/wp\/v2\/posts\/33114","targetHints":{"allow":["GET"]}}],"collection":[{"href":"https:\/\/diariodocomercio.com.br\/mix\/wp-json\/wp\/v2\/posts"}],"about":[{"href":"https:\/\/diariodocomercio.com.br\/mix\/wp-json\/wp\/v2\/types\/post"}],"author":[{"embeddable":true,"href":"https:\/\/diariodocomercio.com.br\/mix\/wp-json\/wp\/v2\/users\/12"}],"replies":[{"embeddable":true,"href":"https:\/\/diariodocomercio.com.br\/mix\/wp-json\/wp\/v2\/comments?post=33114"}],"version-history":[{"count":2,"href":"https:\/\/diariodocomercio.com.br\/mix\/wp-json\/wp\/v2\/posts\/33114\/revisions"}],"predecessor-version":[{"id":33183,"href":"https:\/\/diariodocomercio.com.br\/mix\/wp-json\/wp\/v2\/posts\/33114\/revisions\/33183"}],"wp:featuredmedia":[{"embeddable":true,"href":"https:\/\/diariodocomercio.com.br\/mix\/wp-json\/wp\/v2\/media\/11886"}],"wp:attachment":[{"href":"https:\/\/diariodocomercio.com.br\/mix\/wp-json\/wp\/v2\/media?parent=33114"}],"wp:term":[{"taxonomy":"category","embeddable":true,"href":"https:\/\/diariodocomercio.com.br\/mix\/wp-json\/wp\/v2\/categories?post=33114"},{"taxonomy":"post_tag","embeddable":true,"href":"https:\/\/diariodocomercio.com.br\/mix\/wp-json\/wp\/v2\/tags?post=33114"}],"curies":[{"name":"wp","href":"https:\/\/api.w.org\/{rel}","templated":true}]}}