{"id":33119,"date":"2026-01-23T13:06:02","date_gmt":"2026-01-23T16:06:02","guid":{"rendered":"https:\/\/diariodocomercio.com.br\/mix\/?p=33119"},"modified":"2026-01-23T17:36:29","modified_gmt":"2026-01-23T20:36:29","slug":"aposentados-vao-receber-presente-do-inss-no-pagamento-de-janeiro","status":"publish","type":"post","link":"https:\/\/diariodocomercio.com.br\/mix\/aposentados-vao-receber-presente-do-inss-no-pagamento-de-janeiro\/","title":{"rendered":"Aposentados v\u00e3o receber presente do INSS no pagamento de janeiro"},"content":{"rendered":"\n<p>Aposentados, pensionistas e benefici\u00e1rios de aux\u00edlios do INSS come\u00e7am a receber, a partir do fim de janeiro, os pagamentos j\u00e1 com os valores reajustados para 2026. O dep\u00f3sito traz aumento real nos benef\u00edcios, eleva\u00e7\u00e3o do teto previdenci\u00e1rio e novas regras de isen\u00e7\u00e3o do Imposto de Renda, medidas que impactam milh\u00f5es de segurados em todo o pa\u00eds.<\/p>\n\n\n\n<p>O Instituto Nacional do Seguro Social (INSS) informou que os valores atualizados j\u00e1 podem ser consultados a partir desta quarta-feira (21). O pagamento ser\u00e1 feito entre os dias 26 de janeiro e 6 de fevereiro, conforme o n\u00famero final do cart\u00e3o de benef\u00edcio.<\/p>\n\n\n\n<p>Quem recebe um sal\u00e1rio m\u00ednimo ter\u00e1 reajuste de 6,79%, seguindo a pol\u00edtica de valoriza\u00e7\u00e3o do piso nacional. J\u00e1 os segurados com benef\u00edcios acima do m\u00ednimo ter\u00e3o corre\u00e7\u00e3o de 3,90%, percentual correspondente ao INPC de 2025.<\/p>\n\n\n\n<p>Com o reajuste, o piso previdenci\u00e1rio passou de R$ 1.519 para R$ 1.621. O teto dos benef\u00edcios subiu de R$ 8.157,41 para R$ 8.475,55. Para quem come\u00e7ou a receber aposentadoria ou pens\u00e3o a partir de 1\u00ba de janeiro de 2025, o aumento ser\u00e1 proporcional ao tempo de concess\u00e3o.<\/p>\n\n\n\n<h3 class=\"wp-block-heading\"><strong>Isen\u00e7\u00e3o do Imposto de Renda amplia renda mensal<\/strong><\/h3>\n\n\n\n<p>Outra mudan\u00e7a relevante que entra em vigor no pagamento de janeiro \u00e9 a amplia\u00e7\u00e3o da isen\u00e7\u00e3o do Imposto de Renda. Benefici\u00e1rios com renda mensal de at\u00e9 R$ 5.000 passam a ser totalmente isentos. Para quem recebe entre R$ 5.001 e R$ 7.350, haver\u00e1 isen\u00e7\u00e3o parcial, com desconto progressivo. Acima desse valor, a tributa\u00e7\u00e3o permanece inalterada.<\/p>\n\n\n\n<p>Para quem recebe at\u00e9 um sal\u00e1rio m\u00ednimo, os dep\u00f3sitos ser\u00e3o feitos entre 26 de janeiro e 6 de fevereiro. J\u00e1 os benefici\u00e1rios com renda acima do piso ter\u00e3o pagamentos entre 2 e 6 de fevereiro. A data exata depende do n\u00famero final do cart\u00e3o, sem considerar o d\u00edgito verificador.<\/p>\n\n\n\n<p>Os segurados podem consultar o extrato de pagamento pelo aplicativo ou site Meu INSS. Basta fazer login e acessar a op\u00e7\u00e3o \u201cExtrato de Pagamento\u201d. Quem n\u00e3o tem acesso \u00e0 internet pode ligar para a Central 135, de segunda a s\u00e1bado, das 7h \u00e0s 22h, informando o CPF e confirmando dados cadastrais.<\/p>\n\n\n\n<h3 class=\"wp-block-heading\"><strong>Mudan\u00e7as nos atendimentos de janeiro<\/strong><\/h3>\n\n\n\n<p>Al\u00e9m do reajuste, o INSS anunciou altera\u00e7\u00f5es nos agendamentos presenciais no fim de janeiro de 2026. Os atendimentos previstos para os dias 28, 29 e 30 foram antecipados para os dias 24 e 25, devido ao fechamento das ag\u00eancias e \u00e0 manuten\u00e7\u00e3o dos sistemas digitais e da Central 135.<\/p>\n\n\n\n<p>Segundo o \u00f3rg\u00e3o, mutir\u00f5es foram organizados para garantir que nenhum segurado seja prejudicado. Os servi\u00e7os digitais ficar\u00e3o indispon\u00edveis a partir das 19h do dia 27 de janeiro, com retorno previsto para 1\u00ba de fevereiro.&nbsp;<\/p>\n","protected":false},"excerpt":{"rendered":"<p>Aposentados, pensionistas e benefici\u00e1rios de aux\u00edlios do INSS come\u00e7am a receber, a partir do fim de janeiro, os pagamentos j\u00e1 com os valores reajustados para 2026. O dep\u00f3sito traz aumento real nos benef\u00edcios, eleva\u00e7\u00e3o do teto previdenci\u00e1rio e novas regras de isen\u00e7\u00e3o do Imposto de Renda, medidas que impactam milh\u00f5es de segurados em todo o [&hellip;]<\/p>\n","protected":false},"author":9,"featured_media":5240,"comment_status":"closed","ping_status":"closed","sticky":false,"template":"","format":"standard","meta":{"jnews-multi-image_gallery":[],"jnews_single_post":{"format":"standard"},"jnews_primary_category":[],"jnews_social_meta":[],"jnews_override_counter":[],"jnews_post_split":[],"footnotes":""},"categories":[1],"tags":[],"class_list":["post-33119","post","type-post","status-publish","format-standard","has-post-thumbnail","hentry","category-geral"],"_referencia":"","_links":{"self":[{"href":"https:\/\/diariodocomercio.com.br\/mix\/wp-json\/wp\/v2\/posts\/33119","targetHints":{"allow":["GET"]}}],"collection":[{"href":"https:\/\/diariodocomercio.com.br\/mix\/wp-json\/wp\/v2\/posts"}],"about":[{"href":"https:\/\/diariodocomercio.com.br\/mix\/wp-json\/wp\/v2\/types\/post"}],"author":[{"embeddable":true,"href":"https:\/\/diariodocomercio.com.br\/mix\/wp-json\/wp\/v2\/users\/9"}],"replies":[{"embeddable":true,"href":"https:\/\/diariodocomercio.com.br\/mix\/wp-json\/wp\/v2\/comments?post=33119"}],"version-history":[{"count":3,"href":"https:\/\/diariodocomercio.com.br\/mix\/wp-json\/wp\/v2\/posts\/33119\/revisions"}],"predecessor-version":[{"id":33193,"href":"https:\/\/diariodocomercio.com.br\/mix\/wp-json\/wp\/v2\/posts\/33119\/revisions\/33193"}],"wp:featuredmedia":[{"embeddable":true,"href":"https:\/\/diariodocomercio.com.br\/mix\/wp-json\/wp\/v2\/media\/5240"}],"wp:attachment":[{"href":"https:\/\/diariodocomercio.com.br\/mix\/wp-json\/wp\/v2\/media?parent=33119"}],"wp:term":[{"taxonomy":"category","embeddable":true,"href":"https:\/\/diariodocomercio.com.br\/mix\/wp-json\/wp\/v2\/categories?post=33119"},{"taxonomy":"post_tag","embeddable":true,"href":"https:\/\/diariodocomercio.com.br\/mix\/wp-json\/wp\/v2\/tags?post=33119"}],"curies":[{"name":"wp","href":"https:\/\/api.w.org\/{rel}","templated":true}]}}