{"id":33121,"date":"2026-01-23T14:52:37","date_gmt":"2026-01-23T17:52:37","guid":{"rendered":"https:\/\/diariodocomercio.com.br\/mix\/?p=33121"},"modified":"2026-01-23T17:27:29","modified_gmt":"2026-01-23T20:27:29","slug":"bolsa-familia-vai-sofrer-suspensao-apos-o-pagamento-desta-sexta-feira-23-01","status":"publish","type":"post","link":"https:\/\/diariodocomercio.com.br\/mix\/bolsa-familia-vai-sofrer-suspensao-apos-o-pagamento-desta-sexta-feira-23-01\/","title":{"rendered":"Bolsa Fam\u00edlia vai sofrer suspens\u00e3o ap\u00f3s o pagamento desta sexta-feira (23\/01)"},"content":{"rendered":"\n<p>Os pagamentos do Bolsa Fam\u00edlia ser\u00e3o suspensos temporariamente ap\u00f3s o repasse desta sexta-feira, 23 de janeiro. A pausa ocorre por dois dias \u2014 s\u00e1bado (24) e domingo (25) \u2014 quando n\u00e3o h\u00e1 dep\u00f3sitos programados. Os cr\u00e9ditos ser\u00e3o retomados normalmente na segunda-feira (26), conforme o calend\u00e1rio oficial divulgado pelo Minist\u00e9rio do Desenvolvimento e Assist\u00eancia Social (MDS).<\/p>\n\n\n\n<p>A Caixa Econ\u00f4mica Federal iniciou os pagamentos do Bolsa Fam\u00edlia 2026 na \u00faltima segunda-feira (19), come\u00e7ando pelos benefici\u00e1rios com N\u00famero de Identifica\u00e7\u00e3o Social (NIS) final 1. Os repasses seguem o modelo escalonado, realizado nos \u00faltimos dez dias \u00fateis de cada m\u00eas \u2014 com exce\u00e7\u00e3o de dezembro, quando os valores s\u00e3o antecipados.<\/p>\n\n\n\n<p>Nesta sexta-feira (23), recebem os benefici\u00e1rios com NIS final 5. Em seguida, o calend\u00e1rio entra em pausa no fim de semana, sendo retomado na segunda-feira (26) para os inscritos com NIS final 6.<\/p>\n\n\n\n<h3 class=\"wp-block-heading\"><strong>Calend\u00e1rio de janeiro do Bolsa Fam\u00edlia segue at\u00e9 o dia 30<\/strong><\/h3>\n\n\n\n<p>Os pagamentos de janeiro terminam no dia 30, quando recebem os benefici\u00e1rios com NIS final 0. Confira as datas:<\/p>\n\n\n\n<ul class=\"wp-block-list\">\n<li><strong>NIS final 1:<\/strong>&nbsp;19\/01<\/li>\n\n\n\n<li><strong>NIS final 2:<\/strong>&nbsp;20\/01<\/li>\n\n\n\n<li><strong>NIS final 3:<\/strong>&nbsp;21\/01<\/li>\n\n\n\n<li><strong>NIS final 4:<\/strong>&nbsp;22\/01<\/li>\n\n\n\n<li><strong>NIS final 5:<\/strong>&nbsp;23\/01<\/li>\n\n\n\n<li><strong>NIS final 6:<\/strong>&nbsp;26\/01<\/li>\n\n\n\n<li><strong>NIS final 7:<\/strong>&nbsp;27\/01<\/li>\n\n\n\n<li><strong>NIS final 8:<\/strong>&nbsp;28\/01<\/li>\n\n\n\n<li><strong>NIS final 9:<\/strong>&nbsp;29\/01<\/li>\n\n\n\n<li><strong>NIS final 0:<\/strong>&nbsp;30\/01<\/li>\n<\/ul>\n\n\n\n<h3 class=\"wp-block-heading\"><strong>Pausa no fim de semana \u00e9 prevista<\/strong><\/h3>\n\n\n\n<p>Segundo o MDS, a suspens\u00e3o dos pagamentos aos s\u00e1bados e domingos \u00e9 prevista no calend\u00e1rio do programa e ocorre todos os meses. A interrup\u00e7\u00e3o n\u00e3o representa bloqueio, corte ou atraso do benef\u00edcio, apenas o cumprimento do cronograma operacional da Caixa.<\/p>\n\n\n\n<p>Os benefici\u00e1rios podem consultar a situa\u00e7\u00e3o do Bolsa Fam\u00edlia pelo aplicativo oficial do programa ou pelo telefone 111, da Central de Atendimento Caixa ao Cidad\u00e3o.<\/p>\n\n\n\n<p>O saque pode ser feito por meio do aplicativo Caixa Tem, para quem possui Conta Poupan\u00e7a Social Digital, al\u00e9m de lot\u00e9ricas, correspondentes Caixa Aqui e terminais de autoatendimento da Caixa Econ\u00f4mica Federal.<\/p>\n","protected":false},"excerpt":{"rendered":"<p>Os pagamentos do Bolsa Fam\u00edlia ser\u00e3o suspensos temporariamente ap\u00f3s o repasse desta sexta-feira, 23 de janeiro. A pausa ocorre por dois dias \u2014 s\u00e1bado (24) e domingo (25) \u2014 quando n\u00e3o h\u00e1 dep\u00f3sitos programados. Os cr\u00e9ditos ser\u00e3o retomados normalmente na segunda-feira (26), conforme o calend\u00e1rio oficial divulgado pelo Minist\u00e9rio do Desenvolvimento e Assist\u00eancia Social (MDS). [&hellip;]<\/p>\n","protected":false},"author":9,"featured_media":9091,"comment_status":"closed","ping_status":"closed","sticky":false,"template":"","format":"standard","meta":{"jnews-multi-image_gallery":[],"jnews_single_post":{"format":"standard"},"jnews_primary_category":[],"jnews_social_meta":[],"jnews_override_counter":[],"jnews_post_split":[],"footnotes":""},"categories":[1],"tags":[],"class_list":["post-33121","post","type-post","status-publish","format-standard","has-post-thumbnail","hentry","category-geral"],"_referencia":"","_links":{"self":[{"href":"https:\/\/diariodocomercio.com.br\/mix\/wp-json\/wp\/v2\/posts\/33121","targetHints":{"allow":["GET"]}}],"collection":[{"href":"https:\/\/diariodocomercio.com.br\/mix\/wp-json\/wp\/v2\/posts"}],"about":[{"href":"https:\/\/diariodocomercio.com.br\/mix\/wp-json\/wp\/v2\/types\/post"}],"author":[{"embeddable":true,"href":"https:\/\/diariodocomercio.com.br\/mix\/wp-json\/wp\/v2\/users\/9"}],"replies":[{"embeddable":true,"href":"https:\/\/diariodocomercio.com.br\/mix\/wp-json\/wp\/v2\/comments?post=33121"}],"version-history":[{"count":2,"href":"https:\/\/diariodocomercio.com.br\/mix\/wp-json\/wp\/v2\/posts\/33121\/revisions"}],"predecessor-version":[{"id":33178,"href":"https:\/\/diariodocomercio.com.br\/mix\/wp-json\/wp\/v2\/posts\/33121\/revisions\/33178"}],"wp:featuredmedia":[{"embeddable":true,"href":"https:\/\/diariodocomercio.com.br\/mix\/wp-json\/wp\/v2\/media\/9091"}],"wp:attachment":[{"href":"https:\/\/diariodocomercio.com.br\/mix\/wp-json\/wp\/v2\/media?parent=33121"}],"wp:term":[{"taxonomy":"category","embeddable":true,"href":"https:\/\/diariodocomercio.com.br\/mix\/wp-json\/wp\/v2\/categories?post=33121"},{"taxonomy":"post_tag","embeddable":true,"href":"https:\/\/diariodocomercio.com.br\/mix\/wp-json\/wp\/v2\/tags?post=33121"}],"curies":[{"name":"wp","href":"https:\/\/api.w.org\/{rel}","templated":true}]}}