{"id":33131,"date":"2026-01-23T15:05:35","date_gmt":"2026-01-23T18:05:35","guid":{"rendered":"https:\/\/diariodocomercio.com.br\/mix\/?p=33131"},"modified":"2026-01-23T17:29:30","modified_gmt":"2026-01-23T20:29:30","slug":"fungo-raro-esta-transformando-aranhas-em-zumbis-na-amazonia","status":"publish","type":"post","link":"https:\/\/diariodocomercio.com.br\/mix\/fungo-raro-esta-transformando-aranhas-em-zumbis-na-amazonia\/","title":{"rendered":"Fungo raro est\u00e1 transformando aranhas em zumbis na Amaz\u00f4nia"},"content":{"rendered":"\n<p>Imagens de uma tar\u00e2ntula infectada por um fungo parasita chamaram a aten\u00e7\u00e3o nas redes sociais nesta semana ao mostrar o corpo do animal tomado por estruturas f\u00fangicas que emergem ap\u00f3s a morte. O registro foi feito na Amaz\u00f4nia e revela um fen\u00f4meno raro e impressionante da natureza: um fungo capaz de consumir completamente o hospedeiro e usar seu corpo para se reproduzir.<\/p>\n\n\n\n<p>As imagens foram divulgadas pelo pesquisador Elisandro Ricardo Drechsler-Santos, da Universidade Federal de Santa Catarina (UFSC), e j\u00e1 ultrapassaram 2,1 milh\u00f5es de visualiza\u00e7\u00f5es no Instagram. No v\u00eddeo, \u00e9 poss\u00edvel ver que a aranha, originalmente de colora\u00e7\u00e3o marrom-dourada, est\u00e1 coberta por uma estrutura r\u00edgida avermelhada, com ramifica\u00e7\u00f5es de pontas alaranjadas respons\u00e1veis pela libera\u00e7\u00e3o de esporos.<\/p>\n\n\n\n<p>Segundo o pesquisador, o organismo rompe o exoesqueleto da tar\u00e2ntula ap\u00f3s consumir todos os seus tecidos internos. Essa \u00e9 a fase final do ciclo de vida do parasita, quando ele emerge do corpo do hospedeiro para se reproduzir por meio da esporula\u00e7\u00e3o e infectar outras aranhas da mesma esp\u00e9cie no ambiente.<\/p>\n\n\n<div class=\"wp-block-image\">\n<figure class=\"aligncenter size-full\"><img decoding=\"async\" width=\"720\" height=\"440\" src=\"https:\/\/diariodocomercio.com.br\/mix\/wp-content\/uploads\/2026\/01\/image-256.png\" alt=\"fungo aranha\" class=\"wp-image-33133\" srcset=\"https:\/\/diariodocomercio.com.br\/mix\/wp-content\/uploads\/2026\/01\/image-256.png 720w, https:\/\/diariodocomercio.com.br\/mix\/wp-content\/uploads\/2026\/01\/image-256-300x183.png 300w, https:\/\/diariodocomercio.com.br\/mix\/wp-content\/uploads\/2026\/01\/image-256-150x92.png 150w\" sizes=\"(max-width: 720px) 100vw, 720px\" \/><figcaption class=\"wp-element-caption\">(Reprodu\u00e7\u00e3o\/Shutterstock)<\/figcaption><\/figure>\n<\/div>\n\n\n<h3 class=\"wp-block-heading\"><strong>Compara\u00e7\u00e3o com \u201cThe Last of Us\u201d<\/strong><\/h3>\n\n\n\n<p>O impacto visual do caso levou a compara\u00e7\u00f5es com o fungo fict\u00edcio retratado no jogo e na s\u00e9rie&nbsp;<em>The Last of Us<\/em>. Em um v\u00eddeo que acompanha as imagens, o bi\u00f3logo Henrique Charles explica que a produ\u00e7\u00e3o se inspirou em fungos reais do g\u00eanero&nbsp;<em>Cordyceps<\/em>, conhecidos por infectar insetos e outros artr\u00f3podes, alterando seu comportamento de forma extrema.<\/p>\n\n\n\n<p>Na fic\u00e7\u00e3o, o fungo teria evolu\u00eddo para infectar humanos, transformando-os em \u201czumbis\u201d. Na vida real, no entanto, esse cen\u00e1rio n\u00e3o existe.<\/p>\n\n\n\n<h3 class=\"wp-block-heading\"><strong>Descoberta feita durante curso internacional<\/strong><\/h3>\n\n\n\n<p>O fungo e sua aranha hospedeira foram identificados por Lara Fritzsche, estudante de Ci\u00eancias Ambientais da Universidade de Copenhague, durante atividades de campo do curso intensivo&nbsp;<em>Tropical Mycology Field Course<\/em>. A coleta ocorreu na Reserva Ducke, pr\u00f3xima a Manaus, e reuniu especialistas do Brasil e da Dinamarca.<\/p>\n\n\n\n<p>O curso foi organizado pelo bi\u00f3logo Jo\u00e3o Paulo Machado de Ara\u00fajo, professor da Universidade de Copenhague, e teve como objetivo documentar a diversidade de fungos tropicais, um grupo ainda pouco conhecido pela ci\u00eancia.<\/p>\n\n\n\n<figure class=\"wp-block-image size-large\"><img decoding=\"async\" width=\"1200\" height=\"675\" src=\"https:\/\/diariodocomercio.com.br\/mix\/wp-content\/uploads\/2026\/01\/image-255-1200x675.png\" alt=\"\" class=\"wp-image-33132\" srcset=\"https:\/\/diariodocomercio.com.br\/mix\/wp-content\/uploads\/2026\/01\/image-255-1200x675.png 1200w, https:\/\/diariodocomercio.com.br\/mix\/wp-content\/uploads\/2026\/01\/image-255-300x169.png 300w, https:\/\/diariodocomercio.com.br\/mix\/wp-content\/uploads\/2026\/01\/image-255-768x432.png 768w, https:\/\/diariodocomercio.com.br\/mix\/wp-content\/uploads\/2026\/01\/image-255-150x84.png 150w, https:\/\/diariodocomercio.com.br\/mix\/wp-content\/uploads\/2026\/01\/image-255-750x422.png 750w, https:\/\/diariodocomercio.com.br\/mix\/wp-content\/uploads\/2026\/01\/image-255-1140x641.png 1140w, https:\/\/diariodocomercio.com.br\/mix\/wp-content\/uploads\/2026\/01\/image-255.png 1440w\" sizes=\"(max-width: 1200px) 100vw, 1200px\" \/><figcaption class=\"wp-element-caption\">(Reprodu\u00e7\u00e3o\/Linkedin\/Jo\u00e3o Paulo Machado)<\/figcaption><\/figure>\n\n\n\n<p>De acordo com estudos cient\u00edficos, fungos do g\u00eanero&nbsp;<em>Cordyceps<\/em>&nbsp;infectam seus hospedeiros por meio de esporos microsc\u00f3picos que aderem ao exoesqueleto. Ap\u00f3s germinar, o fungo penetra o corpo com a\u00e7\u00e3o mec\u00e2nica e enzim\u00e1tica, passando a se desenvolver internamente.<\/p>\n\n\n\n<p>Pesquisas indicam que o parasita envolve o c\u00e9rebro e os g\u00e2nglios nervosos do animal e libera subst\u00e2ncias qu\u00edmicas que interferem na comunica\u00e7\u00e3o entre neur\u00f4nios e m\u00fasculos. Esse processo induz comportamentos anormais que favorecem a reprodu\u00e7\u00e3o do fungo.<\/p>\n","protected":false},"excerpt":{"rendered":"<p>Imagens de uma tar\u00e2ntula infectada por um fungo parasita chamaram a aten\u00e7\u00e3o nas redes sociais nesta semana ao mostrar o corpo do animal tomado por estruturas f\u00fangicas que emergem ap\u00f3s a morte. O registro foi feito na Amaz\u00f4nia e revela um fen\u00f4meno raro e impressionante da natureza: um fungo capaz de consumir completamente o hospedeiro [&hellip;]<\/p>\n","protected":false},"author":9,"featured_media":33134,"comment_status":"closed","ping_status":"closed","sticky":false,"template":"","format":"standard","meta":{"jnews-multi-image_gallery":[],"jnews_single_post":{"format":"standard"},"jnews_primary_category":[],"jnews_social_meta":[],"jnews_override_counter":[],"jnews_post_split":[],"footnotes":""},"categories":[1],"tags":[],"class_list":["post-33131","post","type-post","status-publish","format-standard","has-post-thumbnail","hentry","category-geral"],"_referencia":"","_links":{"self":[{"href":"https:\/\/diariodocomercio.com.br\/mix\/wp-json\/wp\/v2\/posts\/33131","targetHints":{"allow":["GET"]}}],"collection":[{"href":"https:\/\/diariodocomercio.com.br\/mix\/wp-json\/wp\/v2\/posts"}],"about":[{"href":"https:\/\/diariodocomercio.com.br\/mix\/wp-json\/wp\/v2\/types\/post"}],"author":[{"embeddable":true,"href":"https:\/\/diariodocomercio.com.br\/mix\/wp-json\/wp\/v2\/users\/9"}],"replies":[{"embeddable":true,"href":"https:\/\/diariodocomercio.com.br\/mix\/wp-json\/wp\/v2\/comments?post=33131"}],"version-history":[{"count":2,"href":"https:\/\/diariodocomercio.com.br\/mix\/wp-json\/wp\/v2\/posts\/33131\/revisions"}],"predecessor-version":[{"id":33181,"href":"https:\/\/diariodocomercio.com.br\/mix\/wp-json\/wp\/v2\/posts\/33131\/revisions\/33181"}],"wp:featuredmedia":[{"embeddable":true,"href":"https:\/\/diariodocomercio.com.br\/mix\/wp-json\/wp\/v2\/media\/33134"}],"wp:attachment":[{"href":"https:\/\/diariodocomercio.com.br\/mix\/wp-json\/wp\/v2\/media?parent=33131"}],"wp:term":[{"taxonomy":"category","embeddable":true,"href":"https:\/\/diariodocomercio.com.br\/mix\/wp-json\/wp\/v2\/categories?post=33131"},{"taxonomy":"post_tag","embeddable":true,"href":"https:\/\/diariodocomercio.com.br\/mix\/wp-json\/wp\/v2\/tags?post=33131"}],"curies":[{"name":"wp","href":"https:\/\/api.w.org\/{rel}","templated":true}]}}