{"id":33139,"date":"2026-01-23T15:43:32","date_gmt":"2026-01-23T18:43:32","guid":{"rendered":"https:\/\/diariodocomercio.com.br\/mix\/?p=33139"},"modified":"2026-01-23T17:26:09","modified_gmt":"2026-01-23T20:26:09","slug":"politicos-aprovam-lei-que-permite-a-compra-de-armas-de-fogo-por-jovens","status":"publish","type":"post","link":"https:\/\/diariodocomercio.com.br\/mix\/politicos-aprovam-lei-que-permite-a-compra-de-armas-de-fogo-por-jovens\/","title":{"rendered":"Pol\u00edticos aprovam lei que permite a compra de armas de fogo por jovens"},"content":{"rendered":"\n<p>Desde 2024, vem tramitando na C\u00e2mara dos Deputados um projeto de lei que prop\u00f5e diminuir a idade m\u00ednima para comprar armas de fogo. Atualmente, essa idade \u00e9 de 25 anos, mas, caso o projeto seja aprovado, ela diminuiria para apenas 18 anos. O Projeto de Lei 4750\/24, de deputado Da Vitoria (PP-ES), alteraria o Estatuto do Desarmamento, em vigor desde 2024.<\/p>\n\n\n\n<p>Atualmente, o estatuto pro\u00edbe que menores de 25 anos adquiram armas de fogo, com exce\u00e7\u00e3o de moradores de \u00e1reas rurais que comprovem dependem dessas armas para &#8220;prover a subsist\u00eancia alimentar&#8221;, como explica a Ag\u00eancia C\u00e2mara de Not\u00edcias. <\/p>\n\n\n\n<p>O projeto original do deputado Da Vitoria propunha diminuir a idade m\u00ednima para 21 anos em casos gerais e 20 em \u00e1reas rurais. <em>\u201cSe um jovem \u00e9 considerado maduro o suficiente para votar, dirigir ou assumir responsabilidades civis, \u00e9 justo que tamb\u00e9m tenha o direito de proteger sua vida e a de sua fam\u00edlia\u201d<\/em>, argumentou o pol\u00edtico na \u00e9poca.<\/p>\n\n\n\n<h2 class=\"wp-block-heading\">Lei que diminui idade permitida para comprar armas de fogo j\u00e1 est\u00e1 valendo?<\/h2>\n\n\n\n<p>N\u00e3o, o projeto de lei ainda est\u00e1 tramitando na C\u00e2mara dos Deputados. Caso seja aprovado na C\u00e2mara, ele ainda vai ter que passar pelo Senado e ent\u00e3o ser sancionado pelo presidente. A atualiza\u00e7\u00e3o mais recente envolvendo o projeto \u00e9 que ele foi aprovado pela Comiss\u00e3o de Seguran\u00e7a P\u00fablica da C\u00e2mara dos Deputados em junho do ano passado. <\/p>\n\n\n\n<p>O texto aprovado foi o substitutivo do relator, o deputado Delegado Paulo Bilynskyj (PL-SP). Ao argumentar a favor do projeto, o deputado afirmou que a ideia n\u00e3o \u00e9 comprometer a pol\u00edtica p\u00fablica de controle de armas, mas conferir &#8220;racionalidade e proporcionalidade&#8221; ao sistema legal. <em>\u201cAo permitir o acesso legal mais racional e controlado \u00e0 aquisi\u00e7\u00e3o de arma de fogo, o Estado desestimula a aquisi\u00e7\u00e3o clandestina, reduzindo a demanda por armamentos no mercado ilegal\u201d<\/em>, apontou Bilynskyj.<\/p>\n\n\n\n<style>@media (min-width: 992px) {\n    .recomendadorV2Area1 {\n        width: 280px;\n    }\n    .recomendadorV2Area2 {\n        padding: 0px 20px;\n        width: calc(100% - 280px);\n    }\n}\n\n@media (max-width: 992px) {\n    .recomendadorV2Button {\n        margin: 0 auto;\n    }\n    .recomendadorV2Area {\n        flex-direction: column;\n        text-align: center;\n    }\n    .recomendadorV2Area2 {\n        padding: 0px 20px;\n    }\n}\n\n.recomendadorV2Area {\n    background: #eeeeee3d;\n    border-radius: 10px;\n    padding: 15px;\n    display: flex;\n    margin: 15px auto;\n    border: 1px solid #00000014;\n    max-width: 800px;\n}\n\n.recomendadorV2Area1 img {\n    width: 280px;\n    height: auto;\n    border-radius: 8px;\n}\n\n.linkrecomendadorv2 {\n    text-decoration: none !important;\n}\n\n.recomendadorV2Area2 .recomendadorV2Type {\n    text-transform: uppercase;\n    font-weight: 500;\n    font-size: 11px;\n    letter-spacing: 2px;\n    color: #666;\n    margin: 12px 0;\n    display: block;\n}\n\n.recomendadorV2Title h2 {\n    padding-top: 0px !important;\n    margin: 0px !important;\n    border-left: none !important;\n    padding-left: 0px !important;\n    line-height: 1.3;\n    color: #000 !important;\n    font-size: 24px;\n    margin-bottom: 12px !important;\n}\n\n.recomendadorV2Desc {\n    color: #333;\n    margin: 12px 0px !important;\n    font-size: 15px;\n    line-height: 1.5;\n}\n\n.recomendadorV2Button {\n    width: auto;\n    max-width: 200px;\n    margin: 0;\n    display: inline-flex;\n    align-items: center;\n    background: #1D3557;\n    border-radius: 8px;\n    color: #fff;\n    height: 36px;\n    justify-content: center;\n    text-align: center;\n    font-size: 14px;\n    padding: 0 20px;\n    transition: background-color 0.2s ease;\n}\n\n.recomendadorV2Button:hover {\n    background: #2a4d7a;\n}\n\n.recomendadorV2Button:after {\n    margin-top: -2px;\n    content: \"\u2192\";\n    padding: 0px 0px 0px 8px;\n}\n\n.recomendadorV2Alert {\n    text-align: left;\n    font-size: 11px;\n    margin-top: 8px;\n    color: #666;\n}\n\n.recomendadorFixedArea {\n    width: 100%;\n    display: flex;\n    justify-content: center;\n    align-items: center;\n}\n\n@media (min-width: 992px) {\n    #recomendadorFixed {\n        width: 32% !important;\n        left: 5%;\n    }\n    .recomendadorCloseFixed{\n        right: inherit !important;\n        left: 378px !important;\n    }\n}\n\n#recomendadorFixed {\n    width: 90%;\n    box-shadow: 0 10px 20px 0px #00000057;\n    display: none;\n    height: 90px;\n    background: #F6F6F6;\n    position: fixed;\n    flex-direction: row;\n    bottom: 10px;\n    z-index: 9999;\n    border-radius: 16px;\n    padding: 7px 10px;\n}\n\n.recomendadorLeftArea {\n    width: 160px;\n}\n\n.recomendadorRightArea h2 {\n    padding-top: 0px;\n    margin: 2px 0px 4px 0px !important;\n    font-weight: 400;\n    text-align: center;\n    padding-left: 0px !important;\n    color: #000 !important;\n    border-left: none !important;\n    line-height: 20px;\n    font-size: 12px !important;\n}\n\n.recomendadorImgFixed {\n    overflow: hidden;\n    padding: 8px 6px;\n    height: 100%;\n}\n\n.recomendadorImgFixed img {\n    height: 100% !important;\n    border-radius: 16px;\n}\n\n.recomendadorRightArea {\n    padding-top: 6px;\n    display: flex;\n    width: calc(100% - 130px);\n    justify-content: space-between;\n    align-items: center;\n    flex-direction: column;\n}\n\n.recomendadorButtonFixed {\n    margin: 0 auto;\n    background: #1D3557;\n    width: 80%;\n    text-align: center;\n    font-size: 10px;\n    color: #FFF;\n    padding: 2px 10px;\n    border-radius: 3px;\n}\n\n.recomendadorButtonFixed:after {\n    margin-top: -3px;\n    content: \"\u2192\";\n    padding: 0px 0px 0px 10px;\n}\n\n.recomendadorAlertFixed {\n    font-weight: 400;\n    text-align: center;\n    color: #484848;\n    font-size: 8px;\n}\n\n.recomendadorCloseFixed {\n    z-index: 99999;\n    display: none;\n    right: 0px;\n    left: inherit;\n    bottom: 99px;\n    position: fixed;\n    justify-content: center;\n    background: #F6F6F6;\n    width: 25px;\n    align-items: center;\n    height: 25px;\n    font-weight: 800;\n    border-radius: 50%;\n    border: 1px solid #EBEBEB;\n}\n\n.recomendadorV2Desc{\n    color: #000000;\n    margin: 20px 0px;\n}\n\n@media (max-width: 576px) {\n    .recomendadorV2Area {\n      padding: 10px;\n      max-width: 100%;\n    }\n  \n    .recomendadorV2Area1 img {\n      width: 100%;\n      border-radius: 6px;\n    }\n  \n    .recomendadorV2Area2 .recomendadorV2Type {\n      font-size: 9px;\n      letter-spacing: 1px;\n      margin: 8px 0;\n    }\n  \n    .recomendadorV2Title h2 {\n      font-size: 18px !important;\n      margin-bottom: 8px !important;\n      line-height: 1.2;\n    }\n  \n    .recomendadorV2Desc {\n      font-size: 14px;\n      margin: 8px 0 !important;\n      line-height: 1.4;\n    }\n  \n    .recomendadorV2Button {\n      font-size: 14px;\n      height: 40px;\n      padding: 0 12px;\n      max-width: 100%;\n      width: 100%;\n    }\n  \n    .recomendadorV2Button:after {\n      padding-left: 6px;\n    }\n  }\n  <\/style>\n        <div class=\"lazyblock-recomendador-v2-2jDGz wp-block-lazyblock-recomendador-v2\">\n        <a class=\"linkrecomendadorv2\" href=\"https:\/\/diariodocomercio.com.br\/mix\/adeus-sal-na-comida-japao-cria-colher-que-deixa-qualquer-alimento-salgado\/\">\n            <div class=\"recomendadorV2Area\">\n            <div class=\"recomendadorV2Area1\">\n                <div class=\"recomendadorV2Img\">\n                <img class=\"lazyloaded\" decoding=\"async\" src=\"https:\/\/diariodocomercio.com.br\/mix\/wp-content\/uploads\/2026\/01\/sal.jpg\" data-src=\"https:\/\/diariodocomercio.com.br\/mix\/wp-content\/uploads\/2026\/01\/sal.jpg\" alt=\"\">\n                <\/div>\n            <\/div>\n            <div class=\"recomendadorV2Area2\">\n                <div class=\"recomendadorV2Type\">\n                    <span>CURIOSIDADES<\/span>\n                <\/div>\n                <div class=\"recomendadorV2Title\">\n                <h2><span>Adeus, sal na comida: Jap\u00e3o cria colher que deixa qualquer alimento salgado<\/span><\/h2>\n                <\/div>\n                <div class=\"recomendadorV2Desc\">\n                <span>Se voc\u00ea est\u00e1 comendo alguma coisa e sente que ela est\u00e1 sem muito gosto, a rea\u00e7\u00e3o mais \u00f3bvia \u00e9 pegar \u2026<\/span>\n                <\/div>\n                <div class=\"recomendadorV2Button\">Leia mais<\/div>\n                <div class=\"recomendadorV2Alert\"><\/div>\n            <\/div>\n            <\/div>\n        <\/a>\n        <div>\n            <div style=\"z-index:99999;\" id=\"buttonClose\" onclick=\"closeRecomendadorFixed()\">\n            <div class=\"recomendadorCloseFixed\">X<\/div>\n            <\/div>\n            <a href=\"https:\/\/diariodocomercio.com.br\/mix\/adeus-sal-na-comida-japao-cria-colher-que-deixa-qualquer-alimento-salgado\/\">\n            <div class=\"recomendadorFixedArea\">\n                <div id=\"recomendadorFixed\">\n                <div class=\"recomendadorLeftArea\">\n                    <div class=\"recomendadorImgFixed\">\n                    <img class=\"lazyload\" decoding=\"async\" src=\"https:\/\/diariodocomercio.com.br\/mix\/wp-content\/uploads\/2026\/01\/sal.jpg\" alt=\"\">\n                    <\/div>\n                <\/div>\n                <div class=\"recomendadorRightArea\">\n                    <div class=\"recomendadorTitleFixed\">\n                    <h2><span>Adeus, sal na comida: Jap\u00e3o cria colher que deixa qualquer alimento salgado<\/span><\/h2>\n                    <\/div>\n                    <div class=\"recomendadorButtonFixed\">Leia mais<\/div>\n                    <div class=\"recomendadorAlertFixed\"><\/div>\n                <\/div>\n                <\/div>\n            <\/div>\n            <\/a>\n        <\/div>\n        <\/div>\n","protected":false},"excerpt":{"rendered":"<p>Desde 2024, vem tramitando na C\u00e2mara dos Deputados um projeto de lei que prop\u00f5e diminuir a idade m\u00ednima para comprar armas de fogo. Atualmente, essa idade \u00e9 de 25 anos, mas, caso o projeto seja aprovado, ela diminuiria para apenas 18 anos. O Projeto de Lei 4750\/24, de deputado Da Vitoria (PP-ES), alteraria o Estatuto [&hellip;]<\/p>\n","protected":false},"author":6,"featured_media":33140,"comment_status":"closed","ping_status":"closed","sticky":false,"template":"","format":"standard","meta":{"jnews-multi-image_gallery":[],"jnews_single_post":{"format":"standard"},"jnews_primary_category":[],"jnews_social_meta":[],"jnews_override_counter":[],"jnews_post_split":[],"footnotes":""},"categories":[1],"tags":[],"class_list":["post-33139","post","type-post","status-publish","format-standard","has-post-thumbnail","hentry","category-geral"],"_referencia":"","_links":{"self":[{"href":"https:\/\/diariodocomercio.com.br\/mix\/wp-json\/wp\/v2\/posts\/33139","targetHints":{"allow":["GET"]}}],"collection":[{"href":"https:\/\/diariodocomercio.com.br\/mix\/wp-json\/wp\/v2\/posts"}],"about":[{"href":"https:\/\/diariodocomercio.com.br\/mix\/wp-json\/wp\/v2\/types\/post"}],"author":[{"embeddable":true,"href":"https:\/\/diariodocomercio.com.br\/mix\/wp-json\/wp\/v2\/users\/6"}],"replies":[{"embeddable":true,"href":"https:\/\/diariodocomercio.com.br\/mix\/wp-json\/wp\/v2\/comments?post=33139"}],"version-history":[{"count":1,"href":"https:\/\/diariodocomercio.com.br\/mix\/wp-json\/wp\/v2\/posts\/33139\/revisions"}],"predecessor-version":[{"id":33155,"href":"https:\/\/diariodocomercio.com.br\/mix\/wp-json\/wp\/v2\/posts\/33139\/revisions\/33155"}],"wp:featuredmedia":[{"embeddable":true,"href":"https:\/\/diariodocomercio.com.br\/mix\/wp-json\/wp\/v2\/media\/33140"}],"wp:attachment":[{"href":"https:\/\/diariodocomercio.com.br\/mix\/wp-json\/wp\/v2\/media?parent=33139"}],"wp:term":[{"taxonomy":"category","embeddable":true,"href":"https:\/\/diariodocomercio.com.br\/mix\/wp-json\/wp\/v2\/categories?post=33139"},{"taxonomy":"post_tag","embeddable":true,"href":"https:\/\/diariodocomercio.com.br\/mix\/wp-json\/wp\/v2\/tags?post=33139"}],"curies":[{"name":"wp","href":"https:\/\/api.w.org\/{rel}","templated":true}]}}