{"id":33147,"date":"2026-01-23T15:38:14","date_gmt":"2026-01-23T18:38:14","guid":{"rendered":"https:\/\/diariodocomercio.com.br\/mix\/?p=33147"},"modified":"2026-01-23T15:38:16","modified_gmt":"2026-01-23T18:38:16","slug":"luciano-huck-bate-o-martelo-sobre-concorrer-a-presidencia-do-brasil-em-2026","status":"publish","type":"post","link":"https:\/\/diariodocomercio.com.br\/mix\/luciano-huck-bate-o-martelo-sobre-concorrer-a-presidencia-do-brasil-em-2026\/","title":{"rendered":"Luciano Huck bate o martelo sobre concorrer \u00e0 presid\u00eancia do Brasil em 2026"},"content":{"rendered":"\n<p>O apresentador Luciano Huck decidiu, ao menos por enquanto, n\u00e3o oficializar uma candidatura \u00e0 Presid\u00eancia da Rep\u00fablica em 2026, mas confirmou disposi\u00e7\u00e3o para dialogar com lideran\u00e7as partid\u00e1rias sobre o cen\u00e1rio pol\u00edtico. Com o nome novamente citado nos bastidores como poss\u00edvel alternativa de centro, Huck passa a ser tratado como uma op\u00e7\u00e3o em avalia\u00e7\u00e3o, e n\u00e3o como um candidato declarado.<\/p>\n\n\n\n<p>A discuss\u00e3o sobre uma poss\u00edvel candidatura de Luciano Huck ganhou for\u00e7a ainda em novembro de 2025, quando ele e Ang\u00e9lica estamparam a capa da 70\u00aa edi\u00e7\u00e3o da&nbsp;<em>Revista Cidade Jardim<\/em>. Na ocasi\u00e3o, o apresentador falou abertamente sobre o tema ao responder perguntas de amigos pr\u00f3ximos.<\/p>\n\n\n\n<p>Questionado por Bruno Rocha, o Hugo Gloss, Huck afirmou que pensar no Brasil al\u00e9m da pr\u00f3pria fam\u00edlia foi uma consequ\u00eancia natural de quase tr\u00eas d\u00e9cadas viajando pelo pa\u00eds. \u201cDepois de ver de perto nossos problemas e ouvir as dificuldades das pessoas, seria muito ego\u00edsmo pensar s\u00f3 no bem-estar da minha fam\u00edlia\u201d, declarou.<\/p>\n\n\n\n<p>Em resposta a uma pergunta da atriz Ta\u00eds Ara\u00fajo, refor\u00e7ou que n\u00e3o enxerga a Presid\u00eancia como um projeto pessoal. \u201cA presid\u00eancia n\u00e3o \u00e9 sonho, \u00e9 constru\u00e7\u00e3o. O desejo de mudan\u00e7a n\u00e3o \u00e9 s\u00f3 meu, \u00e9 de todo um pa\u00eds\u201d, afirmou, destacando a necessidade de reduzir desigualdades e ampliar oportunidades.<\/p>\n\n\n\n<figure class=\"wp-block-image size-full\"><img decoding=\"async\" width=\"990\" height=\"619\" src=\"https:\/\/diariodocomercio.com.br\/mix\/wp-content\/uploads\/2026\/01\/image-260.png\" alt=\"\" class=\"wp-image-33149\" srcset=\"https:\/\/diariodocomercio.com.br\/mix\/wp-content\/uploads\/2026\/01\/image-260.png 990w, https:\/\/diariodocomercio.com.br\/mix\/wp-content\/uploads\/2026\/01\/image-260-300x188.png 300w, https:\/\/diariodocomercio.com.br\/mix\/wp-content\/uploads\/2026\/01\/image-260-768x480.png 768w, https:\/\/diariodocomercio.com.br\/mix\/wp-content\/uploads\/2026\/01\/image-260-150x94.png 150w, https:\/\/diariodocomercio.com.br\/mix\/wp-content\/uploads\/2026\/01\/image-260-750x469.png 750w\" sizes=\"(max-width: 990px) 100vw, 990px\" \/><figcaption class=\"wp-element-caption\">(Reprodu\u00e7\u00e3o\/AGNews\/Daniel Delmiro)<\/figcaption><\/figure>\n\n\n\n<h3 class=\"wp-block-heading\"><strong>Bastidores da articula\u00e7\u00e3o pol\u00edtica<\/strong><\/h3>\n\n\n\n<p>Mais recentemente, o nome de Huck voltou a circular entre l\u00edderes partid\u00e1rios como uma poss\u00edvel alternativa de centro para a elei\u00e7\u00e3o de 2026. A movimenta\u00e7\u00e3o ocorre em meio ao temor de uma repeti\u00e7\u00e3o da polariza\u00e7\u00e3o entre o presidente Luiz In\u00e1cio Lula da Silva (PT) e o bolsonarismo, agora representado pelo senador Fl\u00e1vio Bolsonaro (PL).<\/p>\n\n\n\n<p>Partidos como Uni\u00e3o Brasil, PP, Republicanos e PSD discutem nomes capazes de disputar espa\u00e7o eleitoral fora desse eixo. Entre os cotados est\u00e3o governadores como Tarc\u00edsio de Freitas (Republicanos-SP) e Ratinho Jr. (PSD-PR), al\u00e9m da senadora Tereza Cristina (PP-MS). Luciano Huck aparece nesse grupo como uma alternativa externa \u00e0 pol\u00edtica tradicional.<\/p>\n\n\n\n<h3 class=\"wp-block-heading\"><strong>Disposi\u00e7\u00e3o para conversar, sem decis\u00e3o fechada<\/strong><\/h3>\n\n\n\n<p>O presidente do Solidariedade, Paulinho da For\u00e7a, confirmou ter conversado com Huck por telefone e disse ter percebido abertura para o di\u00e1logo. Segundo ele, o apresentador est\u00e1 de f\u00e9rias e sinalizou que aceita discutir o assunto quando retornar. \u201cEle est\u00e1 disposto a conversar pelo menos. \u00c9 uma possibilidade\u201d, afirmou em entrevista.<\/p>\n\n\n\n<p>Paulinho tamb\u00e9m relatou conversas com outros dirigentes, como o presidente do PP, Ciro Nogueira, que teria se mostrado disposto a incluir o nome de Huck em pesquisas internas para medir seu potencial eleitoral.<\/p>\n\n\n\n<p>Na mesma entrevista concedida \u00e0&nbsp;<em>Cidade Jardim<\/em>, Ang\u00e9lica tamb\u00e9m refletiu sobre o papel de uma eventual primeira-dama. Para ela, o cargo deveria atuar como ponte entre governo e sociedade, com foco em temas como educa\u00e7\u00e3o, sa\u00fade mental, fam\u00edlia e igualdade. \u201cAcho que a primeira-dama poderia trazer uma pol\u00edtica mais afetuosa\u201d, afirmou.<\/p>\n","protected":false},"excerpt":{"rendered":"<p>O apresentador Luciano Huck decidiu, ao menos por enquanto, n\u00e3o oficializar uma candidatura \u00e0 Presid\u00eancia da Rep\u00fablica em 2026, mas confirmou disposi\u00e7\u00e3o para dialogar com lideran\u00e7as partid\u00e1rias sobre o cen\u00e1rio pol\u00edtico. Com o nome novamente citado nos bastidores como poss\u00edvel alternativa de centro, Huck passa a ser tratado como uma op\u00e7\u00e3o em avalia\u00e7\u00e3o, e n\u00e3o [&hellip;]<\/p>\n","protected":false},"author":9,"featured_media":33152,"comment_status":"closed","ping_status":"closed","sticky":false,"template":"","format":"standard","meta":{"jnews-multi-image_gallery":[],"jnews_single_post":{"format":"standard"},"jnews_primary_category":[],"jnews_social_meta":[],"jnews_override_counter":[],"jnews_post_split":[],"footnotes":""},"categories":[1],"tags":[],"class_list":["post-33147","post","type-post","status-publish","format-standard","has-post-thumbnail","hentry","category-geral"],"_referencia":"","_links":{"self":[{"href":"https:\/\/diariodocomercio.com.br\/mix\/wp-json\/wp\/v2\/posts\/33147","targetHints":{"allow":["GET"]}}],"collection":[{"href":"https:\/\/diariodocomercio.com.br\/mix\/wp-json\/wp\/v2\/posts"}],"about":[{"href":"https:\/\/diariodocomercio.com.br\/mix\/wp-json\/wp\/v2\/types\/post"}],"author":[{"embeddable":true,"href":"https:\/\/diariodocomercio.com.br\/mix\/wp-json\/wp\/v2\/users\/9"}],"replies":[{"embeddable":true,"href":"https:\/\/diariodocomercio.com.br\/mix\/wp-json\/wp\/v2\/comments?post=33147"}],"version-history":[{"count":1,"href":"https:\/\/diariodocomercio.com.br\/mix\/wp-json\/wp\/v2\/posts\/33147\/revisions"}],"predecessor-version":[{"id":33153,"href":"https:\/\/diariodocomercio.com.br\/mix\/wp-json\/wp\/v2\/posts\/33147\/revisions\/33153"}],"wp:featuredmedia":[{"embeddable":true,"href":"https:\/\/diariodocomercio.com.br\/mix\/wp-json\/wp\/v2\/media\/33152"}],"wp:attachment":[{"href":"https:\/\/diariodocomercio.com.br\/mix\/wp-json\/wp\/v2\/media?parent=33147"}],"wp:term":[{"taxonomy":"category","embeddable":true,"href":"https:\/\/diariodocomercio.com.br\/mix\/wp-json\/wp\/v2\/categories?post=33147"},{"taxonomy":"post_tag","embeddable":true,"href":"https:\/\/diariodocomercio.com.br\/mix\/wp-json\/wp\/v2\/tags?post=33147"}],"curies":[{"name":"wp","href":"https:\/\/api.w.org\/{rel}","templated":true}]}}