{"id":33151,"date":"2026-01-24T11:47:00","date_gmt":"2026-01-24T14:47:00","guid":{"rendered":"https:\/\/diariodocomercio.com.br\/mix\/?p=33151"},"modified":"2026-01-23T16:05:48","modified_gmt":"2026-01-23T19:05:48","slug":"animal-simbolo-do-nordeste-vira-alvo-da-china-e-corre-risco-de-desaparecer","status":"publish","type":"post","link":"https:\/\/diariodocomercio.com.br\/mix\/animal-simbolo-do-nordeste-vira-alvo-da-china-e-corre-risco-de-desaparecer\/","title":{"rendered":"Animal s\u00edmbolo do Nordeste vira alvo da China e corre risco de desaparecer"},"content":{"rendered":"\n<p>O <strong>jumento <\/strong>brasileiro, um \u00edcone do <strong>Nordeste<\/strong>, enfrenta uma amea\u00e7a cr\u00edtica de extin\u00e7\u00e3o devido ao abate intensivo para exporta\u00e7\u00e3o. A popula\u00e7\u00e3o, que em 1999 alcan\u00e7ava 1,37 milh\u00e3o, caiu para cerca de 78 mil em 2025, com base em dados da FAO e do IBGE.<\/p>\n\n\n\n<p>A principal causa \u00e9 a <strong>demanda chinesa por ejiao<\/strong>, uma gelatina derivada da pele dos jumentos. Atualmente, tr\u00eas frigor\u00edficos na Bahia est\u00e3o autorizados pelo Servi\u00e7o de Inspe\u00e7\u00e3o Federal (SIF) a realizar o abate desses animais para esse fim.<\/p>\n\n\n<div class=\"wp-block-image\">\n<figure class=\"aligncenter size-large is-resized\"><img decoding=\"async\" width=\"1200\" height=\"800\" src=\"https:\/\/diariodocomercio.com.br\/mix\/wp-content\/uploads\/2026\/01\/pexels-ravi-franco-lages-1310519-12785139-1200x800.jpg\" alt=\"\" class=\"wp-image-33163\" style=\"aspect-ratio:1.5000127378799073;width:461px;height:auto\" srcset=\"https:\/\/diariodocomercio.com.br\/mix\/wp-content\/uploads\/2026\/01\/pexels-ravi-franco-lages-1310519-12785139-1200x800.jpg 1200w, https:\/\/diariodocomercio.com.br\/mix\/wp-content\/uploads\/2026\/01\/pexels-ravi-franco-lages-1310519-12785139-300x200.jpg 300w, https:\/\/diariodocomercio.com.br\/mix\/wp-content\/uploads\/2026\/01\/pexels-ravi-franco-lages-1310519-12785139-768x512.jpg 768w, https:\/\/diariodocomercio.com.br\/mix\/wp-content\/uploads\/2026\/01\/pexels-ravi-franco-lages-1310519-12785139-150x100.jpg 150w, https:\/\/diariodocomercio.com.br\/mix\/wp-content\/uploads\/2026\/01\/pexels-ravi-franco-lages-1310519-12785139-750x500.jpg 750w, https:\/\/diariodocomercio.com.br\/mix\/wp-content\/uploads\/2026\/01\/pexels-ravi-franco-lages-1310519-12785139-1140x760.jpg 1140w, https:\/\/diariodocomercio.com.br\/mix\/wp-content\/uploads\/2026\/01\/pexels-ravi-franco-lages-1310519-12785139.jpg 1280w\" sizes=\"(max-width: 1200px) 100vw, 1200px\" \/><figcaption class=\"wp-element-caption\">Jumentos (Foto: Ravi Franco Lages\/Pexels)<\/figcaption><\/figure>\n<\/div>\n\n\n<h2 class=\"wp-block-heading\">Impacto cultural&nbsp;<\/h2>\n\n\n\n<p>Os jumentos possuem uma hist\u00f3ria rica e s\u00e3o parte integral da identidade cultural do nordeste brasileiro. Antigamente usados no transporte de mercadorias e \u00e1gua, hoje enfrentam abandono devido \u00e0 mecaniza\u00e7\u00e3o.&nbsp;<\/p>\n\n\n\n<p>Entretanto, al\u00e9m do aspecto cultural, a explora\u00e7\u00e3o desenfreada amea\u00e7a a popula\u00e7\u00e3o global desses animais. Organiza\u00e7\u00f5es internacionais apontam que a situa\u00e7\u00e3o brasileira pode ser um pren\u00fancio de um problema mundial, caso medidas n\u00e3o sejam tomadas.<\/p>\n\n\n\n<h2 class=\"wp-block-heading\">Consequ\u00eancias econ\u00f4micas e sociais<\/h2>\n\n\n\n<p>Em regi\u00f5es secas, os jumentos s\u00e3o vitais para o transporte e o trabalho rural. Sua potencial extin\u00e7\u00e3o n\u00e3o s\u00f3 representa uma perda ambiental, mas tamb\u00e9m social, prejudicando as fam\u00edlias que dependem deles.<\/p>\n\n\n\n<p>O abate r\u00e1pido n\u00e3o \u00e9 sustent\u00e1vel, uma vez que os jumentos possuem um longo ciclo reprodutivo, o que dificulta a reposi\u00e7\u00e3o populacional necess\u00e1ria. Essa pr\u00e1tica compromete a cadeia de produ\u00e7\u00e3o local e evidencia a falta de pol\u00edticas p\u00fablicas eficazes para gerenciar a situa\u00e7\u00e3o.<\/p>\n\n\n\n<p>A proibi\u00e7\u00e3o do abate de jumentos \u00e9 assunto de discuss\u00f5es ativas no Brasil. Projetos de lei tramitam no Congresso para limitar ou proibir essa pr\u00e1tica, espelhando medidas j\u00e1 adotadas em pa\u00edses africanos, onde morat\u00f3rias foram estabelecidas.<\/p>\n\n\n\n<p>Al\u00e9m disso, avan\u00e7os tecnol\u00f3gicos, como a fermenta\u00e7\u00e3o de precis\u00e3o para produ\u00e7\u00e3o de col\u00e1geno, oferecem alternativas sustent\u00e1veis \u00e0 explora\u00e7\u00e3o dos jumentos. Essas inova\u00e7\u00f5es s\u00e3o vistas como solu\u00e7\u00f5es poss\u00edveis para substituir o uso animal na ind\u00fastria.<\/p>\n","protected":false},"excerpt":{"rendered":"<p>Animal \u00e9 parte integral da identidade cultural do nordeste brasileiro.<\/p>\n","protected":false},"author":12,"featured_media":33160,"comment_status":"closed","ping_status":"closed","sticky":false,"template":"","format":"standard","meta":{"jnews-multi-image_gallery":[],"jnews_single_post":{"format":"standard"},"jnews_primary_category":[],"jnews_social_meta":[],"jnews_override_counter":[],"jnews_post_split":[],"footnotes":""},"categories":[1],"tags":[],"class_list":["post-33151","post","type-post","status-publish","format-standard","has-post-thumbnail","hentry","category-geral"],"_referencia":"","_links":{"self":[{"href":"https:\/\/diariodocomercio.com.br\/mix\/wp-json\/wp\/v2\/posts\/33151","targetHints":{"allow":["GET"]}}],"collection":[{"href":"https:\/\/diariodocomercio.com.br\/mix\/wp-json\/wp\/v2\/posts"}],"about":[{"href":"https:\/\/diariodocomercio.com.br\/mix\/wp-json\/wp\/v2\/types\/post"}],"author":[{"embeddable":true,"href":"https:\/\/diariodocomercio.com.br\/mix\/wp-json\/wp\/v2\/users\/12"}],"replies":[{"embeddable":true,"href":"https:\/\/diariodocomercio.com.br\/mix\/wp-json\/wp\/v2\/comments?post=33151"}],"version-history":[{"count":1,"href":"https:\/\/diariodocomercio.com.br\/mix\/wp-json\/wp\/v2\/posts\/33151\/revisions"}],"predecessor-version":[{"id":33164,"href":"https:\/\/diariodocomercio.com.br\/mix\/wp-json\/wp\/v2\/posts\/33151\/revisions\/33164"}],"wp:featuredmedia":[{"embeddable":true,"href":"https:\/\/diariodocomercio.com.br\/mix\/wp-json\/wp\/v2\/media\/33160"}],"wp:attachment":[{"href":"https:\/\/diariodocomercio.com.br\/mix\/wp-json\/wp\/v2\/media?parent=33151"}],"wp:term":[{"taxonomy":"category","embeddable":true,"href":"https:\/\/diariodocomercio.com.br\/mix\/wp-json\/wp\/v2\/categories?post=33151"},{"taxonomy":"post_tag","embeddable":true,"href":"https:\/\/diariodocomercio.com.br\/mix\/wp-json\/wp\/v2\/tags?post=33151"}],"curies":[{"name":"wp","href":"https:\/\/api.w.org\/{rel}","templated":true}]}}