{"id":33167,"date":"2026-01-23T16:44:02","date_gmt":"2026-01-23T19:44:02","guid":{"rendered":"https:\/\/diariodocomercio.com.br\/mix\/?p=33167"},"modified":"2026-01-23T16:44:04","modified_gmt":"2026-01-23T19:44:04","slug":"diretor-de-filmes-espanhol-detona-brasileiros-no-oscar-2026","status":"publish","type":"post","link":"https:\/\/diariodocomercio.com.br\/mix\/diretor-de-filmes-espanhol-detona-brasileiros-no-oscar-2026\/","title":{"rendered":"Diretor de filmes espanhol detona brasileiros no Oscar 2026"},"content":{"rendered":"\n<p>O cineasta espanhol <strong>\u00d3liver Laxe,<\/strong> diretor do longa-metragem <strong>Sir\u00e2t,<\/strong> comentou publicamente as indica\u00e7\u00f5es do filme brasileiro <strong>O Agente Secreto<\/strong> ao Oscar 2026. Sir\u00e2t concorre nas categorias de Melhor Filme Internacional e Melhor Som, enquanto O Agente Secreto obteve quatro indica\u00e7\u00f5es na principal premia\u00e7\u00e3o do cinema mundial.<\/p>\n\n\n\n<p>As declara\u00e7\u00f5es de Laxe foram feitas durante uma participa\u00e7\u00e3o no programa de entrevistas La Revuelta, exibido pela emissora p\u00fablica espanhola TVE.&nbsp;<\/p>\n\n\n\n<p>Na ocasi\u00e3o, o diretor abordou a composi\u00e7\u00e3o da Academia de Artes e Ci\u00eancias Cinematogr\u00e1ficas, entidade respons\u00e1vel pelas indica\u00e7\u00f5es e vota\u00e7\u00f5es do Oscar. Segundo Laxe, h\u00e1 uma presen\u00e7a significativa de profissionais brasileiros entre os membros da Academia, o que, em sua avalia\u00e7\u00e3o, influenciaria o apoio a produ\u00e7\u00f5es nacionais. Laxe disse achar que, se os brasileiros \u201cinscrevessem um sapato no Oscar, todos votariam nele\u201d<em>.<\/em><\/p>\n\n\n\n<p>O cineasta afirmou que admira os brasileiros, mas avaliou que eles tendem a votar de forma fortemente <strong>alinhada aos interesses do pr\u00f3prio pa\u00eds,<\/strong> sugerindo que qualquer obra inscrita pelo Brasil teria grande respaldo interno.<\/p>\n\n\n\n<figure class=\"wp-block-embed aligncenter is-type-rich is-provider-twitter wp-block-embed-twitter\"><div class=\"wp-block-embed__wrapper\">\n<blockquote class=\"twitter-tweet\" data-width=\"500\" data-dnt=\"true\"><p lang=\"es\" dir=\"ltr\">&quot;En la Academia hay mogoll\u00f3n de brasile\u00f1os y los queremos un mogoll\u00f3n pero son ultranacionalistas. Yo creo que los brasile\u00f1os presentan un zapato a los Oscar y lo votan todos&quot;.<br><br>No sabe d\u00f3nde se ha metido. DEP Oliver Laxe. <a href=\"https:\/\/t.co\/NslP1u8VKa\" target=\"_blank\">pic.twitter.com\/NslP1u8VKa<\/a><\/p>&mdash; Premios Oscar (@PremiosOscar) <a href=\"https:\/\/twitter.com\/PremiosOscar\/status\/2014460875600511063?ref_src=twsrc%5Etfw\" target=\"_blank\" rel=\"noopener\">January 22, 2026<\/a><\/blockquote><script async src=\"https:\/\/platform.twitter.com\/widgets.js\" charset=\"utf-8\"><\/script>\n<\/div><\/figure>\n\n\n\n<h2 class=\"wp-block-heading\">Brasileiros na Academia de Artes e Ci\u00eancias Cinematogr\u00e1ficas<\/h2>\n\n\n\n<p>A Academia de Artes e Ci\u00eancias Cinematogr\u00e1ficas, conhecida pela sigla AMPAS, re\u00fane aproximadamente<strong> 10 mil integrantes<\/strong> de diferentes \u00e1reas da ind\u00fastria audiovisual.<\/p>\n\n\n\n<p>Entre os <strong>membros brasileiros, <\/strong>que somam apenas <strong>0,6%<\/strong> dos votantes, est\u00e3o nomes de destaque do cinema nacional e internacional, como Fernanda Montenegro, Maeve Jinkings, Carlos Saldanha, Petra Costa, Alice Braga, S\u00f4nia Braga, Rodrigo Santoro, Kleber Mendon\u00e7a Filho, Wagner Moura e Selton Mello.<\/p>\n\n\n\n<h2 class=\"wp-block-heading\">Oscar 2026<\/h2>\n\n\n\n<p>O Oscar 2026 ser\u00e1 realizado no dia <strong>15 de mar\u00e7o<\/strong>, em Los Angeles, nos Estados Unidos. A cerim\u00f4nia marcar\u00e1 a 98\u00aa edi\u00e7\u00e3o do pr\u00eamio e, assim como no ano anterior, ter\u00e1 apresenta\u00e7\u00e3o do comediante norte-americano Conan O\u2019Brien.<\/p>\n\n\n\n<p>O filme O Agente Secreto, dirigido por Kleber Mendon\u00e7a Filho, recebeu quatro indica\u00e7\u00f5es ao Oscar 2026, igualando o recorde de Cidade de Deus, que obteve o mesmo n\u00famero de indica\u00e7\u00f5es em 2004. A produ\u00e7\u00e3o concorre nas categorias de <strong>Melhor Sele\u00e7\u00e3o de Elenco, Melhor Filme Internacional, Melhor Ator, <\/strong>com Wagner Moura, e <strong>Melhor Filme.<\/strong><\/p>\n\n\n\n<p>Al\u00e9m das indica\u00e7\u00f5es relacionadas a O Agente Secreto, o Brasil tamb\u00e9m est\u00e1 representado na categoria de Melhor Fotografia. O diretor de fotografia <strong>Adolpho Veloso<\/strong> figura entre os nomes apontados como favoritos pelo trabalho realizado no longa <strong>Sonhos de Trem,<\/strong> ampliando a presen\u00e7a brasileira na edi\u00e7\u00e3o de 2026 da premia\u00e7\u00e3o.<\/p>\n","protected":false},"excerpt":{"rendered":"<p>Declara\u00e7\u00f5es foram feitas durante uma participa\u00e7\u00e3o em um programa de entrevistas.<\/p>\n","protected":false},"author":12,"featured_media":33168,"comment_status":"closed","ping_status":"closed","sticky":false,"template":"","format":"standard","meta":{"jnews-multi-image_gallery":[],"jnews_single_post":{"format":"standard"},"jnews_primary_category":[],"jnews_social_meta":[],"jnews_override_counter":[],"jnews_post_split":[],"footnotes":""},"categories":[1],"tags":[],"class_list":["post-33167","post","type-post","status-publish","format-standard","has-post-thumbnail","hentry","category-geral"],"_referencia":"","_links":{"self":[{"href":"https:\/\/diariodocomercio.com.br\/mix\/wp-json\/wp\/v2\/posts\/33167","targetHints":{"allow":["GET"]}}],"collection":[{"href":"https:\/\/diariodocomercio.com.br\/mix\/wp-json\/wp\/v2\/posts"}],"about":[{"href":"https:\/\/diariodocomercio.com.br\/mix\/wp-json\/wp\/v2\/types\/post"}],"author":[{"embeddable":true,"href":"https:\/\/diariodocomercio.com.br\/mix\/wp-json\/wp\/v2\/users\/12"}],"replies":[{"embeddable":true,"href":"https:\/\/diariodocomercio.com.br\/mix\/wp-json\/wp\/v2\/comments?post=33167"}],"version-history":[{"count":1,"href":"https:\/\/diariodocomercio.com.br\/mix\/wp-json\/wp\/v2\/posts\/33167\/revisions"}],"predecessor-version":[{"id":33171,"href":"https:\/\/diariodocomercio.com.br\/mix\/wp-json\/wp\/v2\/posts\/33167\/revisions\/33171"}],"wp:featuredmedia":[{"embeddable":true,"href":"https:\/\/diariodocomercio.com.br\/mix\/wp-json\/wp\/v2\/media\/33168"}],"wp:attachment":[{"href":"https:\/\/diariodocomercio.com.br\/mix\/wp-json\/wp\/v2\/media?parent=33167"}],"wp:term":[{"taxonomy":"category","embeddable":true,"href":"https:\/\/diariodocomercio.com.br\/mix\/wp-json\/wp\/v2\/categories?post=33167"},{"taxonomy":"post_tag","embeddable":true,"href":"https:\/\/diariodocomercio.com.br\/mix\/wp-json\/wp\/v2\/tags?post=33167"}],"curies":[{"name":"wp","href":"https:\/\/api.w.org\/{rel}","templated":true}]}}