{"id":33172,"date":"2026-01-23T18:25:25","date_gmt":"2026-01-23T21:25:25","guid":{"rendered":"https:\/\/diariodocomercio.com.br\/mix\/?p=33172"},"modified":"2026-01-23T18:25:28","modified_gmt":"2026-01-23T21:25:28","slug":"lei-dos-guarda-sois-ja-esta-valendo-em-praias-no-brasil-e-pode-render-multa-de-r-1-000-para-quem-descumprir","status":"publish","type":"post","link":"https:\/\/diariodocomercio.com.br\/mix\/lei-dos-guarda-sois-ja-esta-valendo-em-praias-no-brasil-e-pode-render-multa-de-r-1-000-para-quem-descumprir\/","title":{"rendered":"Lei dos guarda-s\u00f3is j\u00e1 est\u00e1 valendo em praias no Brasil e pode render multa de R$ 1.000 para quem descumprir"},"content":{"rendered":"\n<p>Durante os meses de ver\u00e3o, o aumento expressivo no n\u00famero de frequentadores altera de forma significativa a din\u00e2mica das praias brasileiras. Em resposta a esse cen\u00e1rio, <strong>munic\u00edpios do litoral <\/strong>t\u00eam adotado medidas espec\u00edficas para ordenar o uso da faixa de areia, com foco em seguran\u00e7a, organiza\u00e7\u00e3o do espa\u00e7o p\u00fablico e preserva\u00e7\u00e3o ambiental.<\/p>\n\n\n\n<p>No litoral norte de S\u00e3o Paulo, <strong>Ubatuba<\/strong> passou a aplicar regras mais restritivas relacionadas \u00e0 instala\u00e7\u00e3o de estruturas nas praias.<\/p>\n\n\n\n<p>Uma lei municipal publicada em maio de 2025 passou a regulamentar o uso de <strong>guarda-s\u00f3is <\/strong>e outros equipamentos na orla. Embora a norma esteja em vigor desde o ano passado, a fiscaliza\u00e7\u00e3o foi intensificada no in\u00edcio de 2026, per\u00edodo marcado pelo maior fluxo tur\u00edstico na cidade. A legisla\u00e7\u00e3o foi sancionada por Gady Gonzalez, presidente da C\u00e2mara Municipal de Ubatuba.<\/p>\n\n\n\n<h2 class=\"wp-block-heading\">Determina\u00e7\u00f5es em Ubatuba<\/h2>\n\n\n\n<p>O texto legal determina a <strong>proibi\u00e7\u00e3o da instala\u00e7\u00e3o e do uso de tendas, barracas, gazebos e estruturas semelhantes <\/strong>em todas as praias do munic\u00edpio. A exce\u00e7\u00e3o prevista \u00e9 o uso de guarda-s\u00f3is destinados ao uso individual ou familiar, desde que o di\u00e2metro n\u00e3o ultrapasse tr\u00eas metros.<\/p>\n\n\n\n<p>A medida busca evitar a ocupa\u00e7\u00e3o excessiva da areia e facilitar a circula\u00e7\u00e3o de pedestres e equipes de seguran\u00e7a.<\/p>\n\n\n\n<p>A lei contempla algumas situa\u00e7\u00f5es espec\u00edficas em que o uso de tendas \u00e9 permitido. Estruturas podem ser instaladas em eventos previamente autorizados pela prefeitura.<\/p>\n\n\n\n<p>Tamb\u00e9m est\u00e3o liberadas aquelas montadas por \u00f3rg\u00e3os p\u00fablicos ou entidades legalmente autorizadas, desde que tenham finalidade tur\u00edstica, educativa, cultural ou relacionada \u00e0 seguran\u00e7a. Al\u00e9m disso, tendas destinadas a a\u00e7\u00f5es emergenciais, como atendimentos de sa\u00fade, salvamento e atividades de prote\u00e7\u00e3o civil, est\u00e3o previstas como exce\u00e7\u00f5es.<\/p>\n\n\n\n<p>No caso do com\u00e9rcio ambulante, a legisla\u00e7\u00e3o autoriza a instala\u00e7\u00e3o de estruturas apenas em pontos fixos, desde que os vendedores estejam devidamente licenciados junto ao munic\u00edpio. O descumprimento das normas pode resultar em advert\u00eancia e na exig\u00eancia de retirada imediata da estrutura irregular. Em situa\u00e7\u00f5es consideradas mais graves ou em casos de reincid\u00eancia, a lei prev\u00ea a aplica\u00e7\u00e3o de <strong>multa que pode chegar a R$ 1.000.<\/strong><\/p>\n\n\n\n<p>Os recursos arrecadados com as penalidades devem ser destinados ao Fundo Social ou ao Fundo Municipal de Turismo. A fiscaliza\u00e7\u00e3o \u00e9 responsabilidade das Secretarias Municipais de Turismo, Meio Ambiente e Postura.&nbsp;<\/p>\n","protected":false},"excerpt":{"rendered":"<p>Munic\u00edpios do litoral t\u00eam adotado medidas espec\u00edficas para ordenar o uso da faixa de areia.<\/p>\n","protected":false},"author":12,"featured_media":33175,"comment_status":"closed","ping_status":"closed","sticky":false,"template":"","format":"standard","meta":{"jnews-multi-image_gallery":[],"jnews_single_post":{"format":"standard"},"jnews_primary_category":[],"jnews_social_meta":[],"jnews_override_counter":[],"jnews_post_split":[],"footnotes":""},"categories":[1],"tags":[],"class_list":["post-33172","post","type-post","status-publish","format-standard","has-post-thumbnail","hentry","category-geral"],"_referencia":"","_links":{"self":[{"href":"https:\/\/diariodocomercio.com.br\/mix\/wp-json\/wp\/v2\/posts\/33172","targetHints":{"allow":["GET"]}}],"collection":[{"href":"https:\/\/diariodocomercio.com.br\/mix\/wp-json\/wp\/v2\/posts"}],"about":[{"href":"https:\/\/diariodocomercio.com.br\/mix\/wp-json\/wp\/v2\/types\/post"}],"author":[{"embeddable":true,"href":"https:\/\/diariodocomercio.com.br\/mix\/wp-json\/wp\/v2\/users\/12"}],"replies":[{"embeddable":true,"href":"https:\/\/diariodocomercio.com.br\/mix\/wp-json\/wp\/v2\/comments?post=33172"}],"version-history":[{"count":2,"href":"https:\/\/diariodocomercio.com.br\/mix\/wp-json\/wp\/v2\/posts\/33172\/revisions"}],"predecessor-version":[{"id":33200,"href":"https:\/\/diariodocomercio.com.br\/mix\/wp-json\/wp\/v2\/posts\/33172\/revisions\/33200"}],"wp:featuredmedia":[{"embeddable":true,"href":"https:\/\/diariodocomercio.com.br\/mix\/wp-json\/wp\/v2\/media\/33175"}],"wp:attachment":[{"href":"https:\/\/diariodocomercio.com.br\/mix\/wp-json\/wp\/v2\/media?parent=33172"}],"wp:term":[{"taxonomy":"category","embeddable":true,"href":"https:\/\/diariodocomercio.com.br\/mix\/wp-json\/wp\/v2\/categories?post=33172"},{"taxonomy":"post_tag","embeddable":true,"href":"https:\/\/diariodocomercio.com.br\/mix\/wp-json\/wp\/v2\/tags?post=33172"}],"curies":[{"name":"wp","href":"https:\/\/api.w.org\/{rel}","templated":true}]}}