{"id":33208,"date":"2026-01-23T19:17:03","date_gmt":"2026-01-23T22:17:03","guid":{"rendered":"https:\/\/diariodocomercio.com.br\/mix\/?p=33208"},"modified":"2026-01-23T19:17:05","modified_gmt":"2026-01-23T22:17:05","slug":"painel-solar-vai-ficar-mais-caro-em-2026-governo-bateu-o-martelo","status":"publish","type":"post","link":"https:\/\/diariodocomercio.com.br\/mix\/painel-solar-vai-ficar-mais-caro-em-2026-governo-bateu-o-martelo\/","title":{"rendered":"Painel solar vai ficar mais caro em 2026? Governo bateu o martelo"},"content":{"rendered":"\n<p>Boatos sobre um suposto aumento no imposto de importa\u00e7\u00e3o de pain\u00e9is solares voltaram a gerar preocupa\u00e7\u00e3o entre consumidores e empresas do setor de energia. Diante da repercuss\u00e3o, o Governo Federal se manifestou e esclareceu o cen\u00e1rio para 2026, confirmando que n\u00e3o haver\u00e1 eleva\u00e7\u00e3o da al\u00edquota para 35%, mas mantendo a pol\u00edtica de reintrodu\u00e7\u00e3o gradual da tributa\u00e7\u00e3o iniciada em 2024.<\/p>\n\n\n\n<p>Nas \u00faltimas semanas, informa\u00e7\u00f5es divulgadas nas redes sociais e em alguns ve\u00edculos indicavam que o imposto de importa\u00e7\u00e3o sobre pain\u00e9is solares teria subido de 25% para 35%. O Minist\u00e9rio do Desenvolvimento, Ind\u00fastria, Com\u00e9rcio e Servi\u00e7os (MDIC) negou a informa\u00e7\u00e3o e classificou a not\u00edcia como boato.<\/p>\n\n\n\n<p>Segundo o \u00f3rg\u00e3o, a al\u00edquota de 25% para a importa\u00e7\u00e3o de c\u00e9lulas fotovoltaicas montadas em m\u00f3dulos ou pain\u00e9is est\u00e1 em vigor desde novembro de 2024 e n\u00e3o h\u00e1, at\u00e9 o momento, qualquer previs\u00e3o oficial de aumento. \u201cN\u00e3o existe eleva\u00e7\u00e3o prevista nem pleitos do setor produtivo nesse sentido\u201d, informou o minist\u00e9rio.<\/p>\n\n\n\n<p>Embora n\u00e3o haja novo reajuste anunciado, o mercado deve, sim, sentir impactos nos pr\u00f3ximos anos. Desde 2015, pain\u00e9is solares e componentes fotovoltaicos vinham sendo beneficiados por isen\u00e7\u00f5es ou al\u00edquotas reduzidas como parte da pol\u00edtica de est\u00edmulo \u00e0s fontes renov\u00e1veis.<\/p>\n\n\n\n<p>Esse incentivo foi decisivo para a populariza\u00e7\u00e3o da energia solar no Brasil, especialmente entre resid\u00eancias, produtores rurais e pequenos neg\u00f3cios. No entanto, a partir de 2024, o governo iniciou a retomada gradual do Imposto de Importa\u00e7\u00e3o, encerrando o per\u00edodo de al\u00edquota zero que vigorou em 2022.<\/p>\n\n\n\n<h2 class=\"wp-block-heading\"><strong>O que mudou na pr\u00e1tica<\/strong><\/h2>\n\n\n\n<p>Os pain\u00e9is solares importados \u2014 que representam quase a totalidade dos equipamentos usados no pa\u00eds \u2014 voltaram a ser tributados. Inicialmente, as al\u00edquotas retornaram em n\u00edveis mais baixos, entre pouco mais de 10% e 12%.<\/p>\n\n\n\n<p>O cronograma oficial prev\u00ea que, para importa\u00e7\u00f5es que ultrapassem as cotas estabelecidas pelo governo, o imposto possa chegar a at\u00e9 25% em 2025 e 2026. Esse movimento tende a elevar o custo dos equipamentos e impactar o pre\u00e7o final dos projetos de gera\u00e7\u00e3o solar distribu\u00edda.<\/p>\n\n\n\n<h3 class=\"wp-block-heading\"><strong>Impacto para consumidores e empresas<\/strong><\/h3>\n\n\n\n<p>A mudan\u00e7a afeta principalmente quem pretende instalar sistemas solares a partir de agora ou ampliar estruturas j\u00e1 existentes. Com equipamentos mais caros, o investimento inicial aumenta e o prazo de retorno financeiro pode se alongar.<\/p>\n\n\n\n<p>Para quem j\u00e1 possui pain\u00e9is instalados, n\u00e3o h\u00e1 cobran\u00e7a retroativa. No entanto, trocas de m\u00f3dulos, manuten\u00e7\u00f5es maiores ou expans\u00f5es do sistema devem ficar mais onerosas nos pr\u00f3ximos anos.<\/p>\n\n\n\n<p>O governo justifica a retomada do imposto como uma estrat\u00e9gia para fortalecer a ind\u00fastria nacional, reduzir a depend\u00eancia de produtos importados \u2014 especialmente da China \u2014 e estimular a produ\u00e7\u00e3o local, com potencial gera\u00e7\u00e3o de empregos.<\/p>\n","protected":false},"excerpt":{"rendered":"<p>Boatos sobre um suposto aumento no imposto de importa\u00e7\u00e3o de pain\u00e9is solares voltaram a gerar preocupa\u00e7\u00e3o entre consumidores e empresas do setor de energia. Diante da repercuss\u00e3o, o Governo Federal se manifestou e esclareceu o cen\u00e1rio para 2026, confirmando que n\u00e3o haver\u00e1 eleva\u00e7\u00e3o da al\u00edquota para 35%, mas mantendo a pol\u00edtica de reintrodu\u00e7\u00e3o gradual da [&hellip;]<\/p>\n","protected":false},"author":9,"featured_media":24159,"comment_status":"closed","ping_status":"closed","sticky":false,"template":"","format":"standard","meta":{"jnews-multi-image_gallery":[],"jnews_single_post":{"format":"standard"},"jnews_primary_category":[],"jnews_social_meta":[],"jnews_override_counter":[],"jnews_post_split":[],"footnotes":""},"categories":[1],"tags":[],"class_list":["post-33208","post","type-post","status-publish","format-standard","has-post-thumbnail","hentry","category-geral"],"_referencia":"","_links":{"self":[{"href":"https:\/\/diariodocomercio.com.br\/mix\/wp-json\/wp\/v2\/posts\/33208","targetHints":{"allow":["GET"]}}],"collection":[{"href":"https:\/\/diariodocomercio.com.br\/mix\/wp-json\/wp\/v2\/posts"}],"about":[{"href":"https:\/\/diariodocomercio.com.br\/mix\/wp-json\/wp\/v2\/types\/post"}],"author":[{"embeddable":true,"href":"https:\/\/diariodocomercio.com.br\/mix\/wp-json\/wp\/v2\/users\/9"}],"replies":[{"embeddable":true,"href":"https:\/\/diariodocomercio.com.br\/mix\/wp-json\/wp\/v2\/comments?post=33208"}],"version-history":[{"count":1,"href":"https:\/\/diariodocomercio.com.br\/mix\/wp-json\/wp\/v2\/posts\/33208\/revisions"}],"predecessor-version":[{"id":33210,"href":"https:\/\/diariodocomercio.com.br\/mix\/wp-json\/wp\/v2\/posts\/33208\/revisions\/33210"}],"wp:featuredmedia":[{"embeddable":true,"href":"https:\/\/diariodocomercio.com.br\/mix\/wp-json\/wp\/v2\/media\/24159"}],"wp:attachment":[{"href":"https:\/\/diariodocomercio.com.br\/mix\/wp-json\/wp\/v2\/media?parent=33208"}],"wp:term":[{"taxonomy":"category","embeddable":true,"href":"https:\/\/diariodocomercio.com.br\/mix\/wp-json\/wp\/v2\/categories?post=33208"},{"taxonomy":"post_tag","embeddable":true,"href":"https:\/\/diariodocomercio.com.br\/mix\/wp-json\/wp\/v2\/tags?post=33208"}],"curies":[{"name":"wp","href":"https:\/\/api.w.org\/{rel}","templated":true}]}}