{"id":33211,"date":"2026-01-23T21:11:11","date_gmt":"2026-01-24T00:11:11","guid":{"rendered":"https:\/\/diariodocomercio.com.br\/mix\/?p=33211"},"modified":"2026-01-23T21:11:14","modified_gmt":"2026-01-24T00:11:14","slug":"mito-ou-verdade-fones-de-ouvido-causam-nodulos-no-corpo-humano","status":"publish","type":"post","link":"https:\/\/diariodocomercio.com.br\/mix\/mito-ou-verdade-fones-de-ouvido-causam-nodulos-no-corpo-humano\/","title":{"rendered":"Mito ou verdade: fones de ouvido causam n\u00f3dulos no corpo humano?"},"content":{"rendered":"\n<p>O uso prolongado de fones de ouvido Bluetooth voltou ao centro do debate ap\u00f3s um estudo sugerir uma poss\u00edvel associa\u00e7\u00e3o entre o tempo di\u00e1rio de uso desses dispositivos e o surgimento de n\u00f3dulos na tireoide. A pesquisa ganhou for\u00e7a nas redes sociais, mas m\u00e9dicos e os pr\u00f3prios autores do trabalho refor\u00e7am: n\u00e3o h\u00e1 comprova\u00e7\u00e3o de que os fones causem n\u00f3dulos ou doen\u00e7as.<\/p>\n\n\n\n<p>Publicado em 2024 na revista cient\u00edfica <em>Scientific Reports<\/em>, o estudo analisou dados de cerca de 600 question\u00e1rios, utilizando modelos de intelig\u00eancia artificial para identificar poss\u00edveis fatores associados ao aparecimento de n\u00f3dulos na tireoide.<\/p>\n\n\n\n<p>Ap\u00f3s ajustes estat\u00edsticos para reduzir vieses, os pesquisadores encontraram dois fatores mais relevantes: a idade dos participantes e o tempo di\u00e1rio de uso de fones de ouvido Bluetooth. A partir disso, o trabalho apontou uma associa\u00e7\u00e3o estat\u00edstica \u2014 e n\u00e3o uma rela\u00e7\u00e3o de causa e efeito \u2014 entre o uso prolongado dos dispositivos e a presen\u00e7a de n\u00f3dulos.<\/p>\n\n\n\n<p>Os pr\u00f3prios autores ressaltam que os resultados precisam ser confirmados por estudos mais amplos e controlados.<\/p>\n\n\n\n<h2 class=\"wp-block-heading\"><strong>Tema viralizou nas redes<\/strong><\/h2>\n\n\n\n<p>A pesquisa passou a circular amplamente nas redes sociais, impulsionada por influenciadores da \u00e1rea da sa\u00fade. O m\u00e9dico americano Paul Saladino, por exemplo, afirmou em publica\u00e7\u00f5es e podcasts que fones Bluetooth poderiam representar um risco \u00e0 tireoide por emitirem radiofrequ\u00eancia.<\/p>\n\n\n\n<p>Segundo ele, a proximidade dos dispositivos com uma gl\u00e2ndula sens\u00edvel tornaria o uso preocupante. Saladino chegou a comparar os fones a \u201cum pequeno micro-ondas na cabe\u00e7a\u201d, argumento que gerou rea\u00e7\u00f5es e questionamentos da comunidade cient\u00edfica.<\/p>\n\n\n\n<h2 class=\"wp-block-heading\"><strong>Radia\u00e7\u00e3o ionizante x n\u00e3o ionizante<\/strong><\/h2>\n\n\n\n<p>Especialistas ouvidos por ve\u00edculos internacionais e brasileiros contestam essa interpreta\u00e7\u00e3o. A  fun\u00e7\u00e3o da tireoide pode ser influenciada por diversos fatores ambientais e alimentares, e n\u00e3o h\u00e1 evid\u00eancias suficientes de que dispositivos Bluetooth causem n\u00f3dulos, sejam eles benignos ou malignos.<\/p>\n\n\n\n<p>J\u00e1 a otorrinolaringologista Shivani Tiwari destaca que a tireoide \u00e9 sens\u00edvel \u00e0 radia\u00e7\u00e3o ionizante \u2014 como raios X, tomografias ou exposi\u00e7\u00e3o nuclear \u2014, mas n\u00e3o \u00e0 radia\u00e7\u00e3o n\u00e3o ionizante, que \u00e9 a emitida por tecnologias Bluetooth. \u201cEsse tipo de radia\u00e7\u00e3o tem energia muito baixa, n\u00e3o danifica o DNA nem altera a produ\u00e7\u00e3o hormonal\u201d, afirma.<\/p>\n","protected":false},"excerpt":{"rendered":"<p>O uso prolongado de fones de ouvido Bluetooth voltou ao centro do debate ap\u00f3s um estudo sugerir uma poss\u00edvel associa\u00e7\u00e3o entre o tempo di\u00e1rio de uso desses dispositivos e o surgimento de n\u00f3dulos na tireoide. A pesquisa ganhou for\u00e7a nas redes sociais, mas m\u00e9dicos e os pr\u00f3prios autores do trabalho refor\u00e7am: n\u00e3o h\u00e1 comprova\u00e7\u00e3o de [&hellip;]<\/p>\n","protected":false},"author":9,"featured_media":33232,"comment_status":"closed","ping_status":"closed","sticky":false,"template":"","format":"standard","meta":{"jnews-multi-image_gallery":[],"jnews_single_post":{"format":"standard"},"jnews_primary_category":[],"jnews_social_meta":[],"jnews_override_counter":[],"jnews_post_split":[],"footnotes":""},"categories":[1],"tags":[],"class_list":["post-33211","post","type-post","status-publish","format-standard","has-post-thumbnail","hentry","category-geral"],"_referencia":"","_links":{"self":[{"href":"https:\/\/diariodocomercio.com.br\/mix\/wp-json\/wp\/v2\/posts\/33211","targetHints":{"allow":["GET"]}}],"collection":[{"href":"https:\/\/diariodocomercio.com.br\/mix\/wp-json\/wp\/v2\/posts"}],"about":[{"href":"https:\/\/diariodocomercio.com.br\/mix\/wp-json\/wp\/v2\/types\/post"}],"author":[{"embeddable":true,"href":"https:\/\/diariodocomercio.com.br\/mix\/wp-json\/wp\/v2\/users\/9"}],"replies":[{"embeddable":true,"href":"https:\/\/diariodocomercio.com.br\/mix\/wp-json\/wp\/v2\/comments?post=33211"}],"version-history":[{"count":1,"href":"https:\/\/diariodocomercio.com.br\/mix\/wp-json\/wp\/v2\/posts\/33211\/revisions"}],"predecessor-version":[{"id":33233,"href":"https:\/\/diariodocomercio.com.br\/mix\/wp-json\/wp\/v2\/posts\/33211\/revisions\/33233"}],"wp:featuredmedia":[{"embeddable":true,"href":"https:\/\/diariodocomercio.com.br\/mix\/wp-json\/wp\/v2\/media\/33232"}],"wp:attachment":[{"href":"https:\/\/diariodocomercio.com.br\/mix\/wp-json\/wp\/v2\/media?parent=33211"}],"wp:term":[{"taxonomy":"category","embeddable":true,"href":"https:\/\/diariodocomercio.com.br\/mix\/wp-json\/wp\/v2\/categories?post=33211"},{"taxonomy":"post_tag","embeddable":true,"href":"https:\/\/diariodocomercio.com.br\/mix\/wp-json\/wp\/v2\/tags?post=33211"}],"curies":[{"name":"wp","href":"https:\/\/api.w.org\/{rel}","templated":true}]}}