{"id":33212,"date":"2026-01-23T19:43:36","date_gmt":"2026-01-23T22:43:36","guid":{"rendered":"https:\/\/diariodocomercio.com.br\/mix\/?p=33212"},"modified":"2026-01-23T19:44:29","modified_gmt":"2026-01-23T22:44:29","slug":"farmacia-anuncia-a-venda-de-centenas-de-remedios-e-produtos-a-r-1-mas-detalhe-inesperado-levanta-alerta","status":"publish","type":"post","link":"https:\/\/diariodocomercio.com.br\/mix\/farmacia-anuncia-a-venda-de-centenas-de-remedios-e-produtos-a-r-1-mas-detalhe-inesperado-levanta-alerta\/","title":{"rendered":"Farm\u00e1cia anuncia a venda de centenas de rem\u00e9dios e produtos a R$ 1, mas detalhe inesperado levanta alerta"},"content":{"rendered":"\n<p>Na noite de 22 de janeiro, o <strong>site da Pague Menos,<\/strong> uma conhecida rede de farm\u00e1cias do Brasil, foi alvo de atividades suspeitas. Produtos, normalmente vendidos a pre\u00e7os normais, foram expostos com descontos de at\u00e9 98%. Segundo os relatos nas redes sociais, alguns produtos teriam sido oferecidos a R$ 1. Essa situa\u00e7\u00e3o causou uma corrida pelas ofertas, enquanto o sistema de pagamento via Pix redirecionava valores para <strong>contas n\u00e3o associadas \u00e0 empresa.<\/strong><\/p>\n\n\n\n<p>Os clientes, notando as anomalias, rapidamente denunciaram o ocorrido em redes sociais e plataformas como o Reclame Aqui. Muitos conseguiram comprar produtos com redu\u00e7\u00f5es significativas nos pre\u00e7os, mas relataram incerteza quanto \u00e0 conclus\u00e3o das transa\u00e7\u00f5es.<\/p>\n\n\n\n<p>A Pague Menos emitiu um comunicado afirmando que todos os pedidos seriam <strong>revisados<\/strong> e prometeu ressarcir ou realizar as entregas adequadas.<\/p>\n\n\n\n<h2 class=\"wp-block-heading\">Incidente ou ataque?<\/h2>\n\n\n\n<p>A falha no sistema do site da Pague Menos sugere uma explora\u00e7\u00e3o de vulnerabilidades de e-commerce. Durante o evento, pre\u00e7os distintamente baixos foram aplicados a artigos como medicamentos e acess\u00f3rios esportivos.<\/p>\n\n\n\n<p>Os consumidores tamb\u00e9m identificaram a presen\u00e7a de chaves Pix desconhecidas nas transa\u00e7\u00f5es, apontando para um poss\u00edvel desvio de valores.<\/p>\n\n\n\n<p>Embora a empresa tenha descrito a situa\u00e7\u00e3o como uma &#8220;instabilidade pontual&#8221;, <strong>n\u00e3o houve confirma\u00e7\u00e3o oficial de um ataque hacker. <\/strong>A Pague Menos enfatizou seu compromisso com a seguran\u00e7a digital, destacando esfor\u00e7os para manter a transpar\u00eancia com os consumidores.<\/p>\n\n\n\n<h2 class=\"wp-block-heading\">Posicionamento da Pague Menos<\/h2>\n\n\n\n<p>A Pague Menos reiterou que as <strong>falhas foram corrigidas <\/strong>e que melhorias nos protocolos de seguran\u00e7a est\u00e3o em andamento. Especialistas, contudo, continuam a pedir por medidas de prote\u00e7\u00e3o mais rigorosas para evitar futuros incidentes.<\/p>\n\n\n\n<p>A Pague Menos nasceu em 1981, em Fortaleza, fundada por Deusmar Queir\u00f3s. Cresceu com foco em pre\u00e7os acess\u00edveis, expans\u00e3o nacional e servi\u00e7os de sa\u00fade. Tornou-se uma das maiores redes de farm\u00e1cias do Brasil, investindo em inova\u00e7\u00e3o, atendimento popular e presen\u00e7a em todos os estados brasileiros ao longo de d\u00e9cadas recentes.<\/p>\n","protected":false},"excerpt":{"rendered":"<p>Uma conhecida rede de farm\u00e1cias do Brasil foi alvo de atividades suspeitas. Confira detalhes.<\/p>\n","protected":false},"author":12,"featured_media":0,"comment_status":"closed","ping_status":"closed","sticky":false,"template":"","format":"standard","meta":{"jnews-multi-image_gallery":[],"jnews_single_post":{"format":"standard"},"jnews_primary_category":[],"jnews_social_meta":[],"jnews_override_counter":[],"jnews_post_split":[],"footnotes":""},"categories":[1],"tags":[],"class_list":["post-33212","post","type-post","status-publish","format-standard","hentry","category-geral"],"_referencia":"","_links":{"self":[{"href":"https:\/\/diariodocomercio.com.br\/mix\/wp-json\/wp\/v2\/posts\/33212","targetHints":{"allow":["GET"]}}],"collection":[{"href":"https:\/\/diariodocomercio.com.br\/mix\/wp-json\/wp\/v2\/posts"}],"about":[{"href":"https:\/\/diariodocomercio.com.br\/mix\/wp-json\/wp\/v2\/types\/post"}],"author":[{"embeddable":true,"href":"https:\/\/diariodocomercio.com.br\/mix\/wp-json\/wp\/v2\/users\/12"}],"replies":[{"embeddable":true,"href":"https:\/\/diariodocomercio.com.br\/mix\/wp-json\/wp\/v2\/comments?post=33212"}],"version-history":[{"count":3,"href":"https:\/\/diariodocomercio.com.br\/mix\/wp-json\/wp\/v2\/posts\/33212\/revisions"}],"predecessor-version":[{"id":33215,"href":"https:\/\/diariodocomercio.com.br\/mix\/wp-json\/wp\/v2\/posts\/33212\/revisions\/33215"}],"wp:attachment":[{"href":"https:\/\/diariodocomercio.com.br\/mix\/wp-json\/wp\/v2\/media?parent=33212"}],"wp:term":[{"taxonomy":"category","embeddable":true,"href":"https:\/\/diariodocomercio.com.br\/mix\/wp-json\/wp\/v2\/categories?post=33212"},{"taxonomy":"post_tag","embeddable":true,"href":"https:\/\/diariodocomercio.com.br\/mix\/wp-json\/wp\/v2\/tags?post=33212"}],"curies":[{"name":"wp","href":"https:\/\/api.w.org\/{rel}","templated":true}]}}