{"id":33216,"date":"2026-01-23T20:09:00","date_gmt":"2026-01-23T23:09:00","guid":{"rendered":"https:\/\/diariodocomercio.com.br\/mix\/?p=33216"},"modified":"2026-01-23T19:51:25","modified_gmt":"2026-01-23T22:51:25","slug":"r-25-700-novo-nissan-kicks-esta-com-promocao-inusitada-ate-03-02","status":"publish","type":"post","link":"https:\/\/diariodocomercio.com.br\/mix\/r-25-700-novo-nissan-kicks-esta-com-promocao-inusitada-ate-03-02\/","title":{"rendered":"R$ 25.700: novo Nissan Kicks est\u00e1 com promo\u00e7\u00e3o inusitada at\u00e9 03\/02"},"content":{"rendered":"\n<p>A Nissan lan\u00e7ou uma oferta exclusiva para adquirir o <strong>Nissan Kicks 2026,<\/strong> oferecendo um <strong>desconto de R$ 25,7 mil.<\/strong> Essa campanha \u00e9 espec\u00edfica para clientes com CNPJ e \u00e9 v\u00e1lida at\u00e9 o dia 3 de fevereiro de 2026.<\/p>\n\n\n\n<p>O modelo em oferta \u00e9 a vers\u00e3o de entrada, Sense, que pode ser comprada por R$ 142.990, posicionado abaixo dos pre\u00e7os de mercado de concorrentes como o modelo da Volkswagen, criando uma alternativa atrativa para o p\u00fablico corporativo.<\/p>\n\n\n\n<p>Ap\u00f3s a promo\u00e7\u00e3o, a Nissan busca aprimorar sua presen\u00e7a entre as empresas e frotistas que procuram ve\u00edculos eficientes em rela\u00e7\u00e3o ao custo e desempenho. Esse movimento objetiva responder ao ambiente econ\u00f4mico atual e ao crescente interesse por SUVs mais compactos e econ\u00f4micos.<\/p>\n\n\n\n<h2 class=\"wp-block-heading\">Vantagem competitiva<\/h2>\n\n\n\n<p>O Kicks, ao ser comparado a outros SUVs de pre\u00e7o similar, destaca-se por seu motor 1.0 turboflex com inje\u00e7\u00e3o direta, capaz de gerar at\u00e9 125 cv de pot\u00eancia com etanol e um c\u00e2mbio automatizado de dupla embreagem. Essa combina\u00e7\u00e3o oferece uma condu\u00e7\u00e3o suave e eficiente.<\/p>\n\n\n\n<p>Al\u00e9m disso, o Kicks demonstra um desempenho de consumo not\u00e1vel, atingindo at\u00e9 <strong>14,3 km\/l na estrada com gasolina,<\/strong> segundo o Inmetro, o que o torna uma op\u00e7\u00e3o atrativa para longas viagens.<\/p>\n\n\n\n<h2 class=\"wp-block-heading\">Equipamentos avan\u00e7ados do Kicks Sense 2026<\/h2>\n\n\n\n<p>A vers\u00e3o Sense do Kicks 2026 inclui uma gama extensa de equipamentos de s\u00e9rie. Entre eles, destacam-se o sistema multim\u00eddia de 12,3 polegadas com conectividade sem fio e o controle de cruzeiro adaptativo.<\/p>\n\n\n\n<p>Dispositivos de seguran\u00e7a incluem alerta de colis\u00e3o frontal e frenagem autom\u00e1tica, atentos \u00e0s demandas por tecnologia avan\u00e7ada e seguran\u00e7a. Esteticamente, as rodas de liga-leve de 17 polegadas contribuem para um visual moderno, enquanto o espa\u00e7o interno, com um porta-malas de 470 litros, oferece funcionalidade que supera a de muitos de seus concorrentes.<\/p>\n\n\n\n<p>Desconto visa especificamente o setor corporativo, com a Nissan explorando o mercado de vendas diretas e frotistas. A estrat\u00e9gia inclui garantir que o pre\u00e7o permane\u00e7a competitivo, sem a necessidade de op\u00e7\u00f5es adicionais, facilitando aquisi\u00e7\u00f5es em larga escala. A iniciativa busca atrair um mercado que valoriza efici\u00eancia e economia.<\/p>\n","protected":false},"excerpt":{"rendered":"<p>A Nissan lan\u00e7ou uma oferta exclusiva para quem quer adquirir o Nissan Kicks 2026.<\/p>\n","protected":false},"author":12,"featured_media":33217,"comment_status":"closed","ping_status":"closed","sticky":false,"template":"","format":"standard","meta":{"jnews-multi-image_gallery":[],"jnews_single_post":{"format":"standard"},"jnews_primary_category":[],"jnews_social_meta":[],"jnews_override_counter":[],"jnews_post_split":[],"footnotes":""},"categories":[1],"tags":[],"class_list":["post-33216","post","type-post","status-publish","format-standard","has-post-thumbnail","hentry","category-geral"],"_referencia":"","_links":{"self":[{"href":"https:\/\/diariodocomercio.com.br\/mix\/wp-json\/wp\/v2\/posts\/33216","targetHints":{"allow":["GET"]}}],"collection":[{"href":"https:\/\/diariodocomercio.com.br\/mix\/wp-json\/wp\/v2\/posts"}],"about":[{"href":"https:\/\/diariodocomercio.com.br\/mix\/wp-json\/wp\/v2\/types\/post"}],"author":[{"embeddable":true,"href":"https:\/\/diariodocomercio.com.br\/mix\/wp-json\/wp\/v2\/users\/12"}],"replies":[{"embeddable":true,"href":"https:\/\/diariodocomercio.com.br\/mix\/wp-json\/wp\/v2\/comments?post=33216"}],"version-history":[{"count":1,"href":"https:\/\/diariodocomercio.com.br\/mix\/wp-json\/wp\/v2\/posts\/33216\/revisions"}],"predecessor-version":[{"id":33219,"href":"https:\/\/diariodocomercio.com.br\/mix\/wp-json\/wp\/v2\/posts\/33216\/revisions\/33219"}],"wp:featuredmedia":[{"embeddable":true,"href":"https:\/\/diariodocomercio.com.br\/mix\/wp-json\/wp\/v2\/media\/33217"}],"wp:attachment":[{"href":"https:\/\/diariodocomercio.com.br\/mix\/wp-json\/wp\/v2\/media?parent=33216"}],"wp:term":[{"taxonomy":"category","embeddable":true,"href":"https:\/\/diariodocomercio.com.br\/mix\/wp-json\/wp\/v2\/categories?post=33216"},{"taxonomy":"post_tag","embeddable":true,"href":"https:\/\/diariodocomercio.com.br\/mix\/wp-json\/wp\/v2\/tags?post=33216"}],"curies":[{"name":"wp","href":"https:\/\/api.w.org\/{rel}","templated":true}]}}