{"id":33220,"date":"2026-01-23T20:31:00","date_gmt":"2026-01-23T23:31:00","guid":{"rendered":"https:\/\/diariodocomercio.com.br\/mix\/?p=33220"},"modified":"2026-01-23T20:07:04","modified_gmt":"2026-01-23T23:07:04","slug":"famoso-atacante-ex-selecao-brasileira-largou-a-mulher-para-casar-se-com-a-sobrinha-e-teve-filhos-com-ambas","status":"publish","type":"post","link":"https:\/\/diariodocomercio.com.br\/mix\/famoso-atacante-ex-selecao-brasileira-largou-a-mulher-para-casar-se-com-a-sobrinha-e-teve-filhos-com-ambas\/","title":{"rendered":"Famoso atacante ex-Sele\u00e7\u00e3o Brasileira largou a mulher para casar-se com a sobrinha e teve filhos com ambas"},"content":{"rendered":"\n<p>O casamento de <strong>Hulk <\/strong>e <strong>Camila \u00c2ngelo<\/strong>, ocorrido em janeiro de 2025 em Campina Grande, Para\u00edba, gerou grande repercuss\u00e3o nas redes sociais. Com cerca de 80 convidados, a cerim\u00f4nia chamou aten\u00e7\u00e3o por envolver Camila, sobrinha de Iran \u00c2ngelo, ex-mulher do jogador.<\/p>\n\n\n\n<p>Ou seja, a atual esposa de Hulk era <strong>sobrinha por afinidade do atleta. <\/strong>Este relacionamento causou pol\u00eamica, uma vez que Camila foi madrinha do casamento anterior de Hulk com Iran.<\/p>\n\n\n\n<p>A cerim\u00f4nia, realizada na Catedral Diocesana Nossa Senhora da Concei\u00e7\u00e3o, marcou o in\u00edcio de tr\u00eas dias de comemora\u00e7\u00f5es. A igreja foi decorada com requinte e o evento destacou-se pela escolha dos trajes. Camila vestiu um vestido projetado por um renomado estilista, enquanto Hulk optou por um terno elegante.<\/p>\n\n\n\n<p>Apesar do esplendor da celebra\u00e7\u00e3o, a aus\u00eancia dos filhos mais velhos de Hulk, Ian e Tiago, gerou discuss\u00f5es nas redes sociais. No mesmo dia, Iran \u00c2ngelo expressou-se em uma rede social, agradecendo o apoio do filho Ian e manifestando esperan\u00e7a de que tempos dif\u00edceis passariam.<\/p>\n\n\n\n<p>Hulk tem cinco filhos: <strong>Ian, Tiago<\/strong> e <strong>Alice,<\/strong> do casamento com Iran \u00c2ngelo, e <strong>Zaya<\/strong> e <strong>Aisha<\/strong>, com a atual esposa Camila \u00c2ngelo (sobrinha da ex). Os cinco s\u00e3o irm\u00e3os por parte de pai.<\/p>\n\n\n<div class=\"wp-block-image\">\n<figure class=\"aligncenter size-full is-resized\"><img decoding=\"async\" width=\"600\" height=\"600\" src=\"https:\/\/diariodocomercio.com.br\/mix\/wp-content\/uploads\/2026\/01\/saveinsta.to-503749186-18519912421060988-2526985412890979865-n-1-.jpg\" alt=\"\" class=\"wp-image-33221\" style=\"width:444px;height:auto\" srcset=\"https:\/\/diariodocomercio.com.br\/mix\/wp-content\/uploads\/2026\/01\/saveinsta.to-503749186-18519912421060988-2526985412890979865-n-1-.jpg 600w, https:\/\/diariodocomercio.com.br\/mix\/wp-content\/uploads\/2026\/01\/saveinsta.to-503749186-18519912421060988-2526985412890979865-n-1--300x300.jpg 300w, https:\/\/diariodocomercio.com.br\/mix\/wp-content\/uploads\/2026\/01\/saveinsta.to-503749186-18519912421060988-2526985412890979865-n-1--150x150.jpg 150w, https:\/\/diariodocomercio.com.br\/mix\/wp-content\/uploads\/2026\/01\/saveinsta.to-503749186-18519912421060988-2526985412890979865-n-1--96x96.jpg 96w, https:\/\/diariodocomercio.com.br\/mix\/wp-content\/uploads\/2026\/01\/saveinsta.to-503749186-18519912421060988-2526985412890979865-n-1--75x75.jpg 75w, https:\/\/diariodocomercio.com.br\/mix\/wp-content\/uploads\/2026\/01\/saveinsta.to-503749186-18519912421060988-2526985412890979865-n-1--350x350.jpg 350w\" sizes=\"(max-width: 600px) 100vw, 600px\" \/><figcaption class=\"wp-element-caption\">Hulk Para\u00edba e os filhos (Foto: Reprodu\u00e7\u00e3o\/Instagram)<\/figcaption><\/figure>\n<\/div>\n\n\n<h2 class=\"wp-block-heading\">Cr\u00edticas p\u00fablicas<\/h2>\n\n\n\n<p>A configura\u00e7\u00e3o familiar se torna mais complexa com Hulk e Camila sendo pais de duas meninas, Zaya e Aisha. Essa situa\u00e7\u00e3o levou Rayssa \u00c2ngelo, irm\u00e3 de Iran e tia de Camila, a criticar publicamente o casamento, mencionando trai\u00e7\u00f5es inesperadas.<\/p>\n\n\n\n<p>O casamento de Hulk e Camila teve cobertura significativa pela m\u00eddia e provocou debates sobre as rela\u00e7\u00f5es familiares na era digital. Esta uni\u00e3o continua a ser tema de interesse p\u00fablico, destacando quest\u00f5es sobre complexidade familiar e exposi\u00e7\u00e3o social.<\/p>\n","protected":false},"excerpt":{"rendered":"<p>Casamento teve cobertura significativa pela m\u00eddia.<\/p>\n","protected":false},"author":12,"featured_media":26245,"comment_status":"closed","ping_status":"closed","sticky":false,"template":"","format":"standard","meta":{"jnews-multi-image_gallery":[],"jnews_single_post":{"format":"standard"},"jnews_primary_category":[],"jnews_social_meta":[],"jnews_override_counter":[],"jnews_post_split":[],"footnotes":""},"categories":[1],"tags":[],"class_list":["post-33220","post","type-post","status-publish","format-standard","has-post-thumbnail","hentry","category-geral"],"_referencia":"","_links":{"self":[{"href":"https:\/\/diariodocomercio.com.br\/mix\/wp-json\/wp\/v2\/posts\/33220","targetHints":{"allow":["GET"]}}],"collection":[{"href":"https:\/\/diariodocomercio.com.br\/mix\/wp-json\/wp\/v2\/posts"}],"about":[{"href":"https:\/\/diariodocomercio.com.br\/mix\/wp-json\/wp\/v2\/types\/post"}],"author":[{"embeddable":true,"href":"https:\/\/diariodocomercio.com.br\/mix\/wp-json\/wp\/v2\/users\/12"}],"replies":[{"embeddable":true,"href":"https:\/\/diariodocomercio.com.br\/mix\/wp-json\/wp\/v2\/comments?post=33220"}],"version-history":[{"count":1,"href":"https:\/\/diariodocomercio.com.br\/mix\/wp-json\/wp\/v2\/posts\/33220\/revisions"}],"predecessor-version":[{"id":33223,"href":"https:\/\/diariodocomercio.com.br\/mix\/wp-json\/wp\/v2\/posts\/33220\/revisions\/33223"}],"wp:featuredmedia":[{"embeddable":true,"href":"https:\/\/diariodocomercio.com.br\/mix\/wp-json\/wp\/v2\/media\/26245"}],"wp:attachment":[{"href":"https:\/\/diariodocomercio.com.br\/mix\/wp-json\/wp\/v2\/media?parent=33220"}],"wp:term":[{"taxonomy":"category","embeddable":true,"href":"https:\/\/diariodocomercio.com.br\/mix\/wp-json\/wp\/v2\/categories?post=33220"},{"taxonomy":"post_tag","embeddable":true,"href":"https:\/\/diariodocomercio.com.br\/mix\/wp-json\/wp\/v2\/tags?post=33220"}],"curies":[{"name":"wp","href":"https:\/\/api.w.org\/{rel}","templated":true}]}}