{"id":33228,"date":"2026-01-25T16:27:00","date_gmt":"2026-01-25T19:27:00","guid":{"rendered":"https:\/\/diariodocomercio.com.br\/mix\/?p=33228"},"modified":"2026-01-23T20:42:40","modified_gmt":"2026-01-23T23:42:40","slug":"gringos-estao-saindo-do-brasil-e-escolhendo-outro-paraiso-na-america-do-sul-para-passar-as-ferias","status":"publish","type":"post","link":"https:\/\/diariodocomercio.com.br\/mix\/gringos-estao-saindo-do-brasil-e-escolhendo-outro-paraiso-na-america-do-sul-para-passar-as-ferias\/","title":{"rendered":"Gringos est\u00e3o saindo do Brasil e escolhendo outro para\u00edso na Am\u00e9rica do Sul para passar as f\u00e9rias"},"content":{"rendered":"\n<p>Os <strong>turistas argentinos<\/strong>, que tradicionalmente enchem as praias do Brasil, est\u00e3o mudando de rota em 2026. Destinos como <strong>La Herradura,<\/strong> uma ba\u00eda tranquila na regi\u00e3o de Coquimbo, <strong>Chile, <\/strong>est\u00e3o atraindo esse p\u00fablico.<\/p>\n\n\n\n<p>A escolha por La Herradura foi motivada pelas mudan\u00e7as econ\u00f4micas e pelo desejo de explorar novos locais. Com \u00e1guas calmas e infraestrutura adequada, o local se destaca como alternativa \u00e0s praias brasileiras.<\/p>\n\n\n\n<h2 class=\"wp-block-heading\">Atra\u00e7\u00e3o de La Herradura<\/h2>\n\n\n\n<p>La Herradura tem recebido aten\u00e7\u00e3o dos argentinos devido \u00e0 sua localiza\u00e7\u00e3o acess\u00edvel e ambiente sereno. As pequenas ondas e as \u00e1guas constantes durante todo o ano oferecem uma experi\u00eancia diferente.<\/p>\n\n\n\n<p>A regi\u00e3o, cercada por colinas, apresenta vistas panor\u00e2micas que capturam a aten\u00e7\u00e3o dos visitantes, oferecendo momentos de tranquilidade.<\/p>\n\n\n\n<h2 class=\"wp-block-heading\">Fatores econ\u00f4micos&nbsp;<\/h2>\n\n\n\n<p>A <strong>valoriza\u00e7\u00e3o do real <\/strong>tornou as viagens ao Brasil mais caras, influenciando a escolha por destinos chilenos. Embora os argentinos ainda sejam maioria entre os turistas estrangeiros no Brasil, a presen\u00e7a no litoral catarinense diminuiu devido \u00e0 concorr\u00eancia do turismo na Am\u00e9rica do Sul.<\/p>\n\n\n\n<p>As diferentes op\u00e7\u00f5es dispon\u00edveis direcionam os turistas a reconsiderar suas prefer\u00eancias.<\/p>\n\n\n\n<h2 class=\"wp-block-heading\">Mudan\u00e7as nas prefer\u00eancias tur\u00edsticas<\/h2>\n\n\n\n<p>A <strong>Praia de Canasvieiras,<\/strong> em <strong>Santa Catarina,<\/strong> permanece um local popular para os argentinos que buscam \u00e1guas tranquilas. No entanto, os custos mais altos e a economia em recupera\u00e7\u00e3o da Argentina fizeram os turistas olharem para al\u00e9m do Brasil, explorando mais a Am\u00e9rica do Sul.<\/p>\n\n\n\n<p>A colabora\u00e7\u00e3o entre Brasil, Argentina e Chile tem se intensificado com o objetivo de criar roteiros tur\u00edsticos integrados. Eventos internacionais de turismo est\u00e3o promovendo pacotes que incluem destinos em diversos pa\u00edses sul-americanos, atraindo visitantes interessados na diversidade cultural e natural.<\/p>\n\n\n\n<p>As a\u00e7\u00f5es colaborativas entre esses pa\u00edses destacam a adaptabilidade e inova\u00e7\u00e3o no setor tur\u00edstico. At\u00e9 junho de 2026, espera-se um aumento significativo na escolha por destinos menos explorados como La Herradura, desafiando os tradicionais pontos tur\u00edsticos a inovarem para capturar o interesse cont\u00ednuo.&nbsp;<\/p>\n","protected":false},"excerpt":{"rendered":"<p>Turistas que tradicionalmente enchem as praias do Brasil est\u00e3o mudando de rota em 2026.<\/p>\n","protected":false},"author":12,"featured_media":10885,"comment_status":"closed","ping_status":"closed","sticky":false,"template":"","format":"standard","meta":{"jnews-multi-image_gallery":[],"jnews_single_post":{"format":"standard"},"jnews_primary_category":[],"jnews_social_meta":[],"jnews_override_counter":[],"jnews_post_split":[],"footnotes":""},"categories":[1],"tags":[],"class_list":["post-33228","post","type-post","status-publish","format-standard","has-post-thumbnail","hentry","category-geral"],"_referencia":"","_links":{"self":[{"href":"https:\/\/diariodocomercio.com.br\/mix\/wp-json\/wp\/v2\/posts\/33228","targetHints":{"allow":["GET"]}}],"collection":[{"href":"https:\/\/diariodocomercio.com.br\/mix\/wp-json\/wp\/v2\/posts"}],"about":[{"href":"https:\/\/diariodocomercio.com.br\/mix\/wp-json\/wp\/v2\/types\/post"}],"author":[{"embeddable":true,"href":"https:\/\/diariodocomercio.com.br\/mix\/wp-json\/wp\/v2\/users\/12"}],"replies":[{"embeddable":true,"href":"https:\/\/diariodocomercio.com.br\/mix\/wp-json\/wp\/v2\/comments?post=33228"}],"version-history":[{"count":1,"href":"https:\/\/diariodocomercio.com.br\/mix\/wp-json\/wp\/v2\/posts\/33228\/revisions"}],"predecessor-version":[{"id":33229,"href":"https:\/\/diariodocomercio.com.br\/mix\/wp-json\/wp\/v2\/posts\/33228\/revisions\/33229"}],"wp:featuredmedia":[{"embeddable":true,"href":"https:\/\/diariodocomercio.com.br\/mix\/wp-json\/wp\/v2\/media\/10885"}],"wp:attachment":[{"href":"https:\/\/diariodocomercio.com.br\/mix\/wp-json\/wp\/v2\/media?parent=33228"}],"wp:term":[{"taxonomy":"category","embeddable":true,"href":"https:\/\/diariodocomercio.com.br\/mix\/wp-json\/wp\/v2\/categories?post=33228"},{"taxonomy":"post_tag","embeddable":true,"href":"https:\/\/diariodocomercio.com.br\/mix\/wp-json\/wp\/v2\/tags?post=33228"}],"curies":[{"name":"wp","href":"https:\/\/api.w.org\/{rel}","templated":true}]}}