{"id":33234,"date":"2026-01-23T21:16:58","date_gmt":"2026-01-24T00:16:58","guid":{"rendered":"https:\/\/diariodocomercio.com.br\/mix\/?p=33234"},"modified":"2026-01-26T16:41:34","modified_gmt":"2026-01-26T19:41:34","slug":"produto-muito-comprado-na-shopee-acaba-de-ser-proibido-no-brasil-e-lojas-vao-retira-lo-de-estoque","status":"publish","type":"post","link":"https:\/\/diariodocomercio.com.br\/mix\/produto-muito-comprado-na-shopee-acaba-de-ser-proibido-no-brasil-e-lojas-vao-retira-lo-de-estoque\/","title":{"rendered":"Produto muito comprado na Shopee acaba de ser proibido no Brasil e lojas v\u00e3o retir\u00e1-lo de estoque"},"content":{"rendered":"\n<p>Um produto bastante comercializado em plataformas de e-commerce, como a Shopee, acaba de ser proibido em todo o Brasil. A Ag\u00eancia Nacional de Vigil\u00e2ncia Sanit\u00e1ria (Anvisa) determinou a apreens\u00e3o e a retirada imediata do azeite de oliva extravirgem da marca <strong>Terras de Oliveiras<\/strong>, ap\u00f3s identificar irregularidades graves relacionadas \u00e0 origem e \u00e0 importa\u00e7\u00e3o do produto.<\/p>\n\n\n\n<p>Segundo a Anvisa, o azeite extravirgem Terras de Oliveiras n\u00e3o poder\u00e1 mais ser fabricado, importado, distribu\u00eddo, comercializado, divulgado ou consumido no pa\u00eds. A medida foi tomada porque o produto possui <strong>origem desconhecida<\/strong> e estava sendo anunciado para venda na Shopee.<\/p>\n\n\n\n<p>Outro fator determinante foi a situa\u00e7\u00e3o da empresa indicada no r\u00f3tulo como importadora, a <strong>JJ \u2013 Comercial de Alimentos Ltda.<\/strong>, cujo CNPJ foi oficialmente extinto em 8 de janeiro de 2025, ap\u00f3s encerramento volunt\u00e1rio das atividades. A decis\u00e3o foi publicada no Di\u00e1rio Oficial da Uni\u00e3o (DOU).<\/p>\n\n\n\n<p>Al\u00e9m do azeite, a Anvisa determinou o recolhimento do <strong>Doce de Leite em Peda\u00e7os<\/strong>, da marca <strong>S\u00e3o Benedito<\/strong>, fabricado pela JF Ind\u00fastria Com\u00e9rcio de Doces e Latic\u00ednios Ltda. O produto teve a comercializa\u00e7\u00e3o, a distribui\u00e7\u00e3o e o consumo suspensos.<\/p>\n\n\n\n<p>De acordo com a ag\u00eancia, o lote analisado n\u00e3o estava devidamente identificado e foi reprovado no teste de <strong>\u00e1cido s\u00f3rbico<\/strong>, conservante utilizado para evitar a prolifera\u00e7\u00e3o de microrganismos e a deteriora\u00e7\u00e3o dos alimentos.<\/p>\n\n\n\n<p>Outro item inclu\u00eddo nas determina\u00e7\u00f5es da Anvisa foi o <strong>sal grosso da marca Marfim<\/strong>, fabricado pela empresa M Gomes Praxedes. O lote 901124 foi reprovado no teste de teor de iodo, considerado insatisfat\u00f3rio, e dever\u00e1 ser recolhido do mercado.<\/p>\n\n\n\n<h3 class=\"wp-block-heading\"><strong>Empresas se manifestam<\/strong><\/h3>\n\n\n\n<p>A Shopee, por meio da sua assessoria de imprensa, destacou que os an\u00fancios na plataforma foram removidos prontamente e refor\u00e7ou que adota medidas imediatas quando identifica irregularidades nos produtos publicados.<\/p>\n\n\n\n<p>\u201cA Shopee tem o compromisso de oferecer uma experi\u00eancia de compra segura para todos os usu\u00e1rios. Cumprimos com todas as leis locais e exigimos que os lojistas as cumpram, assim como nossa Pol\u00edtica de Produtos Proibidos e Restritos.<\/p>\n\n\n\n<p>Assim que tomou conhecimento da determina\u00e7\u00e3o, a Shopee removeu prontamente os an\u00fancios em quest\u00e3o. Refor\u00e7amos que os itens comercializados na plataforma passam por monitoramento cont\u00ednuo e, sempre que s\u00e3o identificados produtos que violam os padr\u00f5es regulat\u00f3rios ou nossos termos de uso, as medidas cab\u00edveis s\u00e3o adotadas, incluindo a remo\u00e7\u00e3o dos an\u00fancios.\u201d, destacou a Shopee.<\/p>\n\n\n\n<p>Procurada pela imprensa, a fabricante do doce de leite S\u00e3o Benedito informou que colaborou com os \u00f3rg\u00e3os competentes assim que foi notificada. Em nota, a empresa afirmou ter ajustado seus processos internos para garantir que os produtos atendam integralmente aos padr\u00f5es exigidos.<\/p>\n\n\n\n<p>A empresa tamb\u00e9m destacou que o uso de conservantes tem como objetivo assegurar a seguran\u00e7a alimentar e preservar a tradi\u00e7\u00e3o do produto.<\/p>\n\n\n\n<p>A Anvisa orienta que consumidores que tenham adquirido os produtos proibidos n\u00e3o fa\u00e7am o consumo e entrem em contato com os pontos de venda ou fabricantes para obter orienta\u00e7\u00f5es sobre devolu\u00e7\u00e3o ou substitui\u00e7\u00e3o. A ag\u00eancia refor\u00e7a que as medidas visam proteger a sa\u00fade da popula\u00e7\u00e3o e garantir a seguran\u00e7a dos alimentos comercializados no pa\u00eds.<\/p>\n","protected":false},"excerpt":{"rendered":"<p>Um produto bastante comercializado em plataformas de e-commerce, como a Shopee, acaba de ser proibido em todo o Brasil. A Ag\u00eancia Nacional de Vigil\u00e2ncia Sanit\u00e1ria (Anvisa) determinou a apreens\u00e3o e a retirada imediata do azeite de oliva extravirgem da marca Terras de Oliveiras, ap\u00f3s identificar irregularidades graves relacionadas \u00e0 origem e \u00e0 importa\u00e7\u00e3o do produto. [&hellip;]<\/p>\n","protected":false},"author":9,"featured_media":33235,"comment_status":"closed","ping_status":"closed","sticky":false,"template":"","format":"standard","meta":{"jnews-multi-image_gallery":[],"jnews_single_post":{"format":"standard"},"jnews_primary_category":[],"jnews_social_meta":[],"jnews_override_counter":[],"jnews_post_split":[],"footnotes":""},"categories":[1],"tags":[],"class_list":["post-33234","post","type-post","status-publish","format-standard","has-post-thumbnail","hentry","category-geral"],"_referencia":"","_links":{"self":[{"href":"https:\/\/diariodocomercio.com.br\/mix\/wp-json\/wp\/v2\/posts\/33234","targetHints":{"allow":["GET"]}}],"collection":[{"href":"https:\/\/diariodocomercio.com.br\/mix\/wp-json\/wp\/v2\/posts"}],"about":[{"href":"https:\/\/diariodocomercio.com.br\/mix\/wp-json\/wp\/v2\/types\/post"}],"author":[{"embeddable":true,"href":"https:\/\/diariodocomercio.com.br\/mix\/wp-json\/wp\/v2\/users\/9"}],"replies":[{"embeddable":true,"href":"https:\/\/diariodocomercio.com.br\/mix\/wp-json\/wp\/v2\/comments?post=33234"}],"version-history":[{"count":3,"href":"https:\/\/diariodocomercio.com.br\/mix\/wp-json\/wp\/v2\/posts\/33234\/revisions"}],"predecessor-version":[{"id":33326,"href":"https:\/\/diariodocomercio.com.br\/mix\/wp-json\/wp\/v2\/posts\/33234\/revisions\/33326"}],"wp:featuredmedia":[{"embeddable":true,"href":"https:\/\/diariodocomercio.com.br\/mix\/wp-json\/wp\/v2\/media\/33235"}],"wp:attachment":[{"href":"https:\/\/diariodocomercio.com.br\/mix\/wp-json\/wp\/v2\/media?parent=33234"}],"wp:term":[{"taxonomy":"category","embeddable":true,"href":"https:\/\/diariodocomercio.com.br\/mix\/wp-json\/wp\/v2\/categories?post=33234"},{"taxonomy":"post_tag","embeddable":true,"href":"https:\/\/diariodocomercio.com.br\/mix\/wp-json\/wp\/v2\/tags?post=33234"}],"curies":[{"name":"wp","href":"https:\/\/api.w.org\/{rel}","templated":true}]}}