{"id":33240,"date":"2026-01-24T16:20:10","date_gmt":"2026-01-24T19:20:10","guid":{"rendered":"https:\/\/diariodocomercio.com.br\/mix\/?p=33240"},"modified":"2026-01-24T16:20:12","modified_gmt":"2026-01-24T19:20:12","slug":"aneel-suspendeu-hidreletrica-famosa-no-brasil-e-operacoes-foram-desativadas","status":"publish","type":"post","link":"https:\/\/diariodocomercio.com.br\/mix\/aneel-suspendeu-hidreletrica-famosa-no-brasil-e-operacoes-foram-desativadas\/","title":{"rendered":"Aneel suspendeu hidrel\u00e9trica famosa no Brasil e opera\u00e7\u00f5es foram desativadas"},"content":{"rendered":"\n<p>A Ag\u00eancia Nacional de Energia El\u00e9trica (Aneel) suspendeu, em <strong>outubro de 2025<\/strong>, a opera\u00e7\u00e3o comercial da Usina Hidrel\u00e9trica Jacu\u00ed (UHE Jacu\u00ed), no Rio Grande do Sul, ap\u00f3s constatar que o empreendimento permaneceu mais de 12 meses sem gerar energia. A paralisa\u00e7\u00e3o foi consequ\u00eancia direta das enchentes hist\u00f3ricas que atingiram o estado em maio de 2024 e inundaram estruturas essenciais da usina.<\/p>\n\n\n\n<p>A UHE Jacu\u00ed, localizada em Salto do Jacu\u00ed (RS) e operada pela Companhia Estadual de Gera\u00e7\u00e3o de Energia El\u00e9trica (CEEE-G), controlada pela CSN Energia, teve seis unidades geradoras desativadas, somando 180 megawatts (MW) de pot\u00eancia instalada.<\/p>\n\n\n\n<p>As cheias de maio de 2024 alagaram a subesta\u00e7\u00e3o e a casa de for\u00e7a da usina, inviabilizando a gera\u00e7\u00e3o de energia. Desde ent\u00e3o, a empresa comunicou oficialmente \u00e0 Aneel e ao Operador Nacional do Sistema (ONS) a indisponibilidade operacional e informou que iniciaria um processo de moderniza\u00e7\u00e3o e repotencia\u00e7\u00e3o do complexo.<\/p>\n\n\n\n<h2 class=\"wp-block-heading\"><strong>Fiscaliza\u00e7\u00e3o e decis\u00e3o da Aneel<\/strong><\/h2>\n\n\n\n<p>Em setembro de 2024, t\u00e9cnicos da Aneel realizaram fiscaliza\u00e7\u00e3o presencial na hidrel\u00e9trica. O relat\u00f3rio apontou que interven\u00e7\u00f5es parciais n\u00e3o garantiriam seguran\u00e7a nem confiabilidade, recomendando a moderniza\u00e7\u00e3o completa da usina.<\/p>\n\n\n\n<p>Com o fim do prazo regulat\u00f3rio de 12 meses em que a indisponibilidade poderia ser desconsiderada, a Aneel decidiu suspender formalmente a opera\u00e7\u00e3o comercial da hidrel\u00e9trica. A decis\u00e3o foi publicada no <strong>Di\u00e1rio Oficial da Uni\u00e3o em 9 de outubro de 2025<\/strong>. O \u00f3rg\u00e3o tamb\u00e9m negou um pedido de medida cautelar da CEEE-G, que tentava manter o status operacional da usina at\u00e9 o fim das obras.<\/p>\n\n\n<div class=\"wp-block-image\">\n<figure class=\"aligncenter size-full\"><img decoding=\"async\" width=\"760\" height=\"541\" src=\"https:\/\/diariodocomercio.com.br\/mix\/wp-content\/uploads\/2026\/01\/image-266.png\" alt=\"\" class=\"wp-image-33242\" srcset=\"https:\/\/diariodocomercio.com.br\/mix\/wp-content\/uploads\/2026\/01\/image-266.png 760w, https:\/\/diariodocomercio.com.br\/mix\/wp-content\/uploads\/2026\/01\/image-266-300x214.png 300w, https:\/\/diariodocomercio.com.br\/mix\/wp-content\/uploads\/2026\/01\/image-266-150x107.png 150w, https:\/\/diariodocomercio.com.br\/mix\/wp-content\/uploads\/2026\/01\/image-266-120x86.png 120w, https:\/\/diariodocomercio.com.br\/mix\/wp-content\/uploads\/2026\/01\/image-266-350x250.png 350w, https:\/\/diariodocomercio.com.br\/mix\/wp-content\/uploads\/2026\/01\/image-266-750x534.png 750w\" sizes=\"(max-width: 760px) 100vw, 760px\" \/><figcaption class=\"wp-element-caption\">(Reprodu\u00e7\u00e3o\/Prefeitura Alto do Jacu\u00ed)<\/figcaption><\/figure>\n<\/div>\n\n\n<p>Segundo a Aneel, a medida n\u00e3o tem car\u00e1ter punitivo. Trata-se de um reconhecimento t\u00e9cnico de que a usina est\u00e1 indispon\u00edvel para gera\u00e7\u00e3o de energia el\u00e9trica. A suspens\u00e3o n\u00e3o reduz a garantia f\u00edsica do empreendimento nem o exclui do Mecanismo de Realoca\u00e7\u00e3o de Energia (MRE).<\/p>\n\n\n\n<p>Na pr\u00e1tica, enquanto n\u00e3o gera energia, a usina deixa de receber aloca\u00e7\u00e3o de energia no sistema. Caso precise cumprir contratos de venda, a empresa pode ter que adquirir energia de terceiros, passando a atuar de forma semelhante a um comercializador.<\/p>\n\n\n\n<h2 class=\"wp-block-heading\"><strong>Impacto das enchentes no setor el\u00e9trico<\/strong><\/h2>\n\n\n\n<p>As chuvas extremas de 2024 afetaram severamente o setor el\u00e9trico ga\u00facho. Na \u00e9poca, a Aneel acompanhou 426 empreendimentos de gera\u00e7\u00e3o no estado, incluindo hidrel\u00e9tricas, t\u00e9rmicas, e\u00f3licas e solares. Pelo menos 44 hidrel\u00e9tricas passaram por fiscaliza\u00e7\u00e3o detalhada devido a riscos operacionais ou de seguran\u00e7a.<\/p>\n\n\n\n<p>A ag\u00eancia tamb\u00e9m destacou que, mesmo em casos de for\u00e7a maior, como eventos clim\u00e1ticos extremos, a suspens\u00e3o da opera\u00e7\u00e3o comercial \u00e9 aplicada quando h\u00e1 indisponibilidade prolongada n\u00e3o prevista no c\u00e1lculo da garantia f\u00edsica.<\/p>\n\n\n\n<p>De acordo com o cronograma apresentado pela pr\u00f3pria CEEE-G, a UHE Jacu\u00ed deve permanecer fora de opera\u00e7\u00e3o at\u00e9 2027, per\u00edodo necess\u00e1rio para a conclus\u00e3o da moderniza\u00e7\u00e3o. Isso significa que, desde 2024, a usina ficar\u00e1 cerca de quatro anos sem gerar energia.<\/p>\n","protected":false},"excerpt":{"rendered":"<p>A Ag\u00eancia Nacional de Energia El\u00e9trica (Aneel) suspendeu, em outubro de 2025, a opera\u00e7\u00e3o comercial da Usina Hidrel\u00e9trica Jacu\u00ed (UHE Jacu\u00ed), no Rio Grande do Sul, ap\u00f3s constatar que o empreendimento permaneceu mais de 12 meses sem gerar energia. A paralisa\u00e7\u00e3o foi consequ\u00eancia direta das enchentes hist\u00f3ricas que atingiram o estado em maio de 2024 [&hellip;]<\/p>\n","protected":false},"author":9,"featured_media":33243,"comment_status":"closed","ping_status":"closed","sticky":false,"template":"","format":"standard","meta":{"jnews-multi-image_gallery":[],"jnews_single_post":{"format":"standard"},"jnews_primary_category":[],"jnews_social_meta":[],"jnews_override_counter":[],"jnews_post_split":[],"footnotes":""},"categories":[1],"tags":[],"class_list":["post-33240","post","type-post","status-publish","format-standard","has-post-thumbnail","hentry","category-geral"],"_referencia":"","_links":{"self":[{"href":"https:\/\/diariodocomercio.com.br\/mix\/wp-json\/wp\/v2\/posts\/33240","targetHints":{"allow":["GET"]}}],"collection":[{"href":"https:\/\/diariodocomercio.com.br\/mix\/wp-json\/wp\/v2\/posts"}],"about":[{"href":"https:\/\/diariodocomercio.com.br\/mix\/wp-json\/wp\/v2\/types\/post"}],"author":[{"embeddable":true,"href":"https:\/\/diariodocomercio.com.br\/mix\/wp-json\/wp\/v2\/users\/9"}],"replies":[{"embeddable":true,"href":"https:\/\/diariodocomercio.com.br\/mix\/wp-json\/wp\/v2\/comments?post=33240"}],"version-history":[{"count":1,"href":"https:\/\/diariodocomercio.com.br\/mix\/wp-json\/wp\/v2\/posts\/33240\/revisions"}],"predecessor-version":[{"id":33244,"href":"https:\/\/diariodocomercio.com.br\/mix\/wp-json\/wp\/v2\/posts\/33240\/revisions\/33244"}],"wp:featuredmedia":[{"embeddable":true,"href":"https:\/\/diariodocomercio.com.br\/mix\/wp-json\/wp\/v2\/media\/33243"}],"wp:attachment":[{"href":"https:\/\/diariodocomercio.com.br\/mix\/wp-json\/wp\/v2\/media?parent=33240"}],"wp:term":[{"taxonomy":"category","embeddable":true,"href":"https:\/\/diariodocomercio.com.br\/mix\/wp-json\/wp\/v2\/categories?post=33240"},{"taxonomy":"post_tag","embeddable":true,"href":"https:\/\/diariodocomercio.com.br\/mix\/wp-json\/wp\/v2\/tags?post=33240"}],"curies":[{"name":"wp","href":"https:\/\/api.w.org\/{rel}","templated":true}]}}