{"id":33299,"date":"2026-01-26T15:19:16","date_gmt":"2026-01-26T18:19:16","guid":{"rendered":"https:\/\/diariodocomercio.com.br\/mix\/?p=33299"},"modified":"2026-01-26T15:19:18","modified_gmt":"2026-01-26T18:19:18","slug":"praia-de-luxo-no-brasil-fica-contaminada-e-banhistas-estao-pegando-virose","status":"publish","type":"post","link":"https:\/\/diariodocomercio.com.br\/mix\/praia-de-luxo-no-brasil-fica-contaminada-e-banhistas-estao-pegando-virose\/","title":{"rendered":"Praia de luxo no Brasil fica contaminada e banhistas est\u00e3o pegando virose"},"content":{"rendered":"\n<p>A praia de&nbsp;<strong>Canajur\u00ea<\/strong>, uma das \u00e1reas mais valorizadas e discretas de Florian\u00f3polis, foi classificada como&nbsp;<strong>impr\u00f3pria para banho<\/strong>&nbsp;ap\u00f3s nova an\u00e1lise da qualidade da \u00e1gua realizada pelo Instituto do Meio Ambiente de Santa Catarina (IMA-SC). O alerta foi divulgado na \u00faltima sexta-feira (23) e ocorre em meio a relatos de&nbsp;<strong>virose e infec\u00e7\u00f5es gastrointestinais<\/strong>&nbsp;entre banhistas que frequentaram a regi\u00e3o nas \u00faltimas semanas.<\/p>\n\n\n\n<p>Localizada entre&nbsp;<strong>Jurer\u00ea e Canasvieiras<\/strong>, Canajur\u00ea \u00e9 conhecida por \u00e1guas calmas, visual paradis\u00edaco e baixo fluxo de turistas \u2014 caracter\u00edsticas que refor\u00e7aram a surpresa diante do resultado negativo. A \u00faltima vez que a praia havia recebido restri\u00e7\u00e3o semelhante foi h\u00e1 cerca de&nbsp;<strong>sete meses<\/strong>, em junho de 2025.<\/p>\n\n\n\n<p>O ponto considerado inadequado para banho \u00e9 o&nbsp;<strong>ponto 68<\/strong>, monitorado em frente \u00e0&nbsp;<strong>Servid\u00e3o Valdemar Medeiros<\/strong>. Ele passou a integrar o terceiro relat\u00f3rio de balneabilidade de 2026 e o 11\u00ba da atual temporada de ver\u00e3o.<\/p>\n\n\n\n<p>Apesar de manter, no geral, um \u00edndice est\u00e1vel de praias pr\u00f3prias, Florian\u00f3polis apresentou&nbsp;<strong>rotatividade preocupante<\/strong>: enquanto quatro pontos melhoraram, outros quatro \u2014 incluindo Canajur\u00ea \u2014 pioraram na \u00faltima semana.<\/p>\n\n\n\n<p>Al\u00e9m de Canajur\u00ea, tamb\u00e9m ficaram impr\u00f3prios:<\/p>\n\n\n\n<ul class=\"wp-block-list\">\n<li><strong>Santo Ant\u00f4nio de Lisboa<\/strong>\u00a0(em frente \u00e0 Pra\u00e7a Rold\u00e3o da Rocha Pires);<\/li>\n\n\n\n<li><strong>Sambaqui<\/strong>\u00a0(em frente \u00e0 Servid\u00e3o Para\u00edso das Flores);<\/li>\n\n\n\n<li><strong>Praia da Tapera<\/strong>\u00a0(meio da praia).<\/li>\n<\/ul>\n\n\n\n<figure class=\"wp-block-image size-full\"><img decoding=\"async\" width=\"1024\" height=\"768\" src=\"https:\/\/diariodocomercio.com.br\/mix\/wp-content\/uploads\/2026\/01\/image-277.png\" alt=\"\" class=\"wp-image-33307\" srcset=\"https:\/\/diariodocomercio.com.br\/mix\/wp-content\/uploads\/2026\/01\/image-277.png 1024w, https:\/\/diariodocomercio.com.br\/mix\/wp-content\/uploads\/2026\/01\/image-277-300x225.png 300w, https:\/\/diariodocomercio.com.br\/mix\/wp-content\/uploads\/2026\/01\/image-277-768x576.png 768w, https:\/\/diariodocomercio.com.br\/mix\/wp-content\/uploads\/2026\/01\/image-277-150x113.png 150w, https:\/\/diariodocomercio.com.br\/mix\/wp-content\/uploads\/2026\/01\/image-277-750x563.png 750w\" sizes=\"(max-width: 1024px) 100vw, 1024px\" \/><figcaption class=\"wp-element-caption\">Praia Canajur\u00ea (Reprodu\u00e7\u00e3o\/Instagram)<\/figcaption><\/figure>\n\n\n\n<h2 class=\"wp-block-heading\"><strong>Qualidade da \u00e1gua piora em todo o estado<\/strong><\/h2>\n\n\n\n<p>O relat\u00f3rio mais recente do IMA-SC revelou uma&nbsp;<strong>queda acentuada na balneabilidade em Santa Catarina<\/strong>, configurando o pior resultado da temporada de ver\u00e3o 2026 at\u00e9 agora.<\/p>\n\n\n\n<p>Dos&nbsp;<strong>260 pontos monitorados<\/strong>&nbsp;em todo o estado:<\/p>\n\n\n\n<ul class=\"wp-block-list\">\n<li><strong>157 (60,38%)<\/strong>\u00a0est\u00e3o pr\u00f3prios para banho;<\/li>\n\n\n\n<li><strong>103 pontos<\/strong>\u00a0foram considerados impr\u00f3prios.<\/li>\n<\/ul>\n\n\n\n<p>Na semana anterior, o percentual de locais adequados era maior, com&nbsp;<strong>65,77%<\/strong>, indicando uma deteriora\u00e7\u00e3o significativa em curto espa\u00e7o de tempo.<\/p>\n\n\n\n<p>Em Florian\u00f3polis, embora o \u00edndice geral tenha permanecido em&nbsp;<strong>67,05% de pontos pr\u00f3prios<\/strong>, a altern\u00e2ncia entre praias adequadas e inadequadas acende um alerta para moradores e turistas.<\/p>\n\n\n\n<h2 class=\"wp-block-heading\"><strong>Contamina\u00e7\u00e3o pode causar virose e infec\u00e7\u00f5es<\/strong><\/h2>\n\n\n\n<p>O principal crit\u00e9rio usado para classificar a balneabilidade \u00e9 a presen\u00e7a da bact\u00e9ria&nbsp;<strong>Escherichia coli (E. coli)<\/strong>, associada \u00e0 contamina\u00e7\u00e3o por esgoto.<\/p>\n\n\n\n<p>De acordo com as normas do&nbsp;<strong>Conama<\/strong>, a \u00e1gua \u00e9 considerada impr\u00f3pria quando:<\/p>\n\n\n\n<ul class=\"wp-block-list\">\n<li>Mais de\u00a0<strong>20% das amostras<\/strong>\u00a0das \u00faltimas cinco semanas ultrapassam\u00a0<strong>800 unidades de E. coli por 100 ml<\/strong>, ou<\/li>\n\n\n\n<li>A amostra mais recente supera\u00a0<strong>2.000 unidades<\/strong>, indicando risco imediato.<\/li>\n<\/ul>\n\n\n\n<p>A exposi\u00e7\u00e3o \u00e0 \u00e1gua contaminada pode provocar&nbsp;<strong>virose, diarreia, v\u00f4mitos, dermatites, conjuntivite e infec\u00e7\u00f5es gastrointestinais<\/strong>, especialmente em crian\u00e7as, idosos e pessoas com imunidade baixa.<\/p>\n","protected":false},"excerpt":{"rendered":"<p>A praia de&nbsp;Canajur\u00ea, uma das \u00e1reas mais valorizadas e discretas de Florian\u00f3polis, foi classificada como&nbsp;impr\u00f3pria para banho&nbsp;ap\u00f3s nova an\u00e1lise da qualidade da \u00e1gua realizada pelo Instituto do Meio Ambiente de Santa Catarina (IMA-SC). O alerta foi divulgado na \u00faltima sexta-feira (23) e ocorre em meio a relatos de&nbsp;virose e infec\u00e7\u00f5es gastrointestinais&nbsp;entre banhistas que frequentaram a [&hellip;]<\/p>\n","protected":false},"author":9,"featured_media":33306,"comment_status":"closed","ping_status":"closed","sticky":false,"template":"","format":"standard","meta":{"jnews-multi-image_gallery":[],"jnews_single_post":{"format":"standard"},"jnews_primary_category":[],"jnews_social_meta":[],"jnews_override_counter":[],"jnews_post_split":[],"footnotes":""},"categories":[1],"tags":[],"class_list":["post-33299","post","type-post","status-publish","format-standard","has-post-thumbnail","hentry","category-geral"],"_referencia":"","_links":{"self":[{"href":"https:\/\/diariodocomercio.com.br\/mix\/wp-json\/wp\/v2\/posts\/33299","targetHints":{"allow":["GET"]}}],"collection":[{"href":"https:\/\/diariodocomercio.com.br\/mix\/wp-json\/wp\/v2\/posts"}],"about":[{"href":"https:\/\/diariodocomercio.com.br\/mix\/wp-json\/wp\/v2\/types\/post"}],"author":[{"embeddable":true,"href":"https:\/\/diariodocomercio.com.br\/mix\/wp-json\/wp\/v2\/users\/9"}],"replies":[{"embeddable":true,"href":"https:\/\/diariodocomercio.com.br\/mix\/wp-json\/wp\/v2\/comments?post=33299"}],"version-history":[{"count":1,"href":"https:\/\/diariodocomercio.com.br\/mix\/wp-json\/wp\/v2\/posts\/33299\/revisions"}],"predecessor-version":[{"id":33308,"href":"https:\/\/diariodocomercio.com.br\/mix\/wp-json\/wp\/v2\/posts\/33299\/revisions\/33308"}],"wp:featuredmedia":[{"embeddable":true,"href":"https:\/\/diariodocomercio.com.br\/mix\/wp-json\/wp\/v2\/media\/33306"}],"wp:attachment":[{"href":"https:\/\/diariodocomercio.com.br\/mix\/wp-json\/wp\/v2\/media?parent=33299"}],"wp:term":[{"taxonomy":"category","embeddable":true,"href":"https:\/\/diariodocomercio.com.br\/mix\/wp-json\/wp\/v2\/categories?post=33299"},{"taxonomy":"post_tag","embeddable":true,"href":"https:\/\/diariodocomercio.com.br\/mix\/wp-json\/wp\/v2\/tags?post=33299"}],"curies":[{"name":"wp","href":"https:\/\/api.w.org\/{rel}","templated":true}]}}