{"id":33317,"date":"2026-01-31T12:21:00","date_gmt":"2026-01-31T15:21:00","guid":{"rendered":"https:\/\/diariodocomercio.com.br\/mix\/?p=33317"},"modified":"2026-01-26T16:29:14","modified_gmt":"2026-01-26T19:29:14","slug":"placa-de-carro-desatualizada-pode-render-multa-pesada-e-4-pontos-na-carteira-de-motorista","status":"publish","type":"post","link":"https:\/\/diariodocomercio.com.br\/mix\/placa-de-carro-desatualizada-pode-render-multa-pesada-e-4-pontos-na-carteira-de-motorista\/","title":{"rendered":"Placa de carro desatualizada pode render multa pesada e 4 pontos na carteira de motorista"},"content":{"rendered":"\n<p>Motoristas brasileiros que ainda circulam com a&nbsp;<strong>placa cinza antiga<\/strong>&nbsp;precisam redobrar a aten\u00e7\u00e3o. Embora n\u00e3o exista um prazo \u00fanico que obrigue todos os ve\u00edculos a migrarem para o&nbsp;<strong>padr\u00e3o Mercosul<\/strong>, deixar de fazer a troca&nbsp;<strong>quando a lei exige<\/strong>&nbsp;pode resultar em&nbsp;<strong>multa elevada, pontos na CNH e at\u00e9 reten\u00e7\u00e3o do ve\u00edculo<\/strong>, pegando muitos condutores de surpresa.<\/p>\n\n\n\n<p>A confus\u00e3o \u00e9 comum porque a substitui\u00e7\u00e3o&nbsp;<strong>n\u00e3o \u00e9 autom\u00e1tica para todos os carros<\/strong>, mas se torna obrigat\u00f3ria em situa\u00e7\u00f5es espec\u00edficas previstas na legisla\u00e7\u00e3o de tr\u00e2nsito.<\/p>\n\n\n\n<p>O modelo de placa Mercosul passou a ser exigido no Brasil a partir de&nbsp;<strong>31 de janeiro de 2020<\/strong>, como parte da moderniza\u00e7\u00e3o do sistema de identifica\u00e7\u00e3o veicular e da integra\u00e7\u00e3o com outros pa\u00edses da Am\u00e9rica do Sul.<\/p>\n\n\n\n<p>Desde ent\u00e3o, a troca \u00e9&nbsp;<strong>obrigat\u00f3ria apenas em alguns casos<\/strong>, como:<\/p>\n\n\n\n<ul class=\"wp-block-list\">\n<li>Emplacamento de\u00a0<strong>ve\u00edculo zero quil\u00f4metro<\/strong>;<\/li>\n\n\n\n<li><strong>Transfer\u00eancia de propriedade<\/strong>;<\/li>\n\n\n\n<li><strong>Mudan\u00e7a de munic\u00edpio ou estado<\/strong>;<\/li>\n\n\n\n<li><strong>Substitui\u00e7\u00e3o de placa<\/strong>\u00a0por perda, roubo, dano ou ilegibilidade.<\/li>\n<\/ul>\n\n\n\n<p>\u00c9 justamente nesses dois \u00faltimos pontos \u2014 transfer\u00eancia e necessidade de troca da placa antiga \u2014 que muitos motoristas cometem infra\u00e7\u00f5es sem perceber.<\/p>\n\n\n\n<h2 class=\"wp-block-heading\"><strong>Multa, pontos na CNH e risco de reten\u00e7\u00e3o<\/strong><\/h2>\n\n\n\n<p>Circular com placa fora do padr\u00e3o Mercosul&nbsp;<strong>quando a troca \u00e9 exigida por lei<\/strong>&nbsp;configura infra\u00e7\u00e3o prevista no C\u00f3digo de Tr\u00e2nsito Brasileiro (CTB).<\/p>\n\n\n\n<p>Nesses casos, a penalidade \u00e9 considerada&nbsp;<strong>grav\u00edssima<\/strong>, com:<\/p>\n\n\n\n<ul class=\"wp-block-list\">\n<li><strong>Multa de R$ 293,47<\/strong>;<\/li>\n\n\n\n<li><strong>Sete pontos na Carteira Nacional de Habilita\u00e7\u00e3o (CNH)<\/strong>;<\/li>\n\n\n\n<li>Possibilidade de\u00a0<strong>reten\u00e7\u00e3o do ve\u00edculo<\/strong>\u00a0at\u00e9 a regulariza\u00e7\u00e3o.<\/li>\n<\/ul>\n\n\n\n<p>Apesar de o tema muitas vezes circular com informa\u00e7\u00f5es divergentes, o enquadramento mais comum previsto no CTB hoje \u00e9 o de&nbsp;<strong>infra\u00e7\u00e3o grav\u00edssima<\/strong>, com sete pontos \u2014 e n\u00e3o apenas quatro.<\/p>\n\n\n\n<h2 class=\"wp-block-heading\"><strong>Por que a placa Mercosul \u00e9 mais rigorosa<\/strong><\/h2>\n\n\n\n<p>O novo padr\u00e3o foi criado para tornar a fiscaliza\u00e7\u00e3o mais eficiente e combater fraudes. Entre as principais mudan\u00e7as est\u00e3o:<\/p>\n\n\n\n<ul class=\"wp-block-list\">\n<li><strong>Combina\u00e7\u00e3o diferente<\/strong>: quatro letras e tr\u00eas n\u00fameros (exemplo: BRA2A19);<\/li>\n\n\n\n<li><strong>QR Code<\/strong>, que concentra os dados do ve\u00edculo em um banco nacional;<\/li>\n\n\n\n<li><strong>Hologramas e marca d\u2019\u00e1gua<\/strong>, dificultando clonagens;<\/li>\n\n\n\n<li><strong>Fim da identifica\u00e7\u00e3o vis\u00edvel de cidade e estado<\/strong>, que agora constam apenas no sistema digital.<\/li>\n<\/ul>\n\n\n\n<p>O modelo segue padr\u00f5es adotados por pa\u00edses do Mercosul, como Argentina, Paraguai e Uruguai, e facilita o cruzamento de informa\u00e7\u00f5es em fiscaliza\u00e7\u00f5es eletr\u00f4nicas.<\/p>\n","protected":false},"excerpt":{"rendered":"<p>Motoristas brasileiros que ainda circulam com a&nbsp;placa cinza antiga&nbsp;precisam redobrar a aten\u00e7\u00e3o. Embora n\u00e3o exista um prazo \u00fanico que obrigue todos os ve\u00edculos a migrarem para o&nbsp;padr\u00e3o Mercosul, deixar de fazer a troca&nbsp;quando a lei exige&nbsp;pode resultar em&nbsp;multa elevada, pontos na CNH e at\u00e9 reten\u00e7\u00e3o do ve\u00edculo, pegando muitos condutores de surpresa. A confus\u00e3o \u00e9 [&hellip;]<\/p>\n","protected":false},"author":9,"featured_media":7493,"comment_status":"closed","ping_status":"closed","sticky":false,"template":"","format":"standard","meta":{"jnews-multi-image_gallery":[],"jnews_single_post":{"format":"standard"},"jnews_primary_category":[],"jnews_social_meta":[],"jnews_override_counter":[],"jnews_post_split":[],"footnotes":""},"categories":[1],"tags":[],"class_list":["post-33317","post","type-post","status-publish","format-standard","has-post-thumbnail","hentry","category-geral"],"_referencia":"","_links":{"self":[{"href":"https:\/\/diariodocomercio.com.br\/mix\/wp-json\/wp\/v2\/posts\/33317","targetHints":{"allow":["GET"]}}],"collection":[{"href":"https:\/\/diariodocomercio.com.br\/mix\/wp-json\/wp\/v2\/posts"}],"about":[{"href":"https:\/\/diariodocomercio.com.br\/mix\/wp-json\/wp\/v2\/types\/post"}],"author":[{"embeddable":true,"href":"https:\/\/diariodocomercio.com.br\/mix\/wp-json\/wp\/v2\/users\/9"}],"replies":[{"embeddable":true,"href":"https:\/\/diariodocomercio.com.br\/mix\/wp-json\/wp\/v2\/comments?post=33317"}],"version-history":[{"count":1,"href":"https:\/\/diariodocomercio.com.br\/mix\/wp-json\/wp\/v2\/posts\/33317\/revisions"}],"predecessor-version":[{"id":33319,"href":"https:\/\/diariodocomercio.com.br\/mix\/wp-json\/wp\/v2\/posts\/33317\/revisions\/33319"}],"wp:featuredmedia":[{"embeddable":true,"href":"https:\/\/diariodocomercio.com.br\/mix\/wp-json\/wp\/v2\/media\/7493"}],"wp:attachment":[{"href":"https:\/\/diariodocomercio.com.br\/mix\/wp-json\/wp\/v2\/media?parent=33317"}],"wp:term":[{"taxonomy":"category","embeddable":true,"href":"https:\/\/diariodocomercio.com.br\/mix\/wp-json\/wp\/v2\/categories?post=33317"},{"taxonomy":"post_tag","embeddable":true,"href":"https:\/\/diariodocomercio.com.br\/mix\/wp-json\/wp\/v2\/tags?post=33317"}],"curies":[{"name":"wp","href":"https:\/\/api.w.org\/{rel}","templated":true}]}}