{"id":33335,"date":"2026-01-31T11:37:00","date_gmt":"2026-01-31T14:37:00","guid":{"rendered":"https:\/\/diariodocomercio.com.br\/mix\/?p=33335"},"modified":"2026-01-26T18:26:04","modified_gmt":"2026-01-26T21:26:04","slug":"cientistas-descobriram-a-maior-montanha-da-historia-3-vezes-superior-ao-monte-everest","status":"publish","type":"post","link":"https:\/\/diariodocomercio.com.br\/mix\/cientistas-descobriram-a-maior-montanha-da-historia-3-vezes-superior-ao-monte-everest\/","title":{"rendered":"Cientistas descobriram a maior montanha da hist\u00f3ria, 3 vezes superior ao Monte Everest"},"content":{"rendered":"\n<p>O <strong>Monte Olimpo,<\/strong> localizado em <strong>Marte,<\/strong> \u00e9 oficialmente o maior vulc\u00e3o do Sistema Solar. Com uma altura estimada em 21 quil\u00f4metros, \u00e9 quase tr\u00eas vezes mais alto que o Monte Everest. Esse vulc\u00e3o representa um enigma geol\u00f3gico que intriga cientistas desde que foi identificado pela sonda Mariner 9 na d\u00e9cada de 1970.<\/p>\n\n\n<div class=\"wp-block-image\">\n<figure class=\"aligncenter size-full is-resized\"><img decoding=\"async\" width=\"888\" height=\"500\" src=\"https:\/\/diariodocomercio.com.br\/mix\/wp-content\/uploads\/2026\/01\/monte-olimp.avif\" alt=\"\" class=\"wp-image-33338\" style=\"aspect-ratio:1.7761267413275061;width:536px;height:auto\" srcset=\"https:\/\/diariodocomercio.com.br\/mix\/wp-content\/uploads\/2026\/01\/monte-olimp.avif 888w, https:\/\/diariodocomercio.com.br\/mix\/wp-content\/uploads\/2026\/01\/monte-olimp-300x169.avif 300w, https:\/\/diariodocomercio.com.br\/mix\/wp-content\/uploads\/2026\/01\/monte-olimp-768x432.avif 768w, https:\/\/diariodocomercio.com.br\/mix\/wp-content\/uploads\/2026\/01\/monte-olimp-150x84.avif 150w, https:\/\/diariodocomercio.com.br\/mix\/wp-content\/uploads\/2026\/01\/monte-olimp-750x422.avif 750w\" sizes=\"(max-width: 888px) 100vw, 888px\" \/><figcaption class=\"wp-element-caption\">Monte Olimpo, em Marte (Foto: NASA)<\/figcaption><\/figure>\n<\/div>\n\n\n<p>Em compara\u00e7\u00e3o com estruturas terrestres, o Monte Olimpo destaca-se por sua vasta base de cerca de 600 quil\u00f4metros. A forma\u00e7\u00e3o do vulc\u00e3o deve-se a erup\u00e7\u00f5es vulc\u00e2nicas sucessivas, em contraste com o Monte Everest, que \u00e9 resultado da colis\u00e3o de placas tect\u00f4nicas.<\/p>\n\n\n\n<h2 class=\"wp-block-heading\">Gigante de Marte<\/h2>\n\n\n\n<p>A falta de placas tect\u00f4nicas ativas em Marte permitiu que o Monte Olimpo crescesse a partir de um ponto quente. A gravidade reduzida do planeta, cerca de 38% da terrestre, facilitou que a montanha suportasse seu peso por milh\u00f5es de anos. Isso, junto com a continuidade da atividade vulc\u00e2nica, moldou as camadas que comp\u00f5em o Monte Olimpo hoje.<\/p>\n\n\n\n<p>Ao longo dos anos, sondas espaciais t\u00eam capturado imagens detalhadas do Monte, revelando caracter\u00edsticas not\u00e1veis, como sua caldeira complexa e penhascos altos. A inclina\u00e7\u00e3o suave das encostas engana quanto \u00e0 subida, que, embora menos \u00edngreme que a de montanhas na Terra, \u00e9 desafiadora devido \u00e0 atmosfera rarefeita de Marte.<\/p>\n\n\n\n<h2 class=\"wp-block-heading\">Descobertas&nbsp;<\/h2>\n\n\n\n<p>Desde sua identifica\u00e7\u00e3o, o Monte Olimpo tem sido um foco de estudos cient\u00edficos. O vulc\u00e3o fornece pistas cruciais sobre a hist\u00f3ria geol\u00f3gica de Marte e levanta a hip\u00f3tese de que o planeta j\u00e1 foi muito mais \u00famido, possivelmente rodeado por corpos d&#8217;\u00e1gua.<\/p>\n\n\n\n<p>Em 2026, a expectativa \u00e9 de que futuras miss\u00f5es tripuladas, previstas para ocorrerem em <strong>2035, <\/strong>aprofundem o entendimento sobre Marte. Investiga\u00e7\u00f5es focadas no Monte Olimpo poder\u00e3o esclarecer mais sobre a habitabilidade do planeta no passado. Validar a exist\u00eancia de grandes corpos d&#8217;\u00e1gua ao redor do vulc\u00e3o pode proporcionar insights novos e valiosos.<\/p>\n\n\n\n<h2 class=\"wp-block-heading\">Miss\u00f5es focadas no Monte Olimpo<\/h2>\n\n\n\n<p>Com o avan\u00e7o da tecnologia espacial, o interesse por lugares ic\u00f4nicos como o Monte Olimpo aumenta. Cientistas esperam que as futuras expedi\u00e7\u00f5es revelem como altera\u00e7\u00f5es clim\u00e1ticas e geol\u00f3gicas moldaram Marte.<\/p>\n\n\n\n<p>Essas miss\u00f5es, cada vez mais tang\u00edveis, prometem adicionar ao nosso conhecimento, proporcionando uma vis\u00e3o mais clara sobre o passado de Marte e ajudando a resolver enigmas antigos.&nbsp;<\/p>\n","protected":false},"excerpt":{"rendered":"<p>Eleva\u00e7\u00e3o destaca-se por sua vasta base de cerca de 600 quil\u00f4metros. <\/p>\n","protected":false},"author":12,"featured_media":22553,"comment_status":"closed","ping_status":"closed","sticky":false,"template":"","format":"standard","meta":{"jnews-multi-image_gallery":[],"jnews_single_post":{"format":"standard"},"jnews_primary_category":[],"jnews_social_meta":[],"jnews_override_counter":[],"jnews_post_split":[],"footnotes":""},"categories":[1],"tags":[],"class_list":["post-33335","post","type-post","status-publish","format-standard","has-post-thumbnail","hentry","category-geral"],"_referencia":"","_links":{"self":[{"href":"https:\/\/diariodocomercio.com.br\/mix\/wp-json\/wp\/v2\/posts\/33335","targetHints":{"allow":["GET"]}}],"collection":[{"href":"https:\/\/diariodocomercio.com.br\/mix\/wp-json\/wp\/v2\/posts"}],"about":[{"href":"https:\/\/diariodocomercio.com.br\/mix\/wp-json\/wp\/v2\/types\/post"}],"author":[{"embeddable":true,"href":"https:\/\/diariodocomercio.com.br\/mix\/wp-json\/wp\/v2\/users\/12"}],"replies":[{"embeddable":true,"href":"https:\/\/diariodocomercio.com.br\/mix\/wp-json\/wp\/v2\/comments?post=33335"}],"version-history":[{"count":1,"href":"https:\/\/diariodocomercio.com.br\/mix\/wp-json\/wp\/v2\/posts\/33335\/revisions"}],"predecessor-version":[{"id":33339,"href":"https:\/\/diariodocomercio.com.br\/mix\/wp-json\/wp\/v2\/posts\/33335\/revisions\/33339"}],"wp:featuredmedia":[{"embeddable":true,"href":"https:\/\/diariodocomercio.com.br\/mix\/wp-json\/wp\/v2\/media\/22553"}],"wp:attachment":[{"href":"https:\/\/diariodocomercio.com.br\/mix\/wp-json\/wp\/v2\/media?parent=33335"}],"wp:term":[{"taxonomy":"category","embeddable":true,"href":"https:\/\/diariodocomercio.com.br\/mix\/wp-json\/wp\/v2\/categories?post=33335"},{"taxonomy":"post_tag","embeddable":true,"href":"https:\/\/diariodocomercio.com.br\/mix\/wp-json\/wp\/v2\/tags?post=33335"}],"curies":[{"name":"wp","href":"https:\/\/api.w.org\/{rel}","templated":true}]}}