{"id":33448,"date":"2026-01-27T11:53:55","date_gmt":"2026-01-27T14:53:55","guid":{"rendered":"https:\/\/diariodocomercio.com.br\/mix\/?p=33448"},"modified":"2026-01-27T11:53:57","modified_gmt":"2026-01-27T14:53:57","slug":"2-milhoes-de-brasileiros-foram-comunicados-e-estao-fora-do-bolsa-familia-em-2026","status":"publish","type":"post","link":"https:\/\/diariodocomercio.com.br\/mix\/2-milhoes-de-brasileiros-foram-comunicados-e-estao-fora-do-bolsa-familia-em-2026\/","title":{"rendered":"2 milh\u00f5es de brasileiros foram comunicados e est\u00e3o FORA do Bolsa Fam\u00edlia em 2026"},"content":{"rendered":"\n<p>Em 2025, mais de 2 milh\u00f5es de fam\u00edlias deixaram o Bolsa Fam\u00edlia, <strong>ficando fora do programa em 2026. <\/strong>A sa\u00edda dessas fam\u00edlias foi impulsionada pelo aumento da renda, principal crit\u00e9rio de desligamento do programa.<\/p>\n\n\n\n<p>Relat\u00f3rios do Minist\u00e9rio do Desenvolvimento e Assist\u00eancia Social indicam que 1,3 milh\u00e3o dessas sa\u00eddas foram motivadas por ganhos financeiros crescentes. Al\u00e9m disso, outras 726,7 mil fam\u00edlias conclu\u00edram o per\u00edodo de prote\u00e7\u00e3o, o que permitiu a transi\u00e7\u00e3o gradual para fora do benef\u00edcio.<\/p>\n\n\n\n<p>O Bolsa Fam\u00edlia foi criado para apoiar fam\u00edlias com renda mensal per capita de at\u00e9 R$ 218. Quando a renda familiar supera esse limite, mas se mant\u00e9m abaixo de R$ 706, a fam\u00edlia pode <strong>continuar recebendo 50% do benef\u00edcio <\/strong>durante um per\u00edodo de 12 meses, o que facilita a transi\u00e7\u00e3o para a estabilidade financeira.<\/p>\n\n\n\n<h2 class=\"wp-block-heading\">Influ\u00eancia do mercado de trabalho<\/h2>\n\n\n\n<p>O aumento da renda familiar est\u00e1 estreitamente ligado \u00e0 melhora do mercado de trabalho no Brasil. Dados do Cadastro Geral de Empregados e Desempregados (Caged) mostram que 98,87% das vagas de trabalho formal geradas em 2024 foram ocupadas por pessoas registradas no Cadastro \u00danico (Cad\u00danico).&nbsp;<\/p>\n\n\n\n<p>Essa din\u00e2mica foi fundamental para que muitas fam\u00edlias abandonassem o programa, uma vez que o emprego formal favorece a autossufici\u00eancia econ\u00f4mica.<\/p>\n\n\n\n<p>O aumento do n\u00famero de microempreendedores individuais (MEIs) tamb\u00e9m contribuiu para esse movimento. Muitos benefici\u00e1rios do Bolsa Fam\u00edlia passaram a empreender, aproveitando capacita\u00e7\u00f5es e incentivos fornecidos por pol\u00edticas governamentais e parcerias privadas.<\/p>\n\n\n\n<h2 class=\"wp-block-heading\">Altera\u00e7\u00f5es nas regras do programa<\/h2>\n\n\n\n<p>Em julho de 2025, o governo implementou ajustes no Bolsa Fam\u00edlia para otimizar seu funcionamento. As mudan\u00e7as reduziram o per\u00edodo de perman\u00eancia na regra de prote\u00e7\u00e3o de 24 para 12 meses, al\u00e9m de redefinir crit\u00e9rios de elegibilidade para focar nas fam\u00edlias mais necessitadas.<\/p>\n\n\n\n<p>Tais modifica\u00e7\u00f5es garantiram que os recursos chegassem a quem realmente precisasse, sem comprometer o or\u00e7amento do programa.<\/p>\n\n\n\n<p>Em 2026, <strong>o governo destinou um or\u00e7amento de R$ 158,6 bilh\u00f5es para o Bolsa Fam\u00edlia,<\/strong> levemente inferior ao ano anterior. Tal ajuste reflete o objetivo de maximizar a efici\u00eancia do programa, focando na assist\u00eancia emergencial e na transi\u00e7\u00e3o para a independ\u00eancia financeira.\u00a0<\/p>\n","protected":false},"excerpt":{"rendered":"<p>O Bolsa Fam\u00edlia foi criado para apoiar fam\u00edlias com renda mensal per capita de at\u00e9 R$ 218.<\/p>\n","protected":false},"author":12,"featured_media":10543,"comment_status":"closed","ping_status":"closed","sticky":false,"template":"","format":"standard","meta":{"jnews-multi-image_gallery":[],"jnews_single_post":{"format":"standard"},"jnews_primary_category":[],"jnews_social_meta":[],"jnews_override_counter":[],"jnews_post_split":[],"footnotes":""},"categories":[1],"tags":[],"class_list":["post-33448","post","type-post","status-publish","format-standard","has-post-thumbnail","hentry","category-geral"],"_referencia":"","_links":{"self":[{"href":"https:\/\/diariodocomercio.com.br\/mix\/wp-json\/wp\/v2\/posts\/33448","targetHints":{"allow":["GET"]}}],"collection":[{"href":"https:\/\/diariodocomercio.com.br\/mix\/wp-json\/wp\/v2\/posts"}],"about":[{"href":"https:\/\/diariodocomercio.com.br\/mix\/wp-json\/wp\/v2\/types\/post"}],"author":[{"embeddable":true,"href":"https:\/\/diariodocomercio.com.br\/mix\/wp-json\/wp\/v2\/users\/12"}],"replies":[{"embeddable":true,"href":"https:\/\/diariodocomercio.com.br\/mix\/wp-json\/wp\/v2\/comments?post=33448"}],"version-history":[{"count":1,"href":"https:\/\/diariodocomercio.com.br\/mix\/wp-json\/wp\/v2\/posts\/33448\/revisions"}],"predecessor-version":[{"id":33449,"href":"https:\/\/diariodocomercio.com.br\/mix\/wp-json\/wp\/v2\/posts\/33448\/revisions\/33449"}],"wp:featuredmedia":[{"embeddable":true,"href":"https:\/\/diariodocomercio.com.br\/mix\/wp-json\/wp\/v2\/media\/10543"}],"wp:attachment":[{"href":"https:\/\/diariodocomercio.com.br\/mix\/wp-json\/wp\/v2\/media?parent=33448"}],"wp:term":[{"taxonomy":"category","embeddable":true,"href":"https:\/\/diariodocomercio.com.br\/mix\/wp-json\/wp\/v2\/categories?post=33448"},{"taxonomy":"post_tag","embeddable":true,"href":"https:\/\/diariodocomercio.com.br\/mix\/wp-json\/wp\/v2\/tags?post=33448"}],"curies":[{"name":"wp","href":"https:\/\/api.w.org\/{rel}","templated":true}]}}