{"id":33466,"date":"2026-01-27T14:13:34","date_gmt":"2026-01-27T17:13:34","guid":{"rendered":"https:\/\/diariodocomercio.com.br\/mix\/?p=33466"},"modified":"2026-01-27T14:14:26","modified_gmt":"2026-01-27T17:14:26","slug":"primeira-rede-social-100-brasileira-ja-possui-4-milhoes-de-usuarios-e-promete-ser-a-maior-do-pais","status":"publish","type":"post","link":"https:\/\/diariodocomercio.com.br\/mix\/primeira-rede-social-100-brasileira-ja-possui-4-milhoes-de-usuarios-e-promete-ser-a-maior-do-pais\/","title":{"rendered":"Primeira rede social 100% brasileira j\u00e1 possui 4 milh\u00f5es de usu\u00e1rios e promete ser a maior do pa\u00eds"},"content":{"rendered":"\n<p>A&nbsp;<strong>Poosting<\/strong>, considerada a primeira rede social brasileira de grande porte, j\u00e1 alcan\u00e7ou a marca de&nbsp;<strong>4 milh\u00f5es de usu\u00e1rios ativos<\/strong>&nbsp;no Brasil e no exterior e come\u00e7a a chamar a aten\u00e7\u00e3o do mercado de tecnologia e de investidores. Criada em&nbsp;<strong>Fortaleza (CE)<\/strong>, a plataforma atingiu um&nbsp;<strong>valuation estimado em at\u00e9 R$ 100 milh\u00f5es<\/strong>&nbsp;em rodadas de negocia\u00e7\u00e3o com fundos de investimento.<\/p>\n\n\n\n<p>Segundo o fundador e CEO&nbsp;<strong>Afonso Alc\u00e2ntara<\/strong>, a empresa ainda analisa com cautela o melhor modelo para capta\u00e7\u00e3o de recursos. O objetivo \u00e9 fortalecer a infraestrutura e ampliar as a\u00e7\u00f5es de marketing, mantendo uma estrat\u00e9gia de crescimento sustent\u00e1vel.<\/p>\n\n\n\n<p>Na contram\u00e3o de muitas startups de tecnologia, a Poosting opera com uma&nbsp;<strong>estrutura extremamente enxuta<\/strong>, evitando a queima acelerada de capital comum em empresas em fase de expans\u00e3o.<\/p>\n\n\n\n<blockquote class=\"wp-block-quote is-layout-flow wp-block-quote-is-layout-flow\">\n<p>\u201cSou inspirado pela forma como o CEO do Telegram, Pavel Durov, conduz um neg\u00f3cio bilion\u00e1rio. Optamos por crescer de maneira enxuta e sustent\u00e1vel, mostrando que \u00e9 poss\u00edvel escalar sem gastar de forma irrespons\u00e1vel\u201d, afirma Alc\u00e2ntara para o Di\u00e1rio do Nordeste.<\/p>\n<\/blockquote>\n\n\n\n<p>Essa postura tem sido vista como um diferencial em um mercado marcado por investimentos agressivos e altos custos operacionais.<\/p>\n\n\n\n<figure class=\"wp-block-image size-full\"><img decoding=\"async\" width=\"948\" height=\"632\" src=\"https:\/\/diariodocomercio.com.br\/mix\/wp-content\/uploads\/2026\/01\/image-291.png\" alt=\"\" class=\"wp-image-33468\" srcset=\"https:\/\/diariodocomercio.com.br\/mix\/wp-content\/uploads\/2026\/01\/image-291.png 948w, https:\/\/diariodocomercio.com.br\/mix\/wp-content\/uploads\/2026\/01\/image-291-300x200.png 300w, https:\/\/diariodocomercio.com.br\/mix\/wp-content\/uploads\/2026\/01\/image-291-768x512.png 768w, https:\/\/diariodocomercio.com.br\/mix\/wp-content\/uploads\/2026\/01\/image-291-150x100.png 150w, https:\/\/diariodocomercio.com.br\/mix\/wp-content\/uploads\/2026\/01\/image-291-750x500.png 750w\" sizes=\"(max-width: 948px) 100vw, 948px\" \/><figcaption class=\"wp-element-caption\">(Reprodu\u00e7\u00e3o\/Poosting)<\/figcaption><\/figure>\n\n\n\n<h2 class=\"wp-block-heading\"><strong>Expans\u00e3o r\u00e1pida e alcance internacional<\/strong><\/h2>\n\n\n\n<p>Lan\u00e7ada h\u00e1 cerca de um ano, a Poosting j\u00e1 conquistou milh\u00f5es de usu\u00e1rios. Os maiores polos de crescimento est\u00e3o em&nbsp;<strong>S\u00e3o Paulo, Rio de Janeiro e Cear\u00e1<\/strong>, mas a rede tamb\u00e9m vem registrando ades\u00e3o org\u00e2nica fora do pa\u00eds, com perfis ativos na&nbsp;<strong>\u00cdndia<\/strong>&nbsp;e nos&nbsp;<strong>Estados Unidos<\/strong>.<\/p>\n\n\n\n<p>O crescimento r\u00e1pido refor\u00e7a a ambi\u00e7\u00e3o da plataforma de se consolidar como a&nbsp;<strong>maior rede social brasileira<\/strong>, competindo com gigantes globais.<\/p>\n\n\n\n<h2 class=\"wp-block-heading\"><strong>Uma rede social sem algoritmos<\/strong><\/h2>\n\n\n\n<p>O grande diferencial da Poosting est\u00e1 no seu funcionamento. A plataforma aposta em um&nbsp;<strong>feed 100% cronol\u00f3gico<\/strong>, sem algoritmos de recomenda\u00e7\u00e3o ou curadoria automatizada. Isso significa que todas as publica\u00e7\u00f5es aparecem em ordem de postagem, com&nbsp;<strong>igual potencial de alcance<\/strong>.<\/p>\n\n\n\n<p>A proposta \u00e9 resgatar uma experi\u00eancia mais transparente e pr\u00f3xima das antigas redes sociais, como o&nbsp;<strong>Orkut<\/strong>, combinada com a agilidade de postagens curtas no estilo do&nbsp;<strong>X (antigo Twitter)<\/strong>.<\/p>\n\n\n\n<h3 class=\"wp-block-heading\"><strong>Principais recursos da Poosting<\/strong><\/h3>\n\n\n\n<p>Entre as funcionalidades oferecidas pela rede social, destacam-se:<\/p>\n\n\n\n<ul class=\"wp-block-list\">\n<li>Feed cronol\u00f3gico com textos, fotos, v\u00eddeos, enquetes e posts tempor\u00e1rios;<\/li>\n\n\n\n<li>Comunidades e f\u00f3runs tem\u00e1ticos com sistema de votos;<\/li>\n\n\n\n<li>Perfis personaliz\u00e1veis, com m\u00fasica, v\u00eddeo favorito, status de humor e scraps;<\/li>\n\n\n\n<li>Curtidas, coment\u00e1rios, reposts, dislikes (\u201cLixeira\u201d) e chat privado;<\/li>\n\n\n\n<li>Moeda virtual\u00a0<strong>Postcoin<\/strong>, que permite apoiar criadores e realizar saques em reais;<\/li>\n\n\n\n<li>Rankings mensais de engajamento e popularidade;<\/li>\n\n\n\n<li>Frames (formato similar aos Stories), Postmatch (ferramenta de paquera) e jogos;<\/li>\n\n\n\n<li><strong>Post Life<\/strong>, um ambiente virtual 3D para intera\u00e7\u00e3o;<\/li>\n\n\n\n<li><strong>Poosting Ads<\/strong>, sistema de an\u00fancios pagos.<\/li>\n<\/ul>\n\n\n\n<p>Com tecnologia pr\u00f3pria e foco na intera\u00e7\u00e3o direta entre usu\u00e1rios, a Poosting se apresenta como uma alternativa \u00e0s redes dominadas por algoritmos. A ideia \u00e9 estimular conversas mais reais, fortalecer comunidades e criar um ambiente digital com&nbsp;<strong>identidade brasileira<\/strong>.<\/p>\n","protected":false},"excerpt":{"rendered":"<p>A&nbsp;Poosting, considerada a primeira rede social brasileira de grande porte, j\u00e1 alcan\u00e7ou a marca de&nbsp;4 milh\u00f5es de usu\u00e1rios ativos&nbsp;no Brasil e no exterior e come\u00e7a a chamar a aten\u00e7\u00e3o do mercado de tecnologia e de investidores. Criada em&nbsp;Fortaleza (CE), a plataforma atingiu um&nbsp;valuation estimado em at\u00e9 R$ 100 milh\u00f5es&nbsp;em rodadas de negocia\u00e7\u00e3o com fundos de [&hellip;]<\/p>\n","protected":false},"author":9,"featured_media":12835,"comment_status":"closed","ping_status":"closed","sticky":false,"template":"","format":"standard","meta":{"jnews-multi-image_gallery":[],"jnews_single_post":{"format":"standard"},"jnews_primary_category":[],"jnews_social_meta":[],"jnews_override_counter":[],"jnews_post_split":[],"footnotes":""},"categories":[1],"tags":[],"class_list":["post-33466","post","type-post","status-publish","format-standard","has-post-thumbnail","hentry","category-geral"],"_referencia":"","_links":{"self":[{"href":"https:\/\/diariodocomercio.com.br\/mix\/wp-json\/wp\/v2\/posts\/33466","targetHints":{"allow":["GET"]}}],"collection":[{"href":"https:\/\/diariodocomercio.com.br\/mix\/wp-json\/wp\/v2\/posts"}],"about":[{"href":"https:\/\/diariodocomercio.com.br\/mix\/wp-json\/wp\/v2\/types\/post"}],"author":[{"embeddable":true,"href":"https:\/\/diariodocomercio.com.br\/mix\/wp-json\/wp\/v2\/users\/9"}],"replies":[{"embeddable":true,"href":"https:\/\/diariodocomercio.com.br\/mix\/wp-json\/wp\/v2\/comments?post=33466"}],"version-history":[{"count":3,"href":"https:\/\/diariodocomercio.com.br\/mix\/wp-json\/wp\/v2\/posts\/33466\/revisions"}],"predecessor-version":[{"id":33472,"href":"https:\/\/diariodocomercio.com.br\/mix\/wp-json\/wp\/v2\/posts\/33466\/revisions\/33472"}],"wp:featuredmedia":[{"embeddable":true,"href":"https:\/\/diariodocomercio.com.br\/mix\/wp-json\/wp\/v2\/media\/12835"}],"wp:attachment":[{"href":"https:\/\/diariodocomercio.com.br\/mix\/wp-json\/wp\/v2\/media?parent=33466"}],"wp:term":[{"taxonomy":"category","embeddable":true,"href":"https:\/\/diariodocomercio.com.br\/mix\/wp-json\/wp\/v2\/categories?post=33466"},{"taxonomy":"post_tag","embeddable":true,"href":"https:\/\/diariodocomercio.com.br\/mix\/wp-json\/wp\/v2\/tags?post=33466"}],"curies":[{"name":"wp","href":"https:\/\/api.w.org\/{rel}","templated":true}]}}