{"id":33509,"date":"2026-01-27T16:35:55","date_gmt":"2026-01-27T19:35:55","guid":{"rendered":"https:\/\/diariodocomercio.com.br\/mix\/?p=33509"},"modified":"2026-01-27T16:35:58","modified_gmt":"2026-01-27T19:35:58","slug":"rio-de-janeiro-vai-ganhar-parque-de-diversoes-gigante-para-competir-com-o-beto-carrero","status":"publish","type":"post","link":"https:\/\/diariodocomercio.com.br\/mix\/rio-de-janeiro-vai-ganhar-parque-de-diversoes-gigante-para-competir-com-o-beto-carrero\/","title":{"rendered":"Rio de Janeiro vai ganhar parque de divers\u00f5es gigante para competir com o Beto Carrero"},"content":{"rendered":"\n<p>O Rio de Janeiro vai entrar de vez no circuito dos grandes parques tem\u00e1ticos do Brasil. A cidade receber\u00e1, a partir do dia\u00a0<strong>30 de janeiro<\/strong>, o\u00a0<strong><a href=\"https:\/\/clubinhodeofertas.com.br\/rio-de-janeiro\/magic-world-experience-3792\" target=\"_blank\" rel=\"noopener\">Magic World Experience<\/a><\/strong>, um parque de divers\u00f5es de grande porte que promete competir em popularidade com atra\u00e7\u00f5es consagradas como o Beto Carrero World, em Santa Catarina.<\/p>\n\n\n\n<p>Instalado na\u00a0<strong>Zona Oeste<\/strong>, no bairro de\u00a0<strong>Campo Grande<\/strong>, o parque ocupar\u00e1 uma \u00e1rea de aproximadamente\u00a0<strong>10 mil metros quadrados<\/strong>, na Estrada do Cabu\u00e7u, n\u00ba 1.654, ao lado do\u00a0<strong>Prezunic Campo Grande<\/strong>. A expectativa da organiza\u00e7\u00e3o \u00e9 receber cerca de\u00a0<strong>100 mil visitantes ao longo da temporada<\/strong>.<\/p>\n\n\n\n<p>Com proposta inspirada em \u00edcones internacionais como a Disney \u2014 mas com&nbsp;<strong>produ\u00e7\u00e3o 100% nacional<\/strong>&nbsp;\u2014, o Magic World Experience aposta em um conceito de \u201cmundo m\u00e1gico\u201d, reunindo&nbsp;<strong>brinquedos, espet\u00e1culos, personagens, oficinas criativas e experi\u00eancias sensoriais<\/strong>&nbsp;para crian\u00e7as e adultos.<\/p>\n\n\n\n<p>O grande destaque do parque ser\u00e1 um&nbsp;<strong>castelo cenogr\u00e1fico gigante<\/strong>, que funciona como o cora\u00e7\u00e3o da atra\u00e7\u00e3o. Totalmente iluminado e equipado com&nbsp;<strong>proje\u00e7\u00f5es mapeadas, efeitos especiais e trilha sonora original<\/strong>, o castelo se transforma \u00e0 noite em palco de shows e apresenta\u00e7\u00f5es teatrais.<\/p>\n\n\n\n<p>Diariamente, o p\u00fablico poder\u00e1 assistir a um&nbsp;<strong>show de fogos de artif\u00edcio sincronizados com m\u00fasica<\/strong>, desenvolvido com foco em seguran\u00e7a e inclus\u00e3o, prometendo emocionar fam\u00edlias inteiras.<\/p>\n\n\n\n<h2 class=\"wp-block-heading\"><strong>Brinquedos, personagens e espet\u00e1culos ao vivo<\/strong><\/h2>\n\n\n\n<p>O parque contar\u00e1 com uma ampla variedade de atra\u00e7\u00f5es, como:<\/p>\n\n\n\n<ul class=\"wp-block-list\">\n<li>Roda-gigante<\/li>\n\n\n\n<li>Barco Viking<\/li>\n\n\n\n<li>Auto pista<\/li>\n\n\n\n<li>Trenzinhos<\/li>\n\n\n\n<li>Cama el\u00e1stica<\/li>\n\n\n\n<li>\u00c1rea de games<\/li>\n\n\n\n<li>Oficinas criativas e educativas<\/li>\n<\/ul>\n\n\n\n<p>Ao longo do espa\u00e7o, personagens,&nbsp;<strong>rob\u00f4s gigantes e animatr\u00f4nicos<\/strong>&nbsp;interagem com o p\u00fablico, al\u00e9m de apresenta\u00e7\u00f5es ao vivo inspiradas no imagin\u00e1rio infantil.<\/p>\n\n\n\n<p>Entre os espet\u00e1culos anunciados est\u00e3o montagens baseadas em grandes sucessos, como:<\/p>\n\n\n\n<ul class=\"wp-block-list\">\n<li><em>Frozen<\/em><\/li>\n\n\n\n<li><em>A Bela e a Fera<\/em><\/li>\n\n\n\n<li><em>O Rei Le\u00e3o<\/em><\/li>\n\n\n\n<li><em>Toy Story<\/em><\/li>\n\n\n\n<li><em>Transformers<\/em><\/li>\n\n\n\n<li><em>Meu Malvado Favorito<\/em><\/li>\n<\/ul>\n\n\n\n<h2 class=\"wp-block-heading\"><strong>Estrutura completa para toda a fam\u00edlia<\/strong><\/h2>\n\n\n\n<p>Al\u00e9m das atra\u00e7\u00f5es, o Magic World Experience ter\u00e1&nbsp;<strong>vila gastron\u00f4mica, pra\u00e7a de alimenta\u00e7\u00e3o, bar, \u00e1reas de conviv\u00eancia e loja de souvenires<\/strong>&nbsp;com produtos tem\u00e1ticos. O parque funcionar\u00e1 em&nbsp;<strong>novo hor\u00e1rio, das 16h \u00e0s 22h30<\/strong>, refor\u00e7ando a proposta de entretenimento noturno com ilumina\u00e7\u00e3o c\u00eanica e shows especiais.<\/p>\n\n\n\n<p>Um atrativo extra para as fam\u00edlias:&nbsp;<strong>crian\u00e7as de at\u00e9 6 anos fantasiadas n\u00e3o pagam ingresso<\/strong>, incentivando a imers\u00e3o total na experi\u00eancia.<\/p>\n","protected":false},"excerpt":{"rendered":"<p>O Rio de Janeiro vai entrar de vez no circuito dos grandes parques tem\u00e1ticos do Brasil. A cidade receber\u00e1, a partir do dia\u00a030 de janeiro, o\u00a0Magic World Experience, um parque de divers\u00f5es de grande porte que promete competir em popularidade com atra\u00e7\u00f5es consagradas como o Beto Carrero World, em Santa Catarina. Instalado na\u00a0Zona Oeste, no [&hellip;]<\/p>\n","protected":false},"author":9,"featured_media":33512,"comment_status":"closed","ping_status":"closed","sticky":false,"template":"","format":"standard","meta":{"jnews-multi-image_gallery":[],"jnews_single_post":{"format":"standard"},"jnews_primary_category":[],"jnews_social_meta":[],"jnews_override_counter":[],"jnews_post_split":[],"footnotes":""},"categories":[1],"tags":[],"class_list":["post-33509","post","type-post","status-publish","format-standard","has-post-thumbnail","hentry","category-geral"],"_referencia":"","_links":{"self":[{"href":"https:\/\/diariodocomercio.com.br\/mix\/wp-json\/wp\/v2\/posts\/33509","targetHints":{"allow":["GET"]}}],"collection":[{"href":"https:\/\/diariodocomercio.com.br\/mix\/wp-json\/wp\/v2\/posts"}],"about":[{"href":"https:\/\/diariodocomercio.com.br\/mix\/wp-json\/wp\/v2\/types\/post"}],"author":[{"embeddable":true,"href":"https:\/\/diariodocomercio.com.br\/mix\/wp-json\/wp\/v2\/users\/9"}],"replies":[{"embeddable":true,"href":"https:\/\/diariodocomercio.com.br\/mix\/wp-json\/wp\/v2\/comments?post=33509"}],"version-history":[{"count":1,"href":"https:\/\/diariodocomercio.com.br\/mix\/wp-json\/wp\/v2\/posts\/33509\/revisions"}],"predecessor-version":[{"id":33514,"href":"https:\/\/diariodocomercio.com.br\/mix\/wp-json\/wp\/v2\/posts\/33509\/revisions\/33514"}],"wp:featuredmedia":[{"embeddable":true,"href":"https:\/\/diariodocomercio.com.br\/mix\/wp-json\/wp\/v2\/media\/33512"}],"wp:attachment":[{"href":"https:\/\/diariodocomercio.com.br\/mix\/wp-json\/wp\/v2\/media?parent=33509"}],"wp:term":[{"taxonomy":"category","embeddable":true,"href":"https:\/\/diariodocomercio.com.br\/mix\/wp-json\/wp\/v2\/categories?post=33509"},{"taxonomy":"post_tag","embeddable":true,"href":"https:\/\/diariodocomercio.com.br\/mix\/wp-json\/wp\/v2\/tags?post=33509"}],"curies":[{"name":"wp","href":"https:\/\/api.w.org\/{rel}","templated":true}]}}