{"id":33536,"date":"2026-01-27T17:51:00","date_gmt":"2026-01-27T20:51:00","guid":{"rendered":"https:\/\/diariodocomercio.com.br\/mix\/?p=33536"},"modified":"2026-01-27T17:25:09","modified_gmt":"2026-01-27T20:25:09","slug":"dj-mais-famoso-do-mundo-vira-ao-brasil-para-o-carnaval","status":"publish","type":"post","link":"https:\/\/diariodocomercio.com.br\/mix\/dj-mais-famoso-do-mundo-vira-ao-brasil-para-o-carnaval\/","title":{"rendered":"DJ mais famoso do mundo vir\u00e1 ao Brasil para o Carnaval"},"content":{"rendered":"\n<p>O DJ escoc\u00eas <strong>Calvin Harris<\/strong> far\u00e1 sua estreia em um trio el\u00e9trico no pr\u00e9-carnaval de S\u00e3o Paulo, em 8 de fevereiro. A apresenta\u00e7\u00e3o ocorrer\u00e1 no circuito da Consola\u00e7\u00e3o, no centro da cidade, a partir das 11h.<\/p>\n\n\n\n<p>O evento, parte do <strong>Bloco Skol, <\/strong>contar\u00e1 com apresenta\u00e7\u00f5es de artistas nacionais, como Xand Avi\u00e3o, Z\u00e9 Vaqueiro, Nattan e Felipe Amorim. A apresenta\u00e7\u00e3o faz parte da programa\u00e7\u00e3o oficial do carnaval de rua da cidade, cuja entrada ser\u00e1 gratuita.<\/p>\n\n\n<div class=\"wp-block-image\">\n<figure class=\"aligncenter size-full is-resized\"><img decoding=\"async\" width=\"450\" height=\"600\" src=\"https:\/\/diariodocomercio.com.br\/mix\/wp-content\/uploads\/2026\/01\/o-dj-calvin-harris-1491577977361_v2_450x600.jpg\" alt=\"\" class=\"wp-image-33542\" style=\"width:251px;height:auto\" srcset=\"https:\/\/diariodocomercio.com.br\/mix\/wp-content\/uploads\/2026\/01\/o-dj-calvin-harris-1491577977361_v2_450x600.jpg 450w, https:\/\/diariodocomercio.com.br\/mix\/wp-content\/uploads\/2026\/01\/o-dj-calvin-harris-1491577977361_v2_450x600-225x300.jpg 225w, https:\/\/diariodocomercio.com.br\/mix\/wp-content\/uploads\/2026\/01\/o-dj-calvin-harris-1491577977361_v2_450x600-150x200.jpg 150w\" sizes=\"(max-width: 450px) 100vw, 450px\" \/><figcaption class=\"wp-element-caption\">O DJ Calvin Harris (Imagem: Divulga\u00e7\u00e3o)<\/figcaption><\/figure>\n<\/div>\n\n\n<p>A inclus\u00e3o de Calvin Harris promete agitar o evento com uma mistura de m\u00fasica eletr\u00f4nica internacional e ritmos populares brasileiros. Harris \u00e9 conhecido por hits como &#8220;Summer&#8221; e &#8220;One Kiss&#8221;, o que atrai um p\u00fablico diverso. A parceria com o Bloco Skol traz ao carnaval de S\u00e3o Paulo uma proposta inovadora, combinando suas batidas eletr\u00f4nicas com a vivacidade do trio el\u00e9trico.<\/p>\n\n\n\n<h2 class=\"wp-block-heading\">Potencial cultural<\/h2>\n\n\n\n<p>S\u00e3o Paulo \u00e9 famosa por sua diversidade musical no carnaval. A presen\u00e7a de Calvin Harris adiciona um elemento global ao evento, que j\u00e1 inclui \u00edcones nacionais do forr\u00f3 e piseiro.<\/p>\n\n\n\n<p>Xand Avi\u00e3o e Z\u00e9 Vaqueiro trazem suas respectivas influ\u00eancias, prometendo uma experi\u00eancia \u00fanica aos foli\u00f5es. Essa sinergia musical visa atrair tanto amantes da m\u00fasica eletr\u00f4nica quanto f\u00e3s dos ritmos populares.<\/p>\n\n\n\n<p>O evento, realizado no circuito da Consola\u00e7\u00e3o, atrai milhares de foli\u00f5es anualmente. O local \u00e9 conhecido por seu ambiente vibrante, potencializado pela diversidade sonora que a presen\u00e7a de Harris trar\u00e1.<\/p>\n\n\n\n<h2 class=\"wp-block-heading\">Log\u00edstica&nbsp;<\/h2>\n\n\n\n<p>Com a estreia de Calvin Harris, espera-se uma movimenta\u00e7\u00e3o expressiva no circuito da Consola\u00e7\u00e3o. Os foli\u00f5es ter\u00e3o acesso gratuito, facilitando a participa\u00e7\u00e3o de um p\u00fablico amplo.<\/p>\n\n\n\n<p>Embora a prefeitura de S\u00e3o Paulo ainda n\u00e3o tenha divulgado detalhes log\u00edsticos sobre tr\u00e2nsito e seguran\u00e7a, \u00e9 prov\u00e1vel que as informa\u00e7\u00f5es surjam em breve, garantindo a organiza\u00e7\u00e3o da festa.<\/p>\n\n\n\n<p>A integra\u00e7\u00e3o de um artista internacional como Harris ao pr\u00e9-carnaval de S\u00e3o Paulo destaca a cidade como um polo de celebra\u00e7\u00e3o multicultural. O evento ressalta n\u00e3o apenas a popularidade do DJ, mas tamb\u00e9m o prest\u00edgio do carnaval paulistano no cen\u00e1rio global.<\/p>\n","protected":false},"excerpt":{"rendered":"<p>O DJ far\u00e1 sua estreia em um trio el\u00e9trico no pr\u00e9-carnaval.<\/p>\n","protected":false},"author":12,"featured_media":33539,"comment_status":"closed","ping_status":"closed","sticky":false,"template":"","format":"standard","meta":{"jnews-multi-image_gallery":[],"jnews_single_post":{"format":"standard"},"jnews_primary_category":[],"jnews_social_meta":[],"jnews_override_counter":[],"jnews_post_split":[],"footnotes":""},"categories":[1],"tags":[],"class_list":["post-33536","post","type-post","status-publish","format-standard","has-post-thumbnail","hentry","category-geral"],"_referencia":"","_links":{"self":[{"href":"https:\/\/diariodocomercio.com.br\/mix\/wp-json\/wp\/v2\/posts\/33536","targetHints":{"allow":["GET"]}}],"collection":[{"href":"https:\/\/diariodocomercio.com.br\/mix\/wp-json\/wp\/v2\/posts"}],"about":[{"href":"https:\/\/diariodocomercio.com.br\/mix\/wp-json\/wp\/v2\/types\/post"}],"author":[{"embeddable":true,"href":"https:\/\/diariodocomercio.com.br\/mix\/wp-json\/wp\/v2\/users\/12"}],"replies":[{"embeddable":true,"href":"https:\/\/diariodocomercio.com.br\/mix\/wp-json\/wp\/v2\/comments?post=33536"}],"version-history":[{"count":2,"href":"https:\/\/diariodocomercio.com.br\/mix\/wp-json\/wp\/v2\/posts\/33536\/revisions"}],"predecessor-version":[{"id":33543,"href":"https:\/\/diariodocomercio.com.br\/mix\/wp-json\/wp\/v2\/posts\/33536\/revisions\/33543"}],"wp:featuredmedia":[{"embeddable":true,"href":"https:\/\/diariodocomercio.com.br\/mix\/wp-json\/wp\/v2\/media\/33539"}],"wp:attachment":[{"href":"https:\/\/diariodocomercio.com.br\/mix\/wp-json\/wp\/v2\/media?parent=33536"}],"wp:term":[{"taxonomy":"category","embeddable":true,"href":"https:\/\/diariodocomercio.com.br\/mix\/wp-json\/wp\/v2\/categories?post=33536"},{"taxonomy":"post_tag","embeddable":true,"href":"https:\/\/diariodocomercio.com.br\/mix\/wp-json\/wp\/v2\/tags?post=33536"}],"curies":[{"name":"wp","href":"https:\/\/api.w.org\/{rel}","templated":true}]}}