{"id":33546,"date":"2026-01-27T18:57:04","date_gmt":"2026-01-27T21:57:04","guid":{"rendered":"https:\/\/diariodocomercio.com.br\/mix\/?p=33546"},"modified":"2026-01-28T10:30:58","modified_gmt":"2026-01-28T13:30:58","slug":"disponivel-na-amazon-iphone-15-tem-queda-surreal-no-preco","status":"publish","type":"post","link":"https:\/\/diariodocomercio.com.br\/mix\/disponivel-na-amazon-iphone-15-tem-queda-surreal-no-preco\/","title":{"rendered":"Dispon\u00edvel na Amazon: iPhone 15 tem queda surreal no pre\u00e7o"},"content":{"rendered":"\n<p>Est\u00e1 precisando trocar de celular, mas estava s\u00f3 esperando o momento certo para conseguir dar uma economizada? Parece que esse momento chegou. Na \u00faltima segunda-feira (26), a Amazon come\u00e7ou uma queima de estoque do iPhone 15, o que fez os pre\u00e7os do modelo terem uma queda mais do que consider\u00e1vel.<\/p>\n\n\n\n<p>O <a href=\"https:\/\/amzn.to\/3NCeM1D\" target=\"_blank\" rel=\"noopener\">modelo iPhone 15<\/a> (128 GB), por exemplo, passou de R$ 5.999 para R$ 3.913,05, de acordo com o IG Mais &#8211; e essa queda de pre\u00e7o vale para todas as cores do aparelho, que vem em azul, preto, rosa, amarelo e verde. Lembrando que esse valor de cerca de R$ 3,9 mil \u00e9 para pagamentos \u00e0 vista no Pix. Quem quiser dividir a compra no cart\u00e3o, vai pagar R$ 4.119 ou 12x de R$ 342,25 sem juros. Mas aten\u00e7\u00e3o: a promo\u00e7\u00e3o \u00e9 por tempo limitado e pode ser encerrada a qualquer momento. Junto com o aparelho, voc\u00ea ainda vai ficar com 90 dias de Amazon Music gr\u00e1tis.<\/p>\n\n\n\n<p>Segundo o IG Mais, o iPhone 15, lan\u00e7ado pela Apple em 2023, segue como um dos modelos mais &#8220;equilibrados&#8221; da marca para quem est\u00e1 em busca de um bom desempenho, qualidade de c\u00e2mera e longevidade de software sem ter que apelar para a linha Pro.<\/p>\n\n\n\n<h2 class=\"wp-block-heading\">iPhone 15<\/h2>\n\n\n\n<p>Confira os detalhes t\u00e9cnicos do modelo:<\/p>\n\n\n\n<figure class=\"wp-block-table\"><table class=\"has-fixed-layout\"><tbody><tr><td><strong>Tela<\/strong><\/td><td>Super Retina XDR display, 6.1\u2011inch (diagonal) all\u2011screen OLED display, 2556&#215;1179-pixel resolution at 460 ppi<\/td><\/tr><tr><td><strong>Capacidade<\/strong><\/td><td>128GB, 256GB, 512GB<\/td><\/tr><tr><td><strong>Resistente a respingos, \u00e1gua e poeira<\/strong><\/td><td>Classifica\u00e7\u00e3o IP68 (profundidade m\u00e1xima de 6 metros at\u00e9 30 minutos) sob a norma IEC 60529<\/td><\/tr><tr><td><strong>C\u00e2mera<\/strong><\/td><td>Principal de 48 MP: 26 mm, abertura f\/1.6, estabiliza\u00e7\u00e3o \u00f3tica de imagem com deslocamento de sensor, 100% Pixels de foco, suporte para fotos de resolu\u00e7\u00e3o super alta (24 MP e 48 MP), 12 MP Ultra Wide: 13 mm, abertura de \u0192\/2,4 e campo de vis\u00e3o de 120\u00b0, Telefoto 2x de 12 MP (habilitada por sensor quad-pixel): 52 mm, abertura \u0192\/1.6, estabiliza\u00e7\u00e3o \u00f3tica de imagem por deslocamento de sensor, 100% Pixels de foco, Zoom \u00f3ptico de 2x, zoom \u00f3ptico de 2x; Faixa de zoom \u00f3ptico de 4x, Zoom digital de at\u00e9 10x, Tampa da lente em cristal de safira, Flash de tom verdadeiro, Motor Fot\u00f4nico, Fus\u00e3o Profunda, HDR inteligente 5<\/td><\/tr><tr><td><strong>Grava\u00e7\u00e3o de v\u00eddeo<\/strong><\/td><td>Grava\u00e7\u00e3o de v\u00eddeo 4K a 24 fps, 25 fps, 30 fps ou 60 fps, Grava\u00e7\u00e3o de v\u00eddeo HD 1080p a 25 fps, 30 fps ou 60 fps, Grava\u00e7\u00e3o de v\u00eddeo HD 720p a 30 fps, Modo cinematogr\u00e1fico at\u00e9 4K HDR a 30 fps, Modo de a\u00e7\u00e3o de at\u00e9 2,8K a 60 fps, Grava\u00e7\u00e3o de v\u00eddeo HDR com Dolby Vision at\u00e9 4K a 60 fps, Suporte para v\u00eddeo em c\u00e2mera lenta para 1080p a 120 qps ou 240 qps, V\u00eddeo time-lapse com estabiliza\u00e7\u00e3o, Modo noturno time-lapse, V\u00eddeo QuickTake<\/td><\/tr><tr><td><strong>C\u00e2mera Frontal<\/strong><\/td><td>C\u00e2mera de 12 MP, abertura f\/1.9, Foco autom\u00e1tico com pixels de foco, flash retina, Motor Fot\u00f4nico, Fus\u00e3o Profunda, HDR inteligente 5, Retratos de \u00faltima gera\u00e7\u00e3o com controle de foco e profundidade, Ilumina\u00e7\u00e3o de retrato com seis efeitos, Animoji e Memoji, Modo noturno<\/td><\/tr><tr><td><strong>Energia e bateria<\/strong><\/td><td>Reprodu\u00e7\u00e3o de v\u00eddeo: At\u00e9 20 horas, Reprodu\u00e7\u00e3o de v\u00eddeo (transmitido): At\u00e9 16 horas, Reprodu\u00e7\u00e3o de \u00e1udio: At\u00e9 80 horas<\/td><\/tr><\/tbody><\/table><\/figure>\n\n\n\n<style>@media (min-width: 992px) {\n    .recomendadorV2Area1 {\n        width: 280px;\n    }\n    .recomendadorV2Area2 {\n        padding: 0px 20px;\n        width: calc(100% - 280px);\n    }\n}\n\n@media (max-width: 992px) {\n    .recomendadorV2Button {\n        margin: 0 auto;\n    }\n    .recomendadorV2Area {\n        flex-direction: column;\n        text-align: center;\n    }\n    .recomendadorV2Area2 {\n        padding: 0px 20px;\n    }\n}\n\n.recomendadorV2Area {\n    background: #eeeeee3d;\n    border-radius: 10px;\n    padding: 15px;\n    display: flex;\n    margin: 15px auto;\n    border: 1px solid #00000014;\n    max-width: 800px;\n}\n\n.recomendadorV2Area1 img {\n    width: 280px;\n    height: auto;\n    border-radius: 8px;\n}\n\n.linkrecomendadorv2 {\n    text-decoration: none !important;\n}\n\n.recomendadorV2Area2 .recomendadorV2Type {\n    text-transform: uppercase;\n    font-weight: 500;\n    font-size: 11px;\n    letter-spacing: 2px;\n    color: #666;\n    margin: 12px 0;\n    display: block;\n}\n\n.recomendadorV2Title h2 {\n    padding-top: 0px !important;\n    margin: 0px !important;\n    border-left: none !important;\n    padding-left: 0px !important;\n    line-height: 1.3;\n    color: #000 !important;\n    font-size: 24px;\n    margin-bottom: 12px !important;\n}\n\n.recomendadorV2Desc {\n    color: #333;\n    margin: 12px 0px !important;\n    font-size: 15px;\n    line-height: 1.5;\n}\n\n.recomendadorV2Button {\n    width: auto;\n    max-width: 200px;\n    margin: 0;\n    display: inline-flex;\n    align-items: center;\n    background: #1D3557;\n    border-radius: 8px;\n    color: #fff;\n    height: 36px;\n    justify-content: center;\n    text-align: center;\n    font-size: 14px;\n    padding: 0 20px;\n    transition: background-color 0.2s ease;\n}\n\n.recomendadorV2Button:hover {\n    background: #2a4d7a;\n}\n\n.recomendadorV2Button:after {\n    margin-top: -2px;\n    content: \"\u2192\";\n    padding: 0px 0px 0px 8px;\n}\n\n.recomendadorV2Alert {\n    text-align: left;\n    font-size: 11px;\n    margin-top: 8px;\n    color: #666;\n}\n\n.recomendadorFixedArea {\n    width: 100%;\n    display: flex;\n    justify-content: center;\n    align-items: center;\n}\n\n@media (min-width: 992px) {\n    #recomendadorFixed {\n        width: 32% !important;\n        left: 5%;\n    }\n    .recomendadorCloseFixed{\n        right: inherit !important;\n        left: 378px !important;\n    }\n}\n\n#recomendadorFixed {\n    width: 90%;\n    box-shadow: 0 10px 20px 0px #00000057;\n    display: none;\n    height: 90px;\n    background: #F6F6F6;\n    position: fixed;\n    flex-direction: row;\n    bottom: 10px;\n    z-index: 9999;\n    border-radius: 16px;\n    padding: 7px 10px;\n}\n\n.recomendadorLeftArea {\n    width: 160px;\n}\n\n.recomendadorRightArea h2 {\n    padding-top: 0px;\n    margin: 2px 0px 4px 0px !important;\n    font-weight: 400;\n    text-align: center;\n    padding-left: 0px !important;\n    color: #000 !important;\n    border-left: none !important;\n    line-height: 20px;\n    font-size: 12px !important;\n}\n\n.recomendadorImgFixed {\n    overflow: hidden;\n    padding: 8px 6px;\n    height: 100%;\n}\n\n.recomendadorImgFixed img {\n    height: 100% !important;\n    border-radius: 16px;\n}\n\n.recomendadorRightArea {\n    padding-top: 6px;\n    display: flex;\n    width: calc(100% - 130px);\n    justify-content: space-between;\n    align-items: center;\n    flex-direction: column;\n}\n\n.recomendadorButtonFixed {\n    margin: 0 auto;\n    background: #1D3557;\n    width: 80%;\n    text-align: center;\n    font-size: 10px;\n    color: #FFF;\n    padding: 2px 10px;\n    border-radius: 3px;\n}\n\n.recomendadorButtonFixed:after {\n    margin-top: -3px;\n    content: \"\u2192\";\n    padding: 0px 0px 0px 10px;\n}\n\n.recomendadorAlertFixed {\n    font-weight: 400;\n    text-align: center;\n    color: #484848;\n    font-size: 8px;\n}\n\n.recomendadorCloseFixed {\n    z-index: 99999;\n    display: none;\n    right: 0px;\n    left: inherit;\n    bottom: 99px;\n    position: fixed;\n    justify-content: center;\n    background: #F6F6F6;\n    width: 25px;\n    align-items: center;\n    height: 25px;\n    font-weight: 800;\n    border-radius: 50%;\n    border: 1px solid #EBEBEB;\n}\n\n.recomendadorV2Desc{\n    color: #000000;\n    margin: 20px 0px;\n}\n\n@media (max-width: 576px) {\n    .recomendadorV2Area {\n      padding: 10px;\n      max-width: 100%;\n    }\n  \n    .recomendadorV2Area1 img {\n      width: 100%;\n      border-radius: 6px;\n    }\n  \n    .recomendadorV2Area2 .recomendadorV2Type {\n      font-size: 9px;\n      letter-spacing: 1px;\n      margin: 8px 0;\n    }\n  \n    .recomendadorV2Title h2 {\n      font-size: 18px !important;\n      margin-bottom: 8px !important;\n      line-height: 1.2;\n    }\n  \n    .recomendadorV2Desc {\n      font-size: 14px;\n      margin: 8px 0 !important;\n      line-height: 1.4;\n    }\n  \n    .recomendadorV2Button {\n      font-size: 14px;\n      height: 40px;\n      padding: 0 12px;\n      max-width: 100%;\n      width: 100%;\n    }\n  \n    .recomendadorV2Button:after {\n      padding-left: 6px;\n    }\n  }\n  <\/style>\n        <div class=\"lazyblock-recomendador-v2-2jDGz wp-block-lazyblock-recomendador-v2\">\n        <a class=\"linkrecomendadorv2\" href=\"https:\/\/diariodocomercio.com.br\/mix\/idosos-acima-de-60-anos-sao-proibidos-de-receber-vacina-contra-a-dengue\/\">\n            <div class=\"recomendadorV2Area\">\n            <div class=\"recomendadorV2Area1\">\n                <div class=\"recomendadorV2Img\">\n                <img class=\"lazyloaded\" decoding=\"async\" src=\"https:\/\/diariodocomercio.com.br\/mix\/wp-content\/uploads\/2026\/01\/idoso-vacina.jpg\" data-src=\"https:\/\/diariodocomercio.com.br\/mix\/wp-content\/uploads\/2026\/01\/idoso-vacina.jpg\" alt=\"\">\n                <\/div>\n            <\/div>\n            <div class=\"recomendadorV2Area2\">\n                <div class=\"recomendadorV2Type\">\n                    <span>SA\u00daDE<\/span>\n                <\/div>\n                <div class=\"recomendadorV2Title\">\n                <h2><span>Idosos acima de 60 anos s\u00e3o proibidos de receber vacina contra a dengue<\/span><\/h2>\n                <\/div>\n                <div class=\"recomendadorV2Desc\">\n                <span>Se os idosos est\u00e3o entre os mais afetados pela dengue, por que eles n\u00e3o est\u00e3o recebendo a vacina contra a \u2026<\/span>\n                <\/div>\n                <div class=\"recomendadorV2Button\">Leia mais<\/div>\n                <div class=\"recomendadorV2Alert\"><\/div>\n            <\/div>\n            <\/div>\n        <\/a>\n        <div>\n            <div style=\"z-index:99999;\" id=\"buttonClose\" onclick=\"closeRecomendadorFixed()\">\n            <div class=\"recomendadorCloseFixed\">X<\/div>\n            <\/div>\n            <a href=\"https:\/\/diariodocomercio.com.br\/mix\/idosos-acima-de-60-anos-sao-proibidos-de-receber-vacina-contra-a-dengue\/\">\n            <div class=\"recomendadorFixedArea\">\n                <div id=\"recomendadorFixed\">\n                <div class=\"recomendadorLeftArea\">\n                    <div class=\"recomendadorImgFixed\">\n                    <img class=\"lazyload\" decoding=\"async\" src=\"https:\/\/diariodocomercio.com.br\/mix\/wp-content\/uploads\/2026\/01\/idoso-vacina.jpg\" alt=\"\">\n                    <\/div>\n                <\/div>\n                <div class=\"recomendadorRightArea\">\n                    <div class=\"recomendadorTitleFixed\">\n                    <h2><span>Idosos acima de 60 anos s\u00e3o proibidos de receber vacina contra a dengue<\/span><\/h2>\n                    <\/div>\n                    <div class=\"recomendadorButtonFixed\">Leia mais<\/div>\n                    <div class=\"recomendadorAlertFixed\"><\/div>\n                <\/div>\n                <\/div>\n            <\/div>\n            <\/a>\n        <\/div>\n        <\/div>\n","protected":false},"excerpt":{"rendered":"<p>Est\u00e1 precisando trocar de celular, mas estava s\u00f3 esperando o momento certo para conseguir dar uma economizada? Parece que esse momento chegou. Na \u00faltima segunda-feira (26), a Amazon come\u00e7ou uma queima de estoque do iPhone 15, o que fez os pre\u00e7os do modelo terem uma queda mais do que consider\u00e1vel. O modelo iPhone 15 (128 [&hellip;]<\/p>\n","protected":false},"author":6,"featured_media":33547,"comment_status":"closed","ping_status":"closed","sticky":false,"template":"","format":"standard","meta":{"jnews-multi-image_gallery":[],"jnews_single_post":{"format":"standard"},"jnews_primary_category":[],"jnews_social_meta":[],"jnews_override_counter":[],"jnews_post_split":[],"footnotes":""},"categories":[1],"tags":[],"class_list":["post-33546","post","type-post","status-publish","format-standard","has-post-thumbnail","hentry","category-geral"],"_referencia":"","_links":{"self":[{"href":"https:\/\/diariodocomercio.com.br\/mix\/wp-json\/wp\/v2\/posts\/33546","targetHints":{"allow":["GET"]}}],"collection":[{"href":"https:\/\/diariodocomercio.com.br\/mix\/wp-json\/wp\/v2\/posts"}],"about":[{"href":"https:\/\/diariodocomercio.com.br\/mix\/wp-json\/wp\/v2\/types\/post"}],"author":[{"embeddable":true,"href":"https:\/\/diariodocomercio.com.br\/mix\/wp-json\/wp\/v2\/users\/6"}],"replies":[{"embeddable":true,"href":"https:\/\/diariodocomercio.com.br\/mix\/wp-json\/wp\/v2\/comments?post=33546"}],"version-history":[{"count":2,"href":"https:\/\/diariodocomercio.com.br\/mix\/wp-json\/wp\/v2\/posts\/33546\/revisions"}],"predecessor-version":[{"id":33605,"href":"https:\/\/diariodocomercio.com.br\/mix\/wp-json\/wp\/v2\/posts\/33546\/revisions\/33605"}],"wp:featuredmedia":[{"embeddable":true,"href":"https:\/\/diariodocomercio.com.br\/mix\/wp-json\/wp\/v2\/media\/33547"}],"wp:attachment":[{"href":"https:\/\/diariodocomercio.com.br\/mix\/wp-json\/wp\/v2\/media?parent=33546"}],"wp:term":[{"taxonomy":"category","embeddable":true,"href":"https:\/\/diariodocomercio.com.br\/mix\/wp-json\/wp\/v2\/categories?post=33546"},{"taxonomy":"post_tag","embeddable":true,"href":"https:\/\/diariodocomercio.com.br\/mix\/wp-json\/wp\/v2\/tags?post=33546"}],"curies":[{"name":"wp","href":"https:\/\/api.w.org\/{rel}","templated":true}]}}