{"id":33569,"date":"2026-01-31T07:13:00","date_gmt":"2026-01-31T10:13:00","guid":{"rendered":"https:\/\/diariodocomercio.com.br\/mix\/?p=33569"},"modified":"2026-01-27T19:52:45","modified_gmt":"2026-01-27T22:52:45","slug":"trabalhadores-vao-ganhar-2-presentes-na-virada-de-janeiro-para-fevereiro","status":"publish","type":"post","link":"https:\/\/diariodocomercio.com.br\/mix\/trabalhadores-vao-ganhar-2-presentes-na-virada-de-janeiro-para-fevereiro\/","title":{"rendered":"Trabalhadores v\u00e3o ganhar 2 presentes na virada de janeiro para fevereiro"},"content":{"rendered":"\n<p>Trabalhadores brasileiros ter\u00e3o um in\u00edcio de fevereiro de al\u00edvio com novos benef\u00edcios que ser\u00e3o efetivados no m\u00eas. Uma das medidas estabeleceu um reajuste do sal\u00e1rio m\u00ednimo para <strong>R$ 1.621<\/strong> em 2026. Essa pol\u00edtica deve injetar mais de R$ 110 bilh\u00f5es no mercado, conforme anunciado pelas autoridades econ\u00f4micas.<\/p>\n\n\n\n<p>A decis\u00e3o de valorizar o sal\u00e1rio m\u00ednimo visa estimular o poder de compra dos trabalhadores e fortalecer o consumo interno.<\/p>\n\n\n\n<p>Esse reajuste do sal\u00e1rio m\u00ednimo, junto com outras medidas econ\u00f4micas, est\u00e1 projetado para ter um impacto direto na economia do pa\u00eds. O Departamento Intersindical de Estat\u00edstica e Estudos Socioecon\u00f4micos (Dieese) estima que apenas o aumento do sal\u00e1rio m\u00ednimo injetar\u00e1 R$ 81,7 bilh\u00f5es na economia brasileira.<\/p>\n\n\n\n<p>Essa movimenta\u00e7\u00e3o financeira decorre principalmente do aumento no consumo de bens e servi\u00e7os, aquecendo o com\u00e9rcio e a ind\u00fastria locais. O fortalecimento do mercado interno \u00e9 uma estrat\u00e9gia crucial para impulsionar o crescimento econ\u00f4mico sustent\u00e1vel.<\/p>\n\n\n\n<h2 class=\"wp-block-heading\">Isen\u00e7\u00e3o do Imposto de Renda<\/h2>\n\n\n\n<p>Outra medida significativa \u00e9 a <strong>isen\u00e7\u00e3o do Imposto de Renda <\/strong>para pessoas que ganham at\u00e9 R$ 5 mil por m\u00eas, que beneficiar\u00e1 cerca de 15 milh\u00f5es de brasileiros.<\/p>\n\n\n\n<p>Desse total, 10 milh\u00f5es ficam isentos do imposto, enquanto 5 milh\u00f5es ter\u00e3o redu\u00e7\u00e3o no valor pago. A medida amplia o poder de compra, permitindo um maior fluxo de recursos na economia e ajudando a dinamizar ainda mais o mercado nacional.<\/p>\n\n\n\n<h2 class=\"wp-block-heading\">Estrat\u00e9gia de valoriza\u00e7\u00e3o a longo prazo<\/h2>\n\n\n\n<p>A pol\u00edtica de valoriza\u00e7\u00e3o do sal\u00e1rio m\u00ednimo \u00e9 parte de uma estrat\u00e9gia de longo prazo do governo para reduzir desigualdades e promover o desenvolvimento econ\u00f4mico sustent\u00e1vel.<\/p>\n\n\n\n<p>Desde 2023, a f\u00f3rmula que combina o reajuste do sal\u00e1rio ao crescimento do Produto Interno Bruto (PIB) e \u00e0 infla\u00e7\u00e3o tem garantido ganhos reais acima da infla\u00e7\u00e3o acumulada. Essa pol\u00edtica n\u00e3o s\u00f3 estabiliza a economia, mas tamb\u00e9m melhora as condi\u00e7\u00f5es de vida da popula\u00e7\u00e3o trabalhadora em todo o pa\u00eds.<\/p>\n","protected":false},"excerpt":{"rendered":"<p>Trabalhadores brasileiros ter\u00e3o um in\u00edcio de fevereiro de al\u00edvio com novos benef\u00edcios.<\/p>\n","protected":false},"author":12,"featured_media":30459,"comment_status":"closed","ping_status":"closed","sticky":false,"template":"","format":"standard","meta":{"jnews-multi-image_gallery":[],"jnews_single_post":{"format":"standard"},"jnews_primary_category":[],"jnews_social_meta":[],"jnews_override_counter":[],"jnews_post_split":[],"footnotes":""},"categories":[1],"tags":[],"class_list":["post-33569","post","type-post","status-publish","format-standard","has-post-thumbnail","hentry","category-geral"],"_referencia":"","_links":{"self":[{"href":"https:\/\/diariodocomercio.com.br\/mix\/wp-json\/wp\/v2\/posts\/33569","targetHints":{"allow":["GET"]}}],"collection":[{"href":"https:\/\/diariodocomercio.com.br\/mix\/wp-json\/wp\/v2\/posts"}],"about":[{"href":"https:\/\/diariodocomercio.com.br\/mix\/wp-json\/wp\/v2\/types\/post"}],"author":[{"embeddable":true,"href":"https:\/\/diariodocomercio.com.br\/mix\/wp-json\/wp\/v2\/users\/12"}],"replies":[{"embeddable":true,"href":"https:\/\/diariodocomercio.com.br\/mix\/wp-json\/wp\/v2\/comments?post=33569"}],"version-history":[{"count":1,"href":"https:\/\/diariodocomercio.com.br\/mix\/wp-json\/wp\/v2\/posts\/33569\/revisions"}],"predecessor-version":[{"id":33570,"href":"https:\/\/diariodocomercio.com.br\/mix\/wp-json\/wp\/v2\/posts\/33569\/revisions\/33570"}],"wp:featuredmedia":[{"embeddable":true,"href":"https:\/\/diariodocomercio.com.br\/mix\/wp-json\/wp\/v2\/media\/30459"}],"wp:attachment":[{"href":"https:\/\/diariodocomercio.com.br\/mix\/wp-json\/wp\/v2\/media?parent=33569"}],"wp:term":[{"taxonomy":"category","embeddable":true,"href":"https:\/\/diariodocomercio.com.br\/mix\/wp-json\/wp\/v2\/categories?post=33569"},{"taxonomy":"post_tag","embeddable":true,"href":"https:\/\/diariodocomercio.com.br\/mix\/wp-json\/wp\/v2\/tags?post=33569"}],"curies":[{"name":"wp","href":"https:\/\/api.w.org\/{rel}","templated":true}]}}