{"id":33611,"date":"2026-01-28T10:53:38","date_gmt":"2026-01-28T13:53:38","guid":{"rendered":"https:\/\/diariodocomercio.com.br\/mix\/?p=33611"},"modified":"2026-01-28T18:16:46","modified_gmt":"2026-01-28T21:16:46","slug":"brasileiros-cadastrados-no-mei-acabam-de-receber-presente-do-governo-federal","status":"publish","type":"post","link":"https:\/\/diariodocomercio.com.br\/mix\/brasileiros-cadastrados-no-mei-acabam-de-receber-presente-do-governo-federal\/","title":{"rendered":"Brasileiros cadastrados no MEI acabam de receber presente do Governo Federal"},"content":{"rendered":"\n<p>Empreender no Brasil exige jogo de cintura, organiza\u00e7\u00e3o e acesso r\u00e1pido \u00e0 informa\u00e7\u00e3o. Pensando nisso, o Governo Federal lan\u00e7ou o&nbsp;<strong>Meu MEI Digital<\/strong>, um aplicativo gratuito que promete simplificar a rotina dos microempreendedores individuais. A nova ferramenta re\u00fane, em um \u00fanico ambiente, todos os principais servi\u00e7os do Portal do Empreendedor e passa a funcionar como um verdadeiro \u201cguia digital\u201d para quem atua como MEI.<\/p>\n\n\n\n<p>Desenvolvido pelo&nbsp;<strong>Minist\u00e9rio do Empreendedorismo, da Microempresa e da Empresa de Pequeno Porte (MEMP)<\/strong>, em parceria com o Sebrae, a Receita Federal e o Serpro, o aplicativo j\u00e1 est\u00e1 dispon\u00edvel para&nbsp;<strong>Android e iOS<\/strong>&nbsp;e \u00e9 integrado ao login&nbsp;<strong><a href=\"http:\/\/gov.br\" target=\"_blank\" rel=\"noopener\">gov.br<\/a><\/strong>, garantindo seguran\u00e7a e acesso unificado \u00e0s informa\u00e7\u00f5es oficiais.<\/p>\n\n\n\n<p>O Meu MEI Digital foi pensado para centralizar tudo o que o microempreendedor precisa no dia a dia. Pelo aplicativo, \u00e9 poss\u00edvel emitir a&nbsp;<strong>Carteira do MEI<\/strong>, consultar e regularizar d\u00e9bitos, alterar dados cadastrais, emitir notas fiscais, acessar o&nbsp;<strong>Domic\u00edlio Tribut\u00e1rio Eletr\u00f4nico (DTE-SN)<\/strong>&nbsp;e acompanhar novas formas de pagamento do&nbsp;<strong>DAS<\/strong>.<\/p>\n\n\n\n<p>A plataforma tamb\u00e9m funciona como um canal de informa\u00e7\u00e3o sobre pol\u00edticas p\u00fablicas voltadas ao setor, permitindo que o empreendedor conhe\u00e7a iniciativas como o&nbsp;<strong>ProCred 360<\/strong>, programa que oferece cr\u00e9dito com juros menores do que os praticados no mercado, al\u00e9m do projeto&nbsp;<strong>MEI Conta com a Gente<\/strong>.<\/p>\n\n\n\n<p>Outro destaque \u00e9 o&nbsp;<strong>Cart\u00e3o MEI<\/strong>, de d\u00e9bito e cr\u00e9dito, oferecido pelo Banco do Brasil sem cobran\u00e7a de anuidade, ampliando o acesso a servi\u00e7os financeiros formais.<\/p>\n\n\n\n<h2 class=\"wp-block-heading\"><strong>Assistente virtual com intelig\u00eancia artificial<\/strong><\/h2>\n\n\n<style>@media (min-width: 992px) {\n    .recomendadorV2Area1 {\n        width: 280px;\n    }\n    .recomendadorV2Area2 {\n        padding: 0px 20px;\n        width: calc(100% - 280px);\n    }\n}\n\n@media (max-width: 992px) {\n    .recomendadorV2Button {\n        margin: 0 auto;\n    }\n    .recomendadorV2Area {\n        flex-direction: column;\n        text-align: center;\n    }\n    .recomendadorV2Area2 {\n        padding: 0px 20px;\n    }\n}\n\n.recomendadorV2Area {\n    background: #eeeeee3d;\n    border-radius: 10px;\n    padding: 15px;\n    display: flex;\n    margin: 15px auto;\n    border: 1px solid #00000014;\n    max-width: 800px;\n}\n\n.recomendadorV2Area1 img {\n    width: 280px;\n    height: auto;\n    border-radius: 8px;\n}\n\n.linkrecomendadorv2 {\n    text-decoration: none !important;\n}\n\n.recomendadorV2Area2 .recomendadorV2Type {\n    text-transform: uppercase;\n    font-weight: 500;\n    font-size: 11px;\n    letter-spacing: 2px;\n    color: #666;\n    margin: 12px 0;\n    display: block;\n}\n\n.recomendadorV2Title h2 {\n    padding-top: 0px !important;\n    margin: 0px !important;\n    border-left: none !important;\n    padding-left: 0px !important;\n    line-height: 1.3;\n    color: #000 !important;\n    font-size: 24px;\n    margin-bottom: 12px !important;\n}\n\n.recomendadorV2Desc {\n    color: #333;\n    margin: 12px 0px !important;\n    font-size: 15px;\n    line-height: 1.5;\n}\n\n.recomendadorV2Button {\n    width: auto;\n    max-width: 200px;\n    margin: 0;\n    display: inline-flex;\n    align-items: center;\n    background: #1D3557;\n    border-radius: 8px;\n    color: #fff;\n    height: 36px;\n    justify-content: center;\n    text-align: center;\n    font-size: 14px;\n    padding: 0 20px;\n    transition: background-color 0.2s ease;\n}\n\n.recomendadorV2Button:hover {\n    background: #2a4d7a;\n}\n\n.recomendadorV2Button:after {\n    margin-top: -2px;\n    content: \"\u2192\";\n    padding: 0px 0px 0px 8px;\n}\n\n.recomendadorV2Alert {\n    text-align: left;\n    font-size: 11px;\n    margin-top: 8px;\n    color: #666;\n}\n\n.recomendadorFixedArea {\n    width: 100%;\n    display: flex;\n    justify-content: center;\n    align-items: center;\n}\n\n@media (min-width: 992px) {\n    #recomendadorFixed {\n        width: 32% !important;\n        left: 5%;\n    }\n    .recomendadorCloseFixed{\n        right: inherit !important;\n        left: 378px !important;\n    }\n}\n\n#recomendadorFixed {\n    width: 90%;\n    box-shadow: 0 10px 20px 0px #00000057;\n    display: none;\n    height: 90px;\n    background: #F6F6F6;\n    position: fixed;\n    flex-direction: row;\n    bottom: 10px;\n    z-index: 9999;\n    border-radius: 16px;\n    padding: 7px 10px;\n}\n\n.recomendadorLeftArea {\n    width: 160px;\n}\n\n.recomendadorRightArea h2 {\n    padding-top: 0px;\n    margin: 2px 0px 4px 0px !important;\n    font-weight: 400;\n    text-align: center;\n    padding-left: 0px !important;\n    color: #000 !important;\n    border-left: none !important;\n    line-height: 20px;\n    font-size: 12px !important;\n}\n\n.recomendadorImgFixed {\n    overflow: hidden;\n    padding: 8px 6px;\n    height: 100%;\n}\n\n.recomendadorImgFixed img {\n    height: 100% !important;\n    border-radius: 16px;\n}\n\n.recomendadorRightArea {\n    padding-top: 6px;\n    display: flex;\n    width: calc(100% - 130px);\n    justify-content: space-between;\n    align-items: center;\n    flex-direction: column;\n}\n\n.recomendadorButtonFixed {\n    margin: 0 auto;\n    background: #1D3557;\n    width: 80%;\n    text-align: center;\n    font-size: 10px;\n    color: #FFF;\n    padding: 2px 10px;\n    border-radius: 3px;\n}\n\n.recomendadorButtonFixed:after {\n    margin-top: -3px;\n    content: \"\u2192\";\n    padding: 0px 0px 0px 10px;\n}\n\n.recomendadorAlertFixed {\n    font-weight: 400;\n    text-align: center;\n    color: #484848;\n    font-size: 8px;\n}\n\n.recomendadorCloseFixed {\n    z-index: 99999;\n    display: none;\n    right: 0px;\n    left: inherit;\n    bottom: 99px;\n    position: fixed;\n    justify-content: center;\n    background: #F6F6F6;\n    width: 25px;\n    align-items: center;\n    height: 25px;\n    font-weight: 800;\n    border-radius: 50%;\n    border: 1px solid #EBEBEB;\n}\n\n.recomendadorV2Desc{\n    color: #000000;\n    margin: 20px 0px;\n}\n\n@media (max-width: 576px) {\n    .recomendadorV2Area {\n      padding: 10px;\n      max-width: 100%;\n    }\n  \n    .recomendadorV2Area1 img {\n      width: 100%;\n      border-radius: 6px;\n    }\n  \n    .recomendadorV2Area2 .recomendadorV2Type {\n      font-size: 9px;\n      letter-spacing: 1px;\n      margin: 8px 0;\n    }\n  \n    .recomendadorV2Title h2 {\n      font-size: 18px !important;\n      margin-bottom: 8px !important;\n      line-height: 1.2;\n    }\n  \n    .recomendadorV2Desc {\n      font-size: 14px;\n      margin: 8px 0 !important;\n      line-height: 1.4;\n    }\n  \n    .recomendadorV2Button {\n      font-size: 14px;\n      height: 40px;\n      padding: 0 12px;\n      max-width: 100%;\n      width: 100%;\n    }\n  \n    .recomendadorV2Button:after {\n      padding-left: 6px;\n    }\n  }\n  <\/style>\n        <div class=\"lazyblock-recomendador-v2-2jDGz wp-block-lazyblock-recomendador-v2\">\n        <a class=\"linkrecomendadorv2\" href=\"https:\/\/diariodocomercio.com.br\/mix\/quem-mora-de-aluguel-agora-podera-comprar-o-imovel-com-o-dinheiro-da-locacao\/?utm_source=lazy\">\n            <div class=\"recomendadorV2Area\">\n            <div class=\"recomendadorV2Area1\">\n                <div class=\"recomendadorV2Img\">\n                <img class=\"lazyloaded\" decoding=\"async\" src=\"https:\/\/diariodocomercio.com.br\/mix\/wp-content\/uploads\/2025\/04\/casa-750x375.jpg\" data-src=\"https:\/\/diariodocomercio.com.br\/mix\/wp-content\/uploads\/2025\/04\/casa-750x375.jpg\" alt=\"\">\n                <\/div>\n            <\/div>\n            <div class=\"recomendadorV2Area2\">\n                <div class=\"recomendadorV2Type\">\n                    <span>Casa pr\u00f3pria<\/span>\n                <\/div>\n                <div class=\"recomendadorV2Title\">\n                <h2><span>Aluguel vira compra \ud83c\udfe0<\/span><\/h2>\n                <\/div>\n                <div class=\"recomendadorV2Desc\">\n                <span>Inquilinos podem comprar usando a loca\u00e7\u00e3o<\/span>\n                <\/div>\n                <div class=\"recomendadorV2Button\">Veja como funciona<\/div>\n                <div class=\"recomendadorV2Alert\"><\/div>\n            <\/div>\n            <\/div>\n        <\/a>\n        <div>\n            <div style=\"z-index:99999;\" id=\"buttonClose\" onclick=\"closeRecomendadorFixed()\">\n            <div class=\"recomendadorCloseFixed\">X<\/div>\n            <\/div>\n            <a href=\"https:\/\/diariodocomercio.com.br\/mix\/quem-mora-de-aluguel-agora-podera-comprar-o-imovel-com-o-dinheiro-da-locacao\/?utm_source=lazy\">\n            <div class=\"recomendadorFixedArea\">\n                <div id=\"recomendadorFixed\">\n                <div class=\"recomendadorLeftArea\">\n                    <div class=\"recomendadorImgFixed\">\n                    <img class=\"lazyload\" decoding=\"async\" src=\"https:\/\/diariodocomercio.com.br\/mix\/wp-content\/uploads\/2025\/04\/casa-750x375.jpg\" alt=\"\">\n                    <\/div>\n                <\/div>\n                <div class=\"recomendadorRightArea\">\n                    <div class=\"recomendadorTitleFixed\">\n                    <h2><span>Aluguel vira compra \ud83c\udfe0<\/span><\/h2>\n                    <\/div>\n                    <div class=\"recomendadorButtonFixed\">Veja como funciona<\/div>\n                    <div class=\"recomendadorAlertFixed\"><\/div>\n                <\/div>\n                <\/div>\n            <\/div>\n            <\/a>\n        <\/div>\n        <\/div>\n\n\n\n<p>Um dos diferenciais do aplicativo \u00e9 a presen\u00e7a da&nbsp;<strong>\u201cMeire\u201d<\/strong>, uma assistente virtual com tecnologia de intelig\u00eancia artificial. O chatbot responde d\u00favidas em tempo real, orienta sobre prazos, direitos e obriga\u00e7\u00f5es legais, al\u00e9m de sugerir capacita\u00e7\u00f5es e caminhos de crescimento de acordo com o perfil de cada neg\u00f3cio.<\/p>\n\n\n\n<p>O app tamb\u00e9m traz alertas contra golpes, com informa\u00e7\u00f5es oficiais e atualizadas, e oferece acesso direto a orienta\u00e7\u00f5es sobre o&nbsp;<strong>Cad\u00danico<\/strong>&nbsp;e programas sociais, como o&nbsp;<strong>Bolsa Fam\u00edlia<\/strong>, ampliando a rede de apoio aos microempreendedores.<\/p>\n\n\n\n<p>Com mais de&nbsp;<strong>16 milh\u00f5es de MEIs ativos no pa\u00eds<\/strong>, o Meu MEI Digital surge como uma ferramenta estrat\u00e9gica para fortalecer o empreendedorismo, reduzir burocracias e aproximar o pequeno neg\u00f3cio das pol\u00edticas p\u00fablicas. Um presente que chega em forma de tecnologia, informa\u00e7\u00e3o e oportunidade.<\/p>\n","protected":false},"excerpt":{"rendered":"<p>Empreender no Brasil exige jogo de cintura, organiza\u00e7\u00e3o e acesso r\u00e1pido \u00e0 informa\u00e7\u00e3o. Pensando nisso, o Governo Federal lan\u00e7ou o&nbsp;Meu MEI Digital, um aplicativo gratuito que promete simplificar a rotina dos microempreendedores individuais. A nova ferramenta re\u00fane, em um \u00fanico ambiente, todos os principais servi\u00e7os do Portal do Empreendedor e passa a funcionar como um [&hellip;]<\/p>\n","protected":false},"author":9,"featured_media":6299,"comment_status":"closed","ping_status":"closed","sticky":false,"template":"","format":"standard","meta":{"jnews-multi-image_gallery":[],"jnews_single_post":{"format":"standard"},"jnews_primary_category":[],"jnews_social_meta":[],"jnews_override_counter":[],"jnews_post_split":[],"footnotes":""},"categories":[1],"tags":[],"class_list":["post-33611","post","type-post","status-publish","format-standard","has-post-thumbnail","hentry","category-geral"],"_referencia":"","_links":{"self":[{"href":"https:\/\/diariodocomercio.com.br\/mix\/wp-json\/wp\/v2\/posts\/33611","targetHints":{"allow":["GET"]}}],"collection":[{"href":"https:\/\/diariodocomercio.com.br\/mix\/wp-json\/wp\/v2\/posts"}],"about":[{"href":"https:\/\/diariodocomercio.com.br\/mix\/wp-json\/wp\/v2\/types\/post"}],"author":[{"embeddable":true,"href":"https:\/\/diariodocomercio.com.br\/mix\/wp-json\/wp\/v2\/users\/9"}],"replies":[{"embeddable":true,"href":"https:\/\/diariodocomercio.com.br\/mix\/wp-json\/wp\/v2\/comments?post=33611"}],"version-history":[{"count":3,"href":"https:\/\/diariodocomercio.com.br\/mix\/wp-json\/wp\/v2\/posts\/33611\/revisions"}],"predecessor-version":[{"id":33693,"href":"https:\/\/diariodocomercio.com.br\/mix\/wp-json\/wp\/v2\/posts\/33611\/revisions\/33693"}],"wp:featuredmedia":[{"embeddable":true,"href":"https:\/\/diariodocomercio.com.br\/mix\/wp-json\/wp\/v2\/media\/6299"}],"wp:attachment":[{"href":"https:\/\/diariodocomercio.com.br\/mix\/wp-json\/wp\/v2\/media?parent=33611"}],"wp:term":[{"taxonomy":"category","embeddable":true,"href":"https:\/\/diariodocomercio.com.br\/mix\/wp-json\/wp\/v2\/categories?post=33611"},{"taxonomy":"post_tag","embeddable":true,"href":"https:\/\/diariodocomercio.com.br\/mix\/wp-json\/wp\/v2\/tags?post=33611"}],"curies":[{"name":"wp","href":"https:\/\/api.w.org\/{rel}","templated":true}]}}