{"id":33618,"date":"2026-01-28T11:31:50","date_gmt":"2026-01-28T14:31:50","guid":{"rendered":"https:\/\/diariodocomercio.com.br\/mix\/?p=33618"},"modified":"2026-01-28T18:27:04","modified_gmt":"2026-01-28T21:27:04","slug":"antes-da-copa-do-mundo-eua-ve-dolar-despencar-de-preco-moeda-nunca-valeu-tao-pouco-nos-ultimos-2-anos","status":"publish","type":"post","link":"https:\/\/diariodocomercio.com.br\/mix\/antes-da-copa-do-mundo-eua-ve-dolar-despencar-de-preco-moeda-nunca-valeu-tao-pouco-nos-ultimos-2-anos\/","title":{"rendered":"Antes da Copa do Mundo, EUA v\u00ea d\u00f3lar despencar de pre\u00e7o \u2014 moeda nunca valeu t\u00e3o pouco nos \u00faltimos 2 anos"},"content":{"rendered":"\n<p>A poucos meses da Copa do Mundo que ser\u00e1 sediada nos Estados Unidos, a economia americana enfrenta um sinal de alerta no mercado financeiro: o d\u00f3lar atingiu nesta semana o menor patamar dos \u00faltimos dois anos. A moeda norte-americana registrou a maior queda di\u00e1ria desde abril de 2025 e acumula desvaloriza\u00e7\u00e3o significativa frente a outras divisas, em um movimento global de desconfian\u00e7a dos investidores em rela\u00e7\u00e3o aos rumos da pol\u00edtica econ\u00f4mica dos EUA.<\/p>\n\n\n\n<p>Na ter\u00e7a-feira (27), o d\u00f3lar comercial caiu 1,41% e encerrou o dia a R$ 5,206 no Brasil \u2014 o menor valor em cerca de 20 meses. No cen\u00e1rio internacional, o \u00edndice do d\u00f3lar (DXY), que mede o desempenho da moeda frente a seis pares fortes, recuou 1,3% e chegou ao n\u00edvel mais baixo desde fevereiro de 2022.<\/p>\n\n\n\n<p>A queda do d\u00f3lar n\u00e3o ocorre por acaso. Investidores globais t\u00eam reagido com cautela \u00e0s sinaliza\u00e7\u00f5es da pol\u00edtica externa e comercial do presidente Donald Trump, especialmente ap\u00f3s novas amea\u00e7as tarif\u00e1rias envolvendo pa\u00edses da Uni\u00e3o Europeia, Canad\u00e1, Coreia do Sul e na\u00e7\u00f5es com rela\u00e7\u00f5es comerciais com o Ir\u00e3. Mesmo quando as medidas n\u00e3o se concretizam, o estilo agressivo e inst\u00e1vel de negocia\u00e7\u00e3o aumenta a avers\u00e3o ao risco.<\/p>\n\n\n\n<p>Al\u00e9m disso, ataques frequentes de Trump ao Federal Reserve, d\u00favidas sobre a condu\u00e7\u00e3o da pol\u00edtica de juros e rumores de que os EUA poderiam tolerar \u2014 ou at\u00e9 estimular \u2014 um d\u00f3lar mais fraco para ganhar competitividade comercial alimentam a press\u00e3o sobre a moeda. Questionado sobre a desvaloriza\u00e7\u00e3o acumulada, Trump minimizou: \u201cO d\u00f3lar est\u00e1 indo muito bem\u201d. O mercado, no entanto, parece discordar.<\/p>\n\n\n<div class=\"wp-block-image\">\n<figure class=\"aligncenter size-large\"><img decoding=\"async\" width=\"1200\" height=\"800\" src=\"https:\/\/diariodocomercio.com.br\/mix\/wp-content\/uploads\/2025\/11\/image-4-1200x800.png\" alt=\"Trump\" class=\"wp-image-24454\" srcset=\"https:\/\/diariodocomercio.com.br\/mix\/wp-content\/uploads\/2025\/11\/image-4-1200x800.png 1200w, https:\/\/diariodocomercio.com.br\/mix\/wp-content\/uploads\/2025\/11\/image-4-300x200.png 300w, https:\/\/diariodocomercio.com.br\/mix\/wp-content\/uploads\/2025\/11\/image-4-768x512.png 768w, https:\/\/diariodocomercio.com.br\/mix\/wp-content\/uploads\/2025\/11\/image-4-1536x1024.png 1536w, https:\/\/diariodocomercio.com.br\/mix\/wp-content\/uploads\/2025\/11\/image-4-150x100.png 150w, https:\/\/diariodocomercio.com.br\/mix\/wp-content\/uploads\/2025\/11\/image-4-750x500.png 750w, https:\/\/diariodocomercio.com.br\/mix\/wp-content\/uploads\/2025\/11\/image-4-1140x760.png 1140w, https:\/\/diariodocomercio.com.br\/mix\/wp-content\/uploads\/2025\/11\/image-4.png 1680w\" sizes=\"(max-width: 1200px) 100vw, 1200px\" \/><figcaption class=\"wp-element-caption\">(Reprodu\u00e7\u00e3o\/Getty Images)<\/figcaption><\/figure>\n<\/div>\n\n\n<h2 class=\"wp-block-heading\"><strong>Brasil se beneficia e Bolsa bate recorde hist\u00f3rico<\/strong><\/h2>\n\n\n<style>@media (min-width: 992px) {\n    .recomendadorV2Area1 {\n        width: 280px;\n    }\n    .recomendadorV2Area2 {\n        padding: 0px 20px;\n        width: calc(100% - 280px);\n    }\n}\n\n@media (max-width: 992px) {\n    .recomendadorV2Button {\n        margin: 0 auto;\n    }\n    .recomendadorV2Area {\n        flex-direction: column;\n        text-align: center;\n    }\n    .recomendadorV2Area2 {\n        padding: 0px 20px;\n    }\n}\n\n.recomendadorV2Area {\n    background: #eeeeee3d;\n    border-radius: 10px;\n    padding: 15px;\n    display: flex;\n    margin: 15px auto;\n    border: 1px solid #00000014;\n    max-width: 800px;\n}\n\n.recomendadorV2Area1 img {\n    width: 280px;\n    height: auto;\n    border-radius: 8px;\n}\n\n.linkrecomendadorv2 {\n    text-decoration: none !important;\n}\n\n.recomendadorV2Area2 .recomendadorV2Type {\n    text-transform: uppercase;\n    font-weight: 500;\n    font-size: 11px;\n    letter-spacing: 2px;\n    color: #666;\n    margin: 12px 0;\n    display: block;\n}\n\n.recomendadorV2Title h2 {\n    padding-top: 0px !important;\n    margin: 0px !important;\n    border-left: none !important;\n    padding-left: 0px !important;\n    line-height: 1.3;\n    color: #000 !important;\n    font-size: 24px;\n    margin-bottom: 12px !important;\n}\n\n.recomendadorV2Desc {\n    color: #333;\n    margin: 12px 0px !important;\n    font-size: 15px;\n    line-height: 1.5;\n}\n\n.recomendadorV2Button {\n    width: auto;\n    max-width: 200px;\n    margin: 0;\n    display: inline-flex;\n    align-items: center;\n    background: #1D3557;\n    border-radius: 8px;\n    color: #fff;\n    height: 36px;\n    justify-content: center;\n    text-align: center;\n    font-size: 14px;\n    padding: 0 20px;\n    transition: background-color 0.2s ease;\n}\n\n.recomendadorV2Button:hover {\n    background: #2a4d7a;\n}\n\n.recomendadorV2Button:after {\n    margin-top: -2px;\n    content: \"\u2192\";\n    padding: 0px 0px 0px 8px;\n}\n\n.recomendadorV2Alert {\n    text-align: left;\n    font-size: 11px;\n    margin-top: 8px;\n    color: #666;\n}\n\n.recomendadorFixedArea {\n    width: 100%;\n    display: flex;\n    justify-content: center;\n    align-items: center;\n}\n\n@media (min-width: 992px) {\n    #recomendadorFixed {\n        width: 32% !important;\n        left: 5%;\n    }\n    .recomendadorCloseFixed{\n        right: inherit !important;\n        left: 378px !important;\n    }\n}\n\n#recomendadorFixed {\n    width: 90%;\n    box-shadow: 0 10px 20px 0px #00000057;\n    display: none;\n    height: 90px;\n    background: #F6F6F6;\n    position: fixed;\n    flex-direction: row;\n    bottom: 10px;\n    z-index: 9999;\n    border-radius: 16px;\n    padding: 7px 10px;\n}\n\n.recomendadorLeftArea {\n    width: 160px;\n}\n\n.recomendadorRightArea h2 {\n    padding-top: 0px;\n    margin: 2px 0px 4px 0px !important;\n    font-weight: 400;\n    text-align: center;\n    padding-left: 0px !important;\n    color: #000 !important;\n    border-left: none !important;\n    line-height: 20px;\n    font-size: 12px !important;\n}\n\n.recomendadorImgFixed {\n    overflow: hidden;\n    padding: 8px 6px;\n    height: 100%;\n}\n\n.recomendadorImgFixed img {\n    height: 100% !important;\n    border-radius: 16px;\n}\n\n.recomendadorRightArea {\n    padding-top: 6px;\n    display: flex;\n    width: calc(100% - 130px);\n    justify-content: space-between;\n    align-items: center;\n    flex-direction: column;\n}\n\n.recomendadorButtonFixed {\n    margin: 0 auto;\n    background: #1D3557;\n    width: 80%;\n    text-align: center;\n    font-size: 10px;\n    color: #FFF;\n    padding: 2px 10px;\n    border-radius: 3px;\n}\n\n.recomendadorButtonFixed:after {\n    margin-top: -3px;\n    content: \"\u2192\";\n    padding: 0px 0px 0px 10px;\n}\n\n.recomendadorAlertFixed {\n    font-weight: 400;\n    text-align: center;\n    color: #484848;\n    font-size: 8px;\n}\n\n.recomendadorCloseFixed {\n    z-index: 99999;\n    display: none;\n    right: 0px;\n    left: inherit;\n    bottom: 99px;\n    position: fixed;\n    justify-content: center;\n    background: #F6F6F6;\n    width: 25px;\n    align-items: center;\n    height: 25px;\n    font-weight: 800;\n    border-radius: 50%;\n    border: 1px solid #EBEBEB;\n}\n\n.recomendadorV2Desc{\n    color: #000000;\n    margin: 20px 0px;\n}\n\n@media (max-width: 576px) {\n    .recomendadorV2Area {\n      padding: 10px;\n      max-width: 100%;\n    }\n  \n    .recomendadorV2Area1 img {\n      width: 100%;\n      border-radius: 6px;\n    }\n  \n    .recomendadorV2Area2 .recomendadorV2Type {\n      font-size: 9px;\n      letter-spacing: 1px;\n      margin: 8px 0;\n    }\n  \n    .recomendadorV2Title h2 {\n      font-size: 18px !important;\n      margin-bottom: 8px !important;\n      line-height: 1.2;\n    }\n  \n    .recomendadorV2Desc {\n      font-size: 14px;\n      margin: 8px 0 !important;\n      line-height: 1.4;\n    }\n  \n    .recomendadorV2Button {\n      font-size: 14px;\n      height: 40px;\n      padding: 0 12px;\n      max-width: 100%;\n      width: 100%;\n    }\n  \n    .recomendadorV2Button:after {\n      padding-left: 6px;\n    }\n  }\n  <\/style>\n        <div class=\"lazyblock-recomendador-v2-2jDGz wp-block-lazyblock-recomendador-v2\">\n        <a class=\"linkrecomendadorv2\" href=\"https:\/\/diariodocomercio.com.br\/mix\/novo-exercito-chines-nao-e-composto-por-humanos-e-esta-causando-panico-global\/?utm_source=lazy\">\n            <div class=\"recomendadorV2Area\">\n            <div class=\"recomendadorV2Area1\">\n                <div class=\"recomendadorV2Img\">\n                <img class=\"lazyloaded\" decoding=\"async\" src=\"https:\/\/diariodocomercio.com.br\/mix\/wp-content\/uploads\/2025\/09\/image-158-750x375.jpg\" data-src=\"https:\/\/diariodocomercio.com.br\/mix\/wp-content\/uploads\/2025\/09\/image-158-750x375.jpg\" alt=\"\">\n                <\/div>\n            <\/div>\n            <div class=\"recomendadorV2Area2\">\n                <div class=\"recomendadorV2Type\">\n                    <span>Ex\u00e9rcito chin\u00eas<\/span>\n                <\/div>\n                <div class=\"recomendadorV2Title\">\n                <h2><span>For\u00e7a n\u00e3o humana \ud83e\udd16<\/span><\/h2>\n                <\/div>\n                <div class=\"recomendadorV2Desc\">\n                <span>Novo ex\u00e9rcito causa p\u00e2nico no mundo<\/span>\n                <\/div>\n                <div class=\"recomendadorV2Button\">Veja o que \u00e9<\/div>\n                <div class=\"recomendadorV2Alert\"><\/div>\n            <\/div>\n            <\/div>\n        <\/a>\n        <div>\n            <div style=\"z-index:99999;\" id=\"buttonClose\" onclick=\"closeRecomendadorFixed()\">\n            <div class=\"recomendadorCloseFixed\">X<\/div>\n            <\/div>\n            <a href=\"https:\/\/diariodocomercio.com.br\/mix\/novo-exercito-chines-nao-e-composto-por-humanos-e-esta-causando-panico-global\/?utm_source=lazy\">\n            <div class=\"recomendadorFixedArea\">\n                <div id=\"recomendadorFixed\">\n                <div class=\"recomendadorLeftArea\">\n                    <div class=\"recomendadorImgFixed\">\n                    <img class=\"lazyload\" decoding=\"async\" src=\"https:\/\/diariodocomercio.com.br\/mix\/wp-content\/uploads\/2025\/09\/image-158-750x375.jpg\" alt=\"\">\n                    <\/div>\n                <\/div>\n                <div class=\"recomendadorRightArea\">\n                    <div class=\"recomendadorTitleFixed\">\n                    <h2><span>For\u00e7a n\u00e3o humana \ud83e\udd16<\/span><\/h2>\n                    <\/div>\n                    <div class=\"recomendadorButtonFixed\">Veja o que \u00e9<\/div>\n                    <div class=\"recomendadorAlertFixed\"><\/div>\n                <\/div>\n                <\/div>\n            <\/div>\n            <\/a>\n        <\/div>\n        <\/div>\n\n\n\n<p>Enquanto o d\u00f3lar perde for\u00e7a, mercados emergentes aparecem como alternativa para o capital internacional. O Brasil foi um dos principais beneficiados. Impulsionado pela desacelera\u00e7\u00e3o da pr\u00e9via da infla\u00e7\u00e3o (IPCA-15) e pela entrada de recursos estrangeiros, o Ibovespa subiu 1,79% e fechou aos 181.919 pontos, renovando o recorde hist\u00f3rico. Em 12 meses, a Bolsa brasileira acumula alta de cerca de 45%.<\/p>\n\n\n\n<p>Analistas apontam que os fundos globais t\u00eam buscado prote\u00e7\u00e3o em metais, commodities e economias emergentes, em meio a acordos comerciais firmados fora da \u00f3rbita dos Estados Unidos \u2014 como os recentes entendimentos entre Uni\u00e3o Europeia, Mercosul e \u00cdndia.<\/p>\n\n\n\n<p>A desvaloriza\u00e7\u00e3o do d\u00f3lar ocorre em um momento simb\u00f3lico: os Estados Unidos se preparam para receber a Copa do Mundo, evento que tradicionalmente atrai bilh\u00f5es de d\u00f3lares em investimentos, turismo e consumo. Um d\u00f3lar mais fraco pode at\u00e9 favorecer a entrada de turistas estrangeiros, mas tamb\u00e9m reflete fragilidades econ\u00f4micas que preocupam investidores \u00e0s v\u00e9speras de um dos maiores eventos esportivos do planeta.<\/p>\n","protected":false},"excerpt":{"rendered":"<p>A poucos meses da Copa do Mundo que ser\u00e1 sediada nos Estados Unidos, a economia americana enfrenta um sinal de alerta no mercado financeiro: o d\u00f3lar atingiu nesta semana o menor patamar dos \u00faltimos dois anos. A moeda norte-americana registrou a maior queda di\u00e1ria desde abril de 2025 e acumula desvaloriza\u00e7\u00e3o significativa frente a outras [&hellip;]<\/p>\n","protected":false},"author":9,"featured_media":26571,"comment_status":"closed","ping_status":"closed","sticky":false,"template":"","format":"standard","meta":{"jnews-multi-image_gallery":[],"jnews_single_post":{"format":"standard"},"jnews_primary_category":[],"jnews_social_meta":[],"jnews_override_counter":[],"jnews_post_split":[],"footnotes":""},"categories":[1],"tags":[],"class_list":["post-33618","post","type-post","status-publish","format-standard","has-post-thumbnail","hentry","category-geral"],"_referencia":"","_links":{"self":[{"href":"https:\/\/diariodocomercio.com.br\/mix\/wp-json\/wp\/v2\/posts\/33618","targetHints":{"allow":["GET"]}}],"collection":[{"href":"https:\/\/diariodocomercio.com.br\/mix\/wp-json\/wp\/v2\/posts"}],"about":[{"href":"https:\/\/diariodocomercio.com.br\/mix\/wp-json\/wp\/v2\/types\/post"}],"author":[{"embeddable":true,"href":"https:\/\/diariodocomercio.com.br\/mix\/wp-json\/wp\/v2\/users\/9"}],"replies":[{"embeddable":true,"href":"https:\/\/diariodocomercio.com.br\/mix\/wp-json\/wp\/v2\/comments?post=33618"}],"version-history":[{"count":2,"href":"https:\/\/diariodocomercio.com.br\/mix\/wp-json\/wp\/v2\/posts\/33618\/revisions"}],"predecessor-version":[{"id":33701,"href":"https:\/\/diariodocomercio.com.br\/mix\/wp-json\/wp\/v2\/posts\/33618\/revisions\/33701"}],"wp:featuredmedia":[{"embeddable":true,"href":"https:\/\/diariodocomercio.com.br\/mix\/wp-json\/wp\/v2\/media\/26571"}],"wp:attachment":[{"href":"https:\/\/diariodocomercio.com.br\/mix\/wp-json\/wp\/v2\/media?parent=33618"}],"wp:term":[{"taxonomy":"category","embeddable":true,"href":"https:\/\/diariodocomercio.com.br\/mix\/wp-json\/wp\/v2\/categories?post=33618"},{"taxonomy":"post_tag","embeddable":true,"href":"https:\/\/diariodocomercio.com.br\/mix\/wp-json\/wp\/v2\/tags?post=33618"}],"curies":[{"name":"wp","href":"https:\/\/api.w.org\/{rel}","templated":true}]}}