{"id":33620,"date":"2026-01-31T11:12:00","date_gmt":"2026-01-31T14:12:00","guid":{"rendered":"https:\/\/diariodocomercio.com.br\/mix\/?p=33620"},"modified":"2026-01-28T11:53:56","modified_gmt":"2026-01-28T14:53:56","slug":"brasileiros-agora-podem-estudar-em-26-universidades-de-portugal-com-a-nota-do-enem","status":"publish","type":"post","link":"https:\/\/diariodocomercio.com.br\/mix\/brasileiros-agora-podem-estudar-em-26-universidades-de-portugal-com-a-nota-do-enem\/","title":{"rendered":"Brasileiros agora podem estudar em 26 universidades de Portugal com a nota do Enem"},"content":{"rendered":"\n<p>Com a divulga\u00e7\u00e3o das notas do Exame Nacional do Ensino M\u00e9dio (Enem), estudantes brasileiros ganharam uma nova porta de entrada para o ensino superior no exterior. Desde 2014, um acordo firmado entre o Instituto Nacional de Estudos e Pesquisas Educacionais An\u00edsio Teixeira (Inep) e universidades portuguesas permite que a pontua\u00e7\u00e3o do Enem seja utilizada diretamente nos processos seletivos de gradua\u00e7\u00e3o em Portugal.<\/p>\n\n\n\n<p>Atualmente, 26 institui\u00e7\u00f5es de ensino superior mant\u00eam conv\u00eanio formal com o Inep, possibilitando que brasileiros concorram a vagas sem a necessidade de realizar vestibulares locais. Al\u00e9m disso, outras universidades portuguesas, mesmo sem acordo oficial, tamb\u00e9m aceitam o Enem, adotando crit\u00e9rios pr\u00f3prios de avalia\u00e7\u00e3o.<\/p>\n\n\n\n<p>De modo geral, as universidades portuguesas utilizam a escala de 0 a 200 pontos. Para isso, a nota do Enem \u2014 que vai de 0 a 1.000 \u2014 \u00e9 convertida pela divis\u00e3o por cinco. Em alguns cursos, especialmente nas \u00e1reas de exatas, sa\u00fade ou engenharia, determinadas provas do Enem podem ter peso maior no c\u00e1lculo final.<\/p>\n\n\n\n<p>As regras de elegibilidade tamb\u00e9m seguem crit\u00e9rios espec\u00edficos. Normalmente, s\u00f3 podem concorrer estudantes que n\u00e3o possuam nacionalidade portuguesa ou de outro pa\u00eds da Uni\u00e3o Europeia, nem v\u00ednculo familiar direto com cidad\u00e3os europeus.<\/p>\n\n\n\n<p>Segundo dados do Minist\u00e9rio da Educa\u00e7\u00e3o de Portugal, brasileiros formam hoje a maior comunidade internacional no ensino superior do pa\u00eds, com cerca de 19 mil estudantes matriculados.<\/p>\n\n\n\n<h2 class=\"wp-block-heading\"><strong>Lista de universidades portuguesas que aceitam o Enem<\/strong><\/h2>\n\n\n\n<p>Entre as institui\u00e7\u00f5es que mant\u00eam conv\u00eanio com o Inep est\u00e3o algumas das mais tradicionais de Portugal, como:<\/p>\n\n\n\n<ul class=\"wp-block-list\">\n<li>Universidade de Coimbra<\/li>\n\n\n\n<li>Universidade do Porto<\/li>\n\n\n\n<li>Universidade de Lisboa<\/li>\n\n\n\n<li>Universidade Nova de Lisboa<\/li>\n\n\n\n<li>Universidade do Minho<\/li>\n\n\n\n<li>Universidade de Aveiro<\/li>\n\n\n\n<li>Universidade de \u00c9vora<\/li>\n\n\n\n<li>Universidade do Algarve<\/li>\n\n\n\n<li>Universidade da Beira Interior<\/li>\n<\/ul>\n\n\n\n<p>Al\u00e9m delas, diversos institutos polit\u00e9cnicos e universidades privadas tamb\u00e9m participam do acordo, ampliando o leque de op\u00e7\u00f5es para os candidatos brasileiros.<\/p>\n\n\n\n<h2 class=\"wp-block-heading\"><strong>Aten\u00e7\u00e3o aos prazos e exig\u00eancias<\/strong><\/h2>\n\n\n\n<p>Os prazos de candidatura variam de acordo com cada institui\u00e7\u00e3o e curso. Especialistas recomendam que os estudantes iniciem o processo o quanto antes, j\u00e1 que a inscri\u00e7\u00e3o antecipada facilita o planejamento financeiro, a organiza\u00e7\u00e3o de documentos e a busca por moradia.<\/p>\n\n\n\n<p>Para confirmar se o Enem \u00e9 utilizado como crit\u00e9rio principal ou complementar, a orienta\u00e7\u00e3o \u00e9 consultar diretamente o site da universidade desejada, na \u00e1rea de \u201cadmission requirements\u201d ou \u201cundergraduate courses\u201d, onde constam prazos, documentos exigidos e regras espec\u00edficas para candidatos estrangeiros.<\/p>\n\n\n\n<p>Al\u00e9m de Portugal, pa\u00edses como Estados Unidos, Canad\u00e1, Reino Unido, Irlanda, It\u00e1lia, Espanha e Fran\u00e7a tamb\u00e9m aceitam a nota do Enem, total ou parcialmente, refor\u00e7ando o exame brasileiro como um passaporte acad\u00eamico cada vez mais reconhecido no cen\u00e1rio internacional.<\/p>\n","protected":false},"excerpt":{"rendered":"<p>Com a divulga\u00e7\u00e3o das notas do Exame Nacional do Ensino M\u00e9dio (Enem), estudantes brasileiros ganharam uma nova porta de entrada para o ensino superior no exterior. Desde 2014, um acordo firmado entre o Instituto Nacional de Estudos e Pesquisas Educacionais An\u00edsio Teixeira (Inep) e universidades portuguesas permite que a pontua\u00e7\u00e3o do Enem seja utilizada diretamente [&hellip;]<\/p>\n","protected":false},"author":9,"featured_media":33621,"comment_status":"closed","ping_status":"closed","sticky":false,"template":"","format":"standard","meta":{"jnews-multi-image_gallery":[],"jnews_single_post":{"format":"standard"},"jnews_primary_category":[],"jnews_social_meta":[],"jnews_override_counter":[],"jnews_post_split":[],"footnotes":""},"categories":[1],"tags":[],"class_list":["post-33620","post","type-post","status-publish","format-standard","has-post-thumbnail","hentry","category-geral"],"_referencia":"","_links":{"self":[{"href":"https:\/\/diariodocomercio.com.br\/mix\/wp-json\/wp\/v2\/posts\/33620","targetHints":{"allow":["GET"]}}],"collection":[{"href":"https:\/\/diariodocomercio.com.br\/mix\/wp-json\/wp\/v2\/posts"}],"about":[{"href":"https:\/\/diariodocomercio.com.br\/mix\/wp-json\/wp\/v2\/types\/post"}],"author":[{"embeddable":true,"href":"https:\/\/diariodocomercio.com.br\/mix\/wp-json\/wp\/v2\/users\/9"}],"replies":[{"embeddable":true,"href":"https:\/\/diariodocomercio.com.br\/mix\/wp-json\/wp\/v2\/comments?post=33620"}],"version-history":[{"count":1,"href":"https:\/\/diariodocomercio.com.br\/mix\/wp-json\/wp\/v2\/posts\/33620\/revisions"}],"predecessor-version":[{"id":33622,"href":"https:\/\/diariodocomercio.com.br\/mix\/wp-json\/wp\/v2\/posts\/33620\/revisions\/33622"}],"wp:featuredmedia":[{"embeddable":true,"href":"https:\/\/diariodocomercio.com.br\/mix\/wp-json\/wp\/v2\/media\/33621"}],"wp:attachment":[{"href":"https:\/\/diariodocomercio.com.br\/mix\/wp-json\/wp\/v2\/media?parent=33620"}],"wp:term":[{"taxonomy":"category","embeddable":true,"href":"https:\/\/diariodocomercio.com.br\/mix\/wp-json\/wp\/v2\/categories?post=33620"},{"taxonomy":"post_tag","embeddable":true,"href":"https:\/\/diariodocomercio.com.br\/mix\/wp-json\/wp\/v2\/tags?post=33620"}],"curies":[{"name":"wp","href":"https:\/\/api.w.org\/{rel}","templated":true}]}}